{"id":3272,"date":"2020-04-28T08:24:33","date_gmt":"2020-04-28T11:24:33","guid":{"rendered":"https:\/\/sincomavi.org.br\/?p=3272"},"modified":"2020-04-28T10:10:18","modified_gmt":"2020-04-28T13:10:18","slug":"regras-para-pagamento-do-beneficio-emergencial-mp-936","status":"publish","type":"post","link":"https:\/\/sincomavi.org.br\/?p=3272","title":{"rendered":"Regras para pagamento do benef\u00edcio emergencial (MP 936)"},"content":{"rendered":"\n<p>28\/04\/2020 | Foi publicada, em 24 de abril, no Di\u00e1rio Oficial da Uni\u00e3o, a\u00a0Portaria n\u00ba 10.486, de 22 de abril de 2020, editando regras relativas ao processamento e pagamento do Benef\u00edcio Emergencial de que trata a Medida Provis\u00f3ria n\u00ba 936, de 1\u00ba de abril de 2020. \u00a0A norma estabelece crit\u00e9rios e procedimentos relacionados ao envio e\u00a0recebimento de informa\u00e7\u00f5es, concess\u00e3o e pagamento do Benef\u00edcio Emergencial de Manuten\u00e7\u00e3o do Emprego e da Renda no decorrer do estado de calamidade p\u00fablica reconhecido pelo Decreto Legislativo n\u00ba 6, de 20 de mar\u00e7o de 2020.<\/p>\n\n\n\n<h2 class=\"wp-block-heading\">Da concess\u00e3o do Benef\u00edcio Emergencial<\/h2>\n\n\n\n<p>Ser\u00e1 concedido aos\nempregados que pactuarem com os seus empregadores a redu\u00e7\u00e3o proporcional de\njornada de trabalho e de sal\u00e1rio ou a suspens\u00e3o tempor\u00e1ria do contrato de\ntrabalho durante o estado de calamidade p\u00fablica.<\/p>\n\n\n\n<h2 class=\"wp-block-heading\">Da n\u00e3o concess\u00e3o do Benef\u00edcio Emergencial<\/h2>\n\n\n\n<p>N\u00e3o ser\u00e1 concedido o\nbenef\u00edcio para aquele empregado que tiver o contrato de trabalho celebrado ap\u00f3s\no dia 1\u00ba de abril de 2020 e informado no e-social at\u00e9 2 de abril de 2020, ou\nseja, os empregados admitidos na vig\u00eancia da MP 936 n\u00e3o poder\u00e3o ter sua\nremunera\u00e7\u00e3o reduzida e tampouco suspenso o seu contrato de trabalho.<\/p>\n\n\n\n<p>Outras hip\u00f3teses em que\nn\u00e3o ser\u00e3o devidos o benef\u00edcio: a) quando o empregado estiver recebendo\nseguro-desemprego; b) bolsa de qualifica\u00e7\u00e3o profissional de que trata o art.\n2\u00ba-A, da Lei n\u00ba 7.998\/1990; c) em gozo de benef\u00edcio de presta\u00e7\u00e3o continuada do\nRegime Geral de Previd\u00eancia Social, salvo os benef\u00edcios de pens\u00e3o por morte e\naux\u00edlio acidente.<\/p>\n\n\n\n<h2 class=\"wp-block-heading\">Do valor do Benef\u00edcio Emergencial<\/h2>\n\n\n\n<p>O valor base ser\u00e1 o do\nseguro desemprego a que o empregado teria direito, calculado com base na Lei n\u00ba\n7.998\/1990, observando o seguinte:&nbsp;<\/p>\n\n\n\n<p>I &#8211; para m\u00e9dia de sal\u00e1rios\ncom valor de at\u00e9 R$ 1.599,61, multiplica-se a m\u00e9dia de sal\u00e1rios por 0,8,\nobservado como valor m\u00ednimo o valor do sal\u00e1rio m\u00ednimo nacional;<\/p>\n\n\n\n<p>II &#8211; para m\u00e9dia de\nsal\u00e1rios com valor de R$ 1.599,62 at\u00e9 R$ 2.666,29, multiplica-se a m\u00e9dia de\nsal\u00e1rios que exceder a R$ 1.599,61 por 0,5, e soma-se o resultado ao valor de\nR$ 1.279,69; e<\/p>\n\n\n\n<p>III &#8211; para m\u00e9dia de\nsal\u00e1rios com valor superior a R$ 2.666,29, o valor base \u00e9 de R$ 1.813,03.<\/p>\n\n\n\n<p>Ocorre que, para apura\u00e7\u00e3o\nda m\u00e9dia salarial, ser\u00e1 considerado o sal\u00e1rio de contribui\u00e7\u00e3o dos \u00faltimos 3\nmeses informados no CNIS (Cadastro Nacional de Informa\u00e7\u00f5es Sociais). Na\naus\u00eancia de informa\u00e7\u00f5es no CNIS, o valor base ser\u00e1 o valor do sal\u00e1rio m\u00ednimo\nnacional (atualmente R$ 1.045).<\/p>\n\n\n\n<p>Assim, o empregador \u00e9\nrespons\u00e1vel pelo pagamento de eventual diferen\u00e7a entre o valor do benef\u00edcio\npago e o efetivamente devido ao empregado, quando a diferen\u00e7a derivar de\nomiss\u00e3o ou erro nas informa\u00e7\u00f5es prestadas pelo empregador que&nbsp; constituem\nas bases do CNIS.<\/p>\n\n\n\n<p><strong>O valor do benef\u00edcio ser\u00e1 de:<\/strong><\/p>\n\n\n\n<p>I &#8211; 100% do valor base, na\nhip\u00f3tese da suspens\u00e3o do contrato de trabalho de empregado de empregador com\nfaturamento de at\u00e9 R$ 4.800.000,00;<\/p>\n\n\n\n<p>II &#8211; 70% do valor base, na\nhip\u00f3tese de:<\/p>\n\n\n\n<p>a) suspens\u00e3o do contrato\nde trabalho de empregado de empregador com faturamento superior a R$\n4.800.000,00; ou<\/p>\n\n\n\n<p>b) redu\u00e7\u00e3o proporcional de\njornada e de sal\u00e1rio igual ou superior a 70%;<\/p>\n\n\n\n<p>III &#8211; 50% do valor base,\nna hip\u00f3tese de redu\u00e7\u00e3o proporcional de jornada e de sal\u00e1rio igual ou superior a\n50% e inferior \u00e0 70%; ou<\/p>\n\n\n\n<p>IV &#8211; 25% do valor base, na\nhip\u00f3tese de redu\u00e7\u00e3o proporcional de jornada e de sal\u00e1rio igual ou superior a\n25% e inferior a 50%.<\/p>\n\n\n\n<p>Em hip\u00f3teses em que o\nc\u00e1lculo do benef\u00edcio resultar em valores decimais, o valor a ser pago dever\u00e1\nser arredondado para a unidade inteira imediatamente superior.<\/p>\n\n\n\n<p>E em casos de contratos de\ntrabalho intermitente celebrados antes de 1\u00ba de abril de 2020 o empregado ter\u00e1\ndireito ao benef\u00edcio em 3 parcelas mensais de R$ 600 cada. N\u00e3o ser\u00e1 acumul\u00e1vel\no benef\u00edcio se o empregado tiver mais de um v\u00ednculo de trabalho como\nintermitente.<\/p>\n\n\n\n<h2 class=\"wp-block-heading\">Do dever da informa\u00e7\u00e3o dos acordos celebrados<\/h2>\n\n\n\n<p>\u00c9 dever do empregador\ninformar ao Minist\u00e9rio da Economia a realiza\u00e7\u00e3o de acordo de redu\u00e7\u00e3o de jornada\nde trabalho e de sal\u00e1rio ou da suspens\u00e3o tempor\u00e1ria de contrato de trabalho com\no empregado, no prazo de 10 dias, contados a partir da data da celebra\u00e7\u00e3o do\nacordo.<\/p>\n\n\n\n<p><strong>Dever\u00e3o constar as informa\u00e7\u00f5es a seguir:<\/strong><\/p>\n\n\n\n<ul class=\"wp-block-list\"><li>Inscri\u00e7\u00e3o do empregador (CNPJ, CEI ou CNO);<\/li><li>Data de admiss\u00e3o do empregado;<\/li><li>CPF do empregado;<\/li><li>Inscri\u00e7\u00e3o no PIS\/PASEP do empregado;<\/li><li>Nome do empregado;<\/li><li>Nome da m\u00e3e do empregado;<\/li><li>Data de nascimento do empregado;<\/li><li>Sal\u00e1rios dos \u00faltimos tr\u00eas meses;<\/li><li>Tipo de acordo firmado (suspens\u00e3o tempor\u00e1ria do contrato) ou (redu\u00e7\u00e3o da jornada e do sal\u00e1rio) ou a combina\u00e7\u00e3o de ambos;<\/li><li>Data do in\u00edcio e dura\u00e7\u00e3o de cada per\u00edodo acordado de redu\u00e7\u00e3o ou suspens\u00e3o;<\/li><li>Percentual de redu\u00e7\u00e3o da jornada para cada per\u00edodo do acordo, se o tipo de ades\u00e3o for redu\u00e7\u00e3o de jornada;<\/li><li>Caso o empregado possua conta banc\u00e1ria, os dados necess\u00e1rios para pagamento: (n\u00famero do banco, n\u00famero da ag\u00eancia, n\u00famero da conta corrente e tipo da conta); e<\/li><li>Tratando-se de pessoa jur\u00eddica, se o faturamento \u00e9 superior a R$ 4.800.000.<\/li><\/ul>\n\n\n\n<p>As informa\u00e7\u00f5es dever\u00e3o ser\ntransmitidas exclusivamente pelo endere\u00e7o eletr\u00f4nico:&nbsp;<a href=\"https:\/\/servicos.mte.gov.br\/bem\" target=\"_blank\" rel=\"noreferrer noopener\"><strong>https:\/\/servicos.mte.gov.br\/bem<\/strong><\/a><\/p>\n\n\n\n<p>O empregador pessoa\njur\u00eddica ser\u00e1 direcionado para o portal &#8220;empregador web&#8221;, atendendo\naos requisitos de habilita\u00e7\u00e3o do ambiente, para:&nbsp;<\/p>\n\n\n\n<ul class=\"wp-block-list\"><li>Informar individualmente ou por meio de arquivos no formato &#8220;csv&#8221; os acordos celebrados; e<\/li><li>Posteriormente \u00e0 informa\u00e7\u00e3o do acordo, acompanhar o resultado do processamento das informa\u00e7\u00f5es remetidas e o resultado do pedido de concess\u00e3o do benef\u00edcio.<\/li><\/ul>\n\n\n\n<p>Destaca-se que o prazo\npara transmiss\u00e3o do acordo de redu\u00e7\u00e3o de jornada\/sal\u00e1rio e suspens\u00e3o tempor\u00e1ria\nde contrato de trabalho \u00e9 de 10 dias, contado da data da publica\u00e7\u00e3o da\nPortaria, em casos de acordos celebrados antes da sua vig\u00eancia. Portanto, o\nprazo encerra no dia 04 de maio de 2020.<\/p>\n\n\n\n<p>No entanto, se respeitados\nos prazos de comunica\u00e7\u00e3o dos acordos, a 1\u00aa parcela ser\u00e1 liberada 30 dias ap\u00f3s a\ndata do in\u00edcio da redu\u00e7\u00e3o ou suspens\u00e3o, no caso de a informa\u00e7\u00e3o ser prestada no\nprazo de 10 dias da celebra\u00e7\u00e3o do acordo, ou a partir da informa\u00e7\u00e3o do\nempregador, se a comunica\u00e7\u00e3o for efetivada ap\u00f3s o prazo de 10 dias da\ncelebra\u00e7\u00e3o do acordo, e as demais parcelas ser\u00e3o creditadas a cada intervalo de\n30 dias, contados da emiss\u00e3o da parcela anterior.<\/p>\n\n\n\n<h2 class=\"wp-block-heading\">Da responsabilidade do empregador pela informa\u00e7\u00e3o de acordo irregular<\/h2>\n\n\n\n<p>Em caso de indeferimento\ndo benef\u00edcio ou de seu arquivamento por n\u00e3o atendimento de exig\u00eancias de\nregulariza\u00e7\u00e3o das informa\u00e7\u00f5es, o empregador ficar\u00e1 respons\u00e1vel pelo pagamento\nda remunera\u00e7\u00e3o no valor anterior \u00e0 redu\u00e7\u00e3o proporcional da jornada de trabalho\ne de sal\u00e1rio ou \u00e0 suspens\u00e3o tempor\u00e1ria do contrato de trabalho do empregado,\ninclusive dos respectivos tributos, contribui\u00e7\u00f5es e encargos devidos.<\/p>\n\n\n\n<h2 class=\"wp-block-heading\">Demais disposi\u00e7\u00f5es<\/h2>\n\n\n\n<p>&nbsp;A partir das\ninforma\u00e7\u00f5es dos acordos celebrados, o Minist\u00e9rio da Economia poder\u00e1 deferir ou\nindeferir a concess\u00e3o do benef\u00edcio.<\/p>\n\n\n\n<p>Em caso de indeferimento\npor n\u00e3o preencher os requisitos previstos na portaria, o empregado ser\u00e1\nnotificado dos motivos da decis\u00e3o e poder\u00e1 ingressar com recurso administrativo\nno prazo m\u00e1ximo de 10 dias corridos, conforme ato da Secretaria Especial de\nPrevid\u00eancia e Trabalho do Minist\u00e9rio da Economia a ser baixado.<\/p>\n\n\n\n<p>A presente Portaria entrou\nem vigor na data de sua publica\u00e7\u00e3o, 24 de abril de 2020.<\/p>\n\n\n\n<p><em>Fonte: Assessoria T\u00e9cnica da FecomercioSP<\/em><\/p>\n","protected":false},"excerpt":{"rendered":"<p>28\/04\/2020 | Foi publicada, em 24 de abril, no Di\u00e1rio Oficial da Uni\u00e3o, a\u00a0Portaria n\u00ba 10.486, de 22 de abril de 2020, editando regras relativas ao processamento e pagamento do Benef\u00edcio Emergencial de que trata a Medida Provis\u00f3ria n\u00ba 936, de 1\u00ba de abril de 2020. \u00a0A norma estabelece crit\u00e9rios e procedimentos relacionados ao envio [&hellip;]<\/p>\n","protected":false},"author":1,"featured_media":3273,"comment_status":"closed","ping_status":"open","sticky":false,"template":"","format":"standard","meta":{"tdm_status":"","tdm_grid_status":"","footnotes":""},"categories":[153],"tags":[349,392],"class_list":["post-3272","post","type-post","status-publish","format-standard","has-post-thumbnail","hentry","category-noticias","tag-coronavirus","tag-mp-936"],"amp_enabled":true,"_links":{"self":[{"href":"https:\/\/sincomavi.org.br\/index.php?rest_route=\/wp\/v2\/posts\/3272","targetHints":{"allow":["GET"]}}],"collection":[{"href":"https:\/\/sincomavi.org.br\/index.php?rest_route=\/wp\/v2\/posts"}],"about":[{"href":"https:\/\/sincomavi.org.br\/index.php?rest_route=\/wp\/v2\/types\/post"}],"author":[{"embeddable":true,"href":"https:\/\/sincomavi.org.br\/index.php?rest_route=\/wp\/v2\/users\/1"}],"replies":[{"embeddable":true,"href":"https:\/\/sincomavi.org.br\/index.php?rest_route=%2Fwp%2Fv2%2Fcomments&post=3272"}],"version-history":[{"count":2,"href":"https:\/\/sincomavi.org.br\/index.php?rest_route=\/wp\/v2\/posts\/3272\/revisions"}],"predecessor-version":[{"id":3281,"href":"https:\/\/sincomavi.org.br\/index.php?rest_route=\/wp\/v2\/posts\/3272\/revisions\/3281"}],"wp:featuredmedia":[{"embeddable":true,"href":"https:\/\/sincomavi.org.br\/index.php?rest_route=\/wp\/v2\/media\/3273"}],"wp:attachment":[{"href":"https:\/\/sincomavi.org.br\/index.php?rest_route=%2Fwp%2Fv2%2Fmedia&parent=3272"}],"wp:term":[{"taxonomy":"category","embeddable":true,"href":"https:\/\/sincomavi.org.br\/index.php?rest_route=%2Fwp%2Fv2%2Fcategories&post=3272"},{"taxonomy":"post_tag","embeddable":true,"href":"https:\/\/sincomavi.org.br\/index.php?rest_route=%2Fwp%2Fv2%2Ftags&post=3272"}],"curies":[{"name":"wp","href":"https:\/\/api.w.org\/{rel}","templated":true}]}}