{"id":3251,"date":"2020-04-27T08:36:16","date_gmt":"2020-04-27T11:36:16","guid":{"rendered":"https:\/\/sincomavi.org.br\/?p=3251"},"modified":"2020-04-27T08:36:17","modified_gmt":"2020-04-27T11:36:17","slug":"carta-de-conjuntura-abril-de-2020","status":"publish","type":"post","link":"https:\/\/sincomavi.org.br\/?p=3251","title":{"rendered":"Carta de Conjuntura &#8211; abril de 2020"},"content":{"rendered":"\n<p>N\u00e3o se recorda quando foi t\u00e3o dif\u00edcil\nacompanhar e prever a conjuntura econ\u00f4mica brasileira. Em verdade, \u00e9 algo que n\u00e3o\nse restringe apenas ao Brasil, mas o que quero dizer \u00e9 que nos parece que os\ncen\u00e1rios est\u00e3o t\u00e3o incertos que ao fim deste texto suas senten\u00e7as estar\u00e3o ultrapassadas.\nA despeito deste exagero, que n\u00e3o objetiva desencorajar o atento leitor,\nressalta-se que a atual derrocada tem trazido consigo o constante desafio de analisar\npragmaticamente nossa economia e tentar tra\u00e7ar seus caminhos futuros.<\/p>\n\n\n\n<p>Quando citamos esses \u201ccaminhos\u201d, estamos\nfalando de projetar tanto o fim do ano, como tamb\u00e9m os pr\u00f3ximos quinze dias. Nos\nparece que ambos os casos s\u00e3o desafios significativos. A despeito disso, \u00e9\nposs\u00edvel visualizar em praticamente todo jornal impresso, digital ou televisivo\nas proje\u00e7\u00f5es para nossa economia em 2020. Muitos falam em um Produto Interno\nBruto (PIB) de -4% ou -5% em rela\u00e7\u00e3o ao ano passado. Outros analistas tentam\nvislumbrar o efeito da aguda crise no mercado de trabalho, base da demanda agregada\nde nossa economia. \u00c9 palat\u00e1vel estimar uma taxa de desemprego que pode saltar acima\ndos 16%.<\/p>\n\n\n\n<p>Este economista que vos escreve, e\nprojeta indicadores macroecon\u00f4micos ao fim do texto todos os meses, vangloria os\nprofissionais da grande \u00e1rea das ci\u00eancias sociais que cumprem com seus papeis\nde tentar calcular alguma previsibilidade aos nossos caminhos. Mas entendo que\nneste momento a utilidade desses n\u00fameros existe apenas para exercer press\u00e3o\norganizada nos poderes p\u00fablicos, os quais podem e devem manter um direcionamento\nde medidas para amenizar o impacto do COVID-19 em nossas vidas e economia. <\/p>\n\n\n\n<p>N\u00e3o somente \u00e9 ruim flutuar em um lago\nsem ventos. O dif\u00edcil \u00e9 n\u00e3o ver a borda deste lago. N\u00e3o sabemos ao certo quando\na contamina\u00e7\u00e3o deixar\u00e1 como desafio \u00fanico a retomada econ\u00f4mica. \u00c9 t\u00e1cito que as\nmedidas j\u00e1 anunciadas possuem sentido correto. Entretanto, sabemos tamb\u00e9m que\nas doses de est\u00edmulo s\u00e3o insuficientes para o momento. E o presente n\u00e3o \u00e9 o\npico da epidemia, nem o vale da economia. Neste quadro, o cuidado \u00e9 tamb\u00e9m o ritmo\ndos est\u00edmulos governamentais, e n\u00e3o apenas seu tamanho, dado que se espera\nlongo o caminho a percorrer e os cartuchos n\u00e3o podem ser zerados rapidamente. <\/p>\n\n\n\n<p>Defendo que assim como o poder\np\u00fablico irriga e deve continuar irrigando o mercado com liquidez, ele deve usar\nrecursos do Tesouro Nacional para dar mais suporte \u00e0 esfera produtiva. \u00c9\nmomento de se avaliar o aumento da base monet\u00e1ria do pa\u00eds, em detrimento\nemergencial e pontual do sistema de metas inflacion\u00e1rias. &nbsp;\u00c9 hora de cuidar, inclusive, n\u00e3o apenas da\nmagnitude das cifras, mas da acessibilidade a elas por nossa popula\u00e7\u00e3o e empresas.\n<\/p>\n\n\n\n<p>\u00c9 imprescind\u00edvel que nossos gestores\np\u00fablicos respons\u00e1veis pela Sa\u00fade tenham prioridade nas a\u00e7\u00f5es, mas que os\nrespons\u00e1veis pelas decis\u00f5es econ\u00f4micas realizem conjuntamente seu papel de\namparo e avalia\u00e7\u00e3o perene de efetividades das medidas econ\u00f4micas implementadas.\n\u00c9 hora de dar garantias de cr\u00e9dito, reduzir o crivo da seletividade financeira\ndo tomador (PF e PJ) e dar vaz\u00e3o a dinheiro novo. N\u00e3o \u00e9 emitir. \u00c9 usar o caixa\nou os fundos existentes, atualmente parados. <\/p>\n\n\n\n<p>S\u00e3o desafios herc\u00faleos e essenciais. Que\ndevem ser acompanhados diariamente por todos n\u00f3s, seja para avalia\u00e7\u00e3o do f\u00f4lego\ndo or\u00e7amento familiar, ou de nossos neg\u00f3cios. Em nossa rotina, a tarefa \u00e9\nfinalizar cada dia com algum equil\u00edbrio, aguardando dos Governos e do tempo\na\u00e7\u00f5es que nos possam ajudar a prever o futuro. Talvez n\u00e3o do ano, mas ajudaria se\nfosse poss\u00edvel ao menos dos pr\u00f3ximos quinze dias. <\/p>\n\n\n\n<p>Seguem abaixo, nossas proje\u00e7\u00f5es\natualizadas para 2020:<strong>&nbsp;&nbsp;&nbsp;&nbsp;&nbsp;&nbsp;&nbsp;&nbsp;&nbsp;&nbsp;&nbsp;&nbsp;&nbsp;&nbsp;&nbsp;&nbsp;&nbsp;&nbsp;&nbsp;&nbsp;&nbsp;&nbsp;&nbsp;&nbsp;&nbsp;&nbsp;&nbsp;&nbsp;&nbsp;&nbsp;&nbsp;&nbsp;&nbsp;&nbsp;&nbsp;&nbsp;&nbsp;&nbsp;&nbsp;&nbsp;&nbsp;&nbsp;&nbsp;&nbsp;&nbsp;&nbsp;&nbsp;&nbsp;&nbsp;&nbsp;&nbsp;&nbsp;&nbsp;&nbsp;&nbsp;&nbsp;\n&nbsp;&nbsp;&nbsp;&nbsp;&nbsp;&nbsp;&nbsp;&nbsp;&nbsp;&nbsp;&nbsp;&nbsp;&nbsp;&nbsp;&nbsp;&nbsp;&nbsp;&nbsp;&nbsp;&nbsp;<\/strong><\/p>\n\n\n\n<ul class=\"wp-block-list\"><li><strong>PIB<\/strong>: -4,0%&nbsp;&nbsp;&nbsp;&nbsp;&nbsp;&nbsp;&nbsp;&nbsp;&nbsp;&nbsp;&nbsp;&nbsp;&nbsp;&nbsp;&nbsp;&nbsp;&nbsp;&nbsp;&nbsp;&nbsp;&nbsp;&nbsp;&nbsp;&nbsp;&nbsp;&nbsp;&nbsp;&nbsp;&nbsp;&nbsp;&nbsp;&nbsp;&nbsp;&nbsp;&nbsp;&nbsp;&nbsp;&nbsp;&nbsp;&nbsp;&nbsp;&nbsp;&nbsp;&nbsp;&nbsp;&nbsp;&nbsp;&nbsp;&nbsp;&nbsp;&nbsp;&nbsp;&nbsp; <\/li><li><strong>IPCA\/IBGE<\/strong>: 2,25%&nbsp;&nbsp;&nbsp;&nbsp;&nbsp;&nbsp;&nbsp;&nbsp;&nbsp;&nbsp;&nbsp;&nbsp;&nbsp;&nbsp;&nbsp;&nbsp;&nbsp;&nbsp;&nbsp;&nbsp;&nbsp;&nbsp;&nbsp;&nbsp;&nbsp;&nbsp;&nbsp;&nbsp;&nbsp;&nbsp;&nbsp;&nbsp;&nbsp;&nbsp;&nbsp;&nbsp;&nbsp;&nbsp;&nbsp;&nbsp;&nbsp;&nbsp;&nbsp;&nbsp;&nbsp;&nbsp;&nbsp;&nbsp;&nbsp;&nbsp;&nbsp;&nbsp;&nbsp;&nbsp;&nbsp;&nbsp;&nbsp;&nbsp;&nbsp;&nbsp;&nbsp;&nbsp;&nbsp;&nbsp; <\/li><li><strong>SELIC<\/strong>: 3,25%&nbsp;&nbsp;&nbsp;&nbsp;&nbsp;&nbsp;&nbsp;&nbsp;&nbsp;&nbsp;&nbsp;&nbsp;&nbsp;&nbsp;&nbsp;&nbsp;&nbsp;&nbsp;&nbsp;&nbsp;&nbsp;&nbsp;&nbsp;&nbsp;&nbsp;&nbsp;&nbsp;&nbsp;&nbsp;&nbsp;&nbsp;&nbsp;&nbsp;&nbsp;&nbsp;&nbsp;&nbsp;&nbsp;&nbsp;&nbsp;&nbsp;&nbsp;&nbsp;&nbsp;&nbsp;&nbsp;&nbsp;&nbsp;&nbsp; <\/li><li><strong>Taxa de C\u00e2mbio:<\/strong> 5,00&nbsp;&nbsp;&nbsp;&nbsp;&nbsp;&nbsp;&nbsp;&nbsp;&nbsp;&nbsp;&nbsp;&nbsp;&nbsp;&nbsp;&nbsp;&nbsp;&nbsp;&nbsp;&nbsp;&nbsp;&nbsp;&nbsp;&nbsp;&nbsp;&nbsp;&nbsp;&nbsp;&nbsp;&nbsp;&nbsp;&nbsp;&nbsp;&nbsp;&nbsp;&nbsp;&nbsp;&nbsp;&nbsp;&nbsp;&nbsp;&nbsp;&nbsp;&nbsp;&nbsp;&nbsp;&nbsp; <\/li><li><strong>Balan\u00e7a comercial<\/strong>: + US$ 33 bi &nbsp;&nbsp;&nbsp;&nbsp;&nbsp;&nbsp;&nbsp;&nbsp;&nbsp;&nbsp;&nbsp;&nbsp;&nbsp;&nbsp;&nbsp;&nbsp;&nbsp;&nbsp;&nbsp; <\/li><li><strong>Vendas do varejo<\/strong>: -5,0%&nbsp;&nbsp;&nbsp;&nbsp;&nbsp;&nbsp;&nbsp;&nbsp;&nbsp;&nbsp;&nbsp;&nbsp;&nbsp;&nbsp;&nbsp;&nbsp;&nbsp;&nbsp;&nbsp;&nbsp;&nbsp;&nbsp;&nbsp;&nbsp;&nbsp;&nbsp;&nbsp;&nbsp;&nbsp;&nbsp; <\/li><li><strong>Volume dos servi\u00e7os<\/strong>: -3,8<\/li><\/ul>\n\n\n\n<p><strong><em>Jaime Vasconcellos, analista econ\u00f4mico do Sincomavi<\/em><\/strong><\/p>\n","protected":false},"excerpt":{"rendered":"<p>N\u00e3o se recorda quando foi t\u00e3o dif\u00edcil acompanhar e prever a conjuntura econ\u00f4mica brasileira. Em verdade, \u00e9 algo que n\u00e3o se restringe apenas ao Brasil, mas o que quero dizer \u00e9 que nos parece que os cen\u00e1rios est\u00e3o t\u00e3o incertos que ao fim deste texto suas senten\u00e7as estar\u00e3o ultrapassadas. A despeito deste exagero, que n\u00e3o [&hellip;]<\/p>\n","protected":false},"author":1,"featured_media":3252,"comment_status":"closed","ping_status":"open","sticky":false,"template":"","format":"standard","meta":{"tdm_status":"","tdm_grid_status":"","footnotes":""},"categories":[210],"tags":[275,349,397,156,202,203,274,200,75,276],"class_list":["post-3251","post","type-post","status-publish","format-standard","has-post-thumbnail","hentry","category-artigos","tag-balanca-comercial","tag-coronavirus","tag-covid-19","tag-economia","tag-pib","tag-selic","tag-taxa-de-cambio","tag-varejo","tag-vendas","tag-volume-de-servicos"],"amp_enabled":true,"_links":{"self":[{"href":"https:\/\/sincomavi.org.br\/index.php?rest_route=\/wp\/v2\/posts\/3251","targetHints":{"allow":["GET"]}}],"collection":[{"href":"https:\/\/sincomavi.org.br\/index.php?rest_route=\/wp\/v2\/posts"}],"about":[{"href":"https:\/\/sincomavi.org.br\/index.php?rest_route=\/wp\/v2\/types\/post"}],"author":[{"embeddable":true,"href":"https:\/\/sincomavi.org.br\/index.php?rest_route=\/wp\/v2\/users\/1"}],"replies":[{"embeddable":true,"href":"https:\/\/sincomavi.org.br\/index.php?rest_route=%2Fwp%2Fv2%2Fcomments&post=3251"}],"version-history":[{"count":1,"href":"https:\/\/sincomavi.org.br\/index.php?rest_route=\/wp\/v2\/posts\/3251\/revisions"}],"predecessor-version":[{"id":3253,"href":"https:\/\/sincomavi.org.br\/index.php?rest_route=\/wp\/v2\/posts\/3251\/revisions\/3253"}],"wp:featuredmedia":[{"embeddable":true,"href":"https:\/\/sincomavi.org.br\/index.php?rest_route=\/wp\/v2\/media\/3252"}],"wp:attachment":[{"href":"https:\/\/sincomavi.org.br\/index.php?rest_route=%2Fwp%2Fv2%2Fmedia&parent=3251"}],"wp:term":[{"taxonomy":"category","embeddable":true,"href":"https:\/\/sincomavi.org.br\/index.php?rest_route=%2Fwp%2Fv2%2Fcategories&post=3251"},{"taxonomy":"post_tag","embeddable":true,"href":"https:\/\/sincomavi.org.br\/index.php?rest_route=%2Fwp%2Fv2%2Ftags&post=3251"}],"curies":[{"name":"wp","href":"https:\/\/api.w.org\/{rel}","templated":true}]}}