{"id":3245,"date":"2020-04-27T08:18:52","date_gmt":"2020-04-27T11:18:52","guid":{"rendered":"https:\/\/sincomavi.org.br\/?p=3245"},"modified":"2020-04-27T08:18:53","modified_gmt":"2020-04-27T11:18:53","slug":"suspensao-da-exclusao-por-inadimplencia-de-parcelamentos-durante-a-pandemia","status":"publish","type":"post","link":"https:\/\/sincomavi.org.br\/?p=3245","title":{"rendered":"Suspens\u00e3o da exclus\u00e3o por inadimpl\u00eancia de parcelamentos durante a pandemia"},"content":{"rendered":"\n<p>Em continuidade com as medidas tomadas pelos entes federativos e autarquias para reduzir os impactos econ\u00f4micos decorrentes da pandemia do coronav\u00edrus (COVID-19), e considerando o momento de instabilidade financeira dos empres\u00e1rios, \u00a0o Procurador-Geral da Fazenda Nacional, Jos\u00e9 Levi Mello do Amaral J\u00fanior, no uso das suas atribui\u00e7\u00f5es, aprovou a Portaria n\u00ba 10.205, 17 de abril de 2020, alterando a Portaria PGFN n. 7.821, de 18 de mar\u00e7o de 2020, que suspendeu os prazos administrativos no \u00e2mbito da Procuradoria Geral da Fazenda Nacional, outorgando-lhe nova reda\u00e7\u00e3o ao artigo 3\u00ba, conforme a seguir:\u00a0<\/p>\n\n\n\n<pre class=\"wp-block-preformatted\">Art. 3\u00ba Fica suspenso, por 90 (noventa) dias, o in\u00edcio\nde procedimentos de exclus\u00e3o de contribuintes de parcelamentos administrados\npela Procuradoria-Geral da Fazenda Nacional cuja hip\u00f3tese de rescis\u00e3o por\ninadimpl\u00eancia de parcelas tenha se configurado a partir do m\u00eas de fevereiro de\n2020, inclusive.&nbsp;<\/pre>\n\n\n\n<p>Em suma, foi suspenso o in\u00edcio de procedimentos para excluir os contribuintes inadimplentes com os parcelamentos administrados pela Procuradoria Geral da Fazenda Nacional \u2013 PGFN desde Fevereiro\/2020, pelo prazo de 90 (noventa) dias, a ser contado a partir da data de publica\u00e7\u00e3o da portaria, ou seja, dia 22 de abril de 2020.\u00a0<\/p>\n\n\n\n<p><a href=\"https:\/\/sincomavi.org.br\/wp-content\/uploads\/2020\/04\/portaria_no._10.205_h4ani52aa5.pdf\" target=\"_blank\" rel=\"noreferrer noopener\" aria-label=\"Download - Portaria n\u00ba 10.205 (abre numa nova aba)\"><strong>Download &#8211; Portaria n\u00ba 10.205<\/strong><\/a><\/p>\n\n\n\n<p>Fonte: Assessoria T\u00e9cnica FecomercioSP<br>\n<br>\n<\/p>\n","protected":false},"excerpt":{"rendered":"<p>Em continuidade com as medidas tomadas pelos entes federativos e autarquias para reduzir os impactos econ\u00f4micos decorrentes da pandemia do coronav\u00edrus (COVID-19), e considerando o momento de instabilidade financeira dos empres\u00e1rios, \u00a0o Procurador-Geral da Fazenda Nacional, Jos\u00e9 Levi Mello do Amaral J\u00fanior, no uso das suas atribui\u00e7\u00f5es, aprovou a Portaria n\u00ba 10.205, 17 de abril [&hellip;]<\/p>\n","protected":false},"author":1,"featured_media":3247,"comment_status":"closed","ping_status":"open","sticky":false,"template":"","format":"standard","meta":{"tdm_status":"","tdm_grid_status":"","footnotes":""},"categories":[157],"tags":[349,393],"class_list":["post-3245","post","type-post","status-publish","format-standard","has-post-thumbnail","hentry","category-alerta","tag-coronavirus","tag-divida"],"amp_enabled":true,"_links":{"self":[{"href":"https:\/\/sincomavi.org.br\/index.php?rest_route=\/wp\/v2\/posts\/3245","targetHints":{"allow":["GET"]}}],"collection":[{"href":"https:\/\/sincomavi.org.br\/index.php?rest_route=\/wp\/v2\/posts"}],"about":[{"href":"https:\/\/sincomavi.org.br\/index.php?rest_route=\/wp\/v2\/types\/post"}],"author":[{"embeddable":true,"href":"https:\/\/sincomavi.org.br\/index.php?rest_route=\/wp\/v2\/users\/1"}],"replies":[{"embeddable":true,"href":"https:\/\/sincomavi.org.br\/index.php?rest_route=%2Fwp%2Fv2%2Fcomments&post=3245"}],"version-history":[{"count":2,"href":"https:\/\/sincomavi.org.br\/index.php?rest_route=\/wp\/v2\/posts\/3245\/revisions"}],"predecessor-version":[{"id":3249,"href":"https:\/\/sincomavi.org.br\/index.php?rest_route=\/wp\/v2\/posts\/3245\/revisions\/3249"}],"wp:featuredmedia":[{"embeddable":true,"href":"https:\/\/sincomavi.org.br\/index.php?rest_route=\/wp\/v2\/media\/3247"}],"wp:attachment":[{"href":"https:\/\/sincomavi.org.br\/index.php?rest_route=%2Fwp%2Fv2%2Fmedia&parent=3245"}],"wp:term":[{"taxonomy":"category","embeddable":true,"href":"https:\/\/sincomavi.org.br\/index.php?rest_route=%2Fwp%2Fv2%2Fcategories&post=3245"},{"taxonomy":"post_tag","embeddable":true,"href":"https:\/\/sincomavi.org.br\/index.php?rest_route=%2Fwp%2Fv2%2Ftags&post=3245"}],"curies":[{"name":"wp","href":"https:\/\/api.w.org\/{rel}","templated":true}]}}