{"id":3219,"date":"2020-04-24T10:06:38","date_gmt":"2020-04-24T13:06:38","guid":{"rendered":"https:\/\/sincomavi.org.br\/?p=3219"},"modified":"2020-04-24T11:06:11","modified_gmt":"2020-04-24T14:06:11","slug":"comeco-da-recuperacao-real-somente-em-seis-meses-no-minimo","status":"publish","type":"post","link":"https:\/\/sincomavi.org.br\/?p=3219","title":{"rendered":"Recupera\u00e7\u00e3o real somente em seis meses, no m\u00ednimo"},"content":{"rendered":"\n<p>Os primeiros 20 dias de mar\u00e7o, tendo como refer\u00eancia o desempenho obtido pelo varejo em fevereiro de 2020, se mostraram positivos e compensaram parte das perdas causadas pelo fechamento dos pontos de venda em raz\u00e3o da pandemia. Tal cen\u00e1rio pode ser verificado nos estudos realizados pelo <a rel=\"noreferrer noopener\" aria-label=\"Sincomavi  (abre numa nova aba)\" href=\"https:\/\/sincomavi.org.br\/precos-dos-materiais-de-construcao-voltam-a-subir-em-marco\/\" target=\"_blank\"><strong>Sincomavi <\/strong><\/a>e pela<strong><a href=\"https:\/\/sincomavi.org.br\/comerciantes-contabilizam-perdas\/\"> Elo Performance &amp; Insights<\/a><\/strong>. &nbsp;Jaime Vasconcellos, analista econ\u00f4mico do Sincomavi, afirma que o per\u00edodo mais cr\u00edtico j\u00e1 passou e que agora a perspectiva \u00e9 de acomoda\u00e7\u00e3o, principalmente em raz\u00e3o da abertura do varejo de material de constru\u00e7\u00e3o e da sinaliza\u00e7\u00e3o do governo do Estado de S\u00e3o Paulo de flexibilizar paulatinamente os crit\u00e9rios da quarentena. Jaime lembra que \u201cos consumidores tentaram terminar as obras que estavam sendo feitas em mar\u00e7o, outras pessoas viram a oportunidade de realizar pequenas reformas e consertos\u201d. De maneira geral, o t\u00edquete m\u00e9dio se revelou bastante baixo. \u201cAgora o problema \u00e9 a falta de novas obras\u201d, comenta.<\/p>\n\n\n\n<p>A proje\u00e7\u00e3o mais fact\u00edvel \u00e9 de in\u00edcio de recupera\u00e7\u00e3o das perdas ocasionadas pela crise da Covid-19 somente em seis meses. \u201c\u00c9 um cen\u00e1rio prov\u00e1vel de recupera\u00e7\u00e3o como uma tend\u00eancia consolidada\u201d. J\u00e1 o quadro mais otimista aponta para o prazo de tr\u00eas meses; o pessimista para cerca de nove meses. Essa realidade ser\u00e1 definida por uma s\u00e9rie de fatores, mas possui uma depend\u00eancia muito grande das a\u00e7\u00f5es tomadas pelos governos federal e estadual. Bras\u00edlia j\u00e1 acenou com a possibilidade de aplicar R$ 20 bilh\u00f5es na constru\u00e7\u00e3o civil em obras de infraestrutura com o fim da quarentena. Esses recursos teriam um efeito multiplicador muito importante para a economia do pa\u00eds. No entanto, esse plano, como lembra Jaime Vasconcellos, conta com efeito a m\u00e9dio e longo prazos. Afinal, \u00e9 preciso seguir todo um ritual: projetos, aprova\u00e7\u00e3o, licita\u00e7\u00e3o, contrata\u00e7\u00e3o etc. \u201cCertamente vai amenizar os efeitos da crise, mas n\u00e3o \u00e9 uma solu\u00e7\u00e3o imediata para os problemas enfrentados pelos empres\u00e1rios\u201d, ressalta.<\/p>\n\n\n\n<p>At\u00e9 o momento as medidas em rela\u00e7\u00e3o a cr\u00e9dito n\u00e3o chegam a arranhar os obst\u00e1culos enfrentados pelos comerciantes. A \u00fanica linha dispon\u00edvel \u00e9 para o financiamento de folha de pagamento, mas possui um alcance muito pequeno, pois a concess\u00e3o atinge somente empresas com receita bruta anual entre R$ 360 mil e R$ 10 milh\u00f5es.<a href=\"https:\/\/sincomavi.org.br\/medida-provisoria-no-944-programa-emergencial-de-suporte-a-empregos\/\" target=\"_blank\" rel=\"noreferrer noopener\" aria-label=\" Confira mais informa\u00e7\u00f5es sobre Medida Provis\u00f3ria N\u00ba 944 \u2013 Programa Emergencial de Suporte a Empregos (abre numa nova aba)\"><strong> Confira mais informa\u00e7\u00f5es sobre Medida Provis\u00f3ria N\u00ba 944 \u2013 Programa Emergencial de Suporte a Empregos<\/strong><\/a>.<\/p>\n\n\n\n<h2 class=\"wp-block-heading\">Quest\u00e3o central<\/h2>\n\n\n\n<p>A grande quest\u00e3o enfrentada pelos empres\u00e1rios, o capital de giro, continua totalmente em descoberto. \u201cComo fica aluguel, fornecedores e outras despesas mensais?\u201d, pergunta Jaime. \u201cAs a\u00e7\u00f5es s\u00e3o muito limitadas\u201d. O governo do Estado de S\u00e3o Paulo, por exemplo, abriu uma linha de cr\u00e9dito por meio do Banco do Povo e Desenvolve-SP de R$ 650 milh\u00f5es. Estimativa realizada pela Federa\u00e7\u00e3o do Com\u00e9rcio de Bens, Servi\u00e7os e Turismo do Estado de S\u00e3o Paulo (FecomercioSP) revela que o varejo paulista n\u00e3o essencial fatura R$ 1 bilh\u00e3o por dia. Nesse c\u00e1lculo n\u00e3o est\u00e3o contempladas as categorias servi\u00e7os e atacados. Em outras palavras, os recursos disponibilizados pelo estado se mostram \u00ednfimos perto das necessidades das empresas do segmento. \u201cO cr\u00e9dito continua seguindo naturalmente as mesmas diretrizes pr\u00e9-pandemia, com base em garantias, cadastro positivo e aus\u00eancia de d\u00edvidas tribut\u00e1rias\u201d, explica. \u201cEmergencialmente, deveria ocorrer um amparo ao setor produtivo com consequente afrouxamento dessas exig\u00eancias\u201d. <\/p>\n\n\n\n<p>Para Andr\u00e9 Felix Ricotta de Oliveira, professor da\nP\u00f3s-gradua\u00e7\u00e3o em Direito Tribut\u00e1rio da Universidade Mackenzie, as medidas tomadas\nainda est\u00e3o muitos t\u00edmidas. \u201cO governo, at\u00e9 agora, s\u00f3 concedeu a suspens\u00e3o de\npagamento de tributos. Quando acabar o prazo, os contribuintes ter\u00e3o que pagar\no que estava suspenso, mais o referente ao m\u00eas vigente, o que vai acarretar uma\nalta carga tribut\u00e1ria. Se querem efetivamente resultados, precisam diminuir a\ntributa\u00e7\u00e3o sobre a folha de sal\u00e1rios. O Brasil tem um dos maiores encargos\nsobre folha de sal\u00e1rios&#8221;.<\/p>\n\n\n\n<p>Eduardo Gonzaga de Oliveira Natal, s\u00f3cio do escrit\u00f3rio\nNatal &amp; Manssur Advogados e mestre em Direito Tribut\u00e1rio e Direito do\nEstado pela PUC-SP, segue a mesma linha de racioc\u00ednio e lembra que as a\u00e7\u00f5es\ntomadas n\u00e3o representam realmente um al\u00edvio na carga tribut\u00e1ria, mas t\u00e3o\nsomente adiamentos. \u201cL\u00e1 na frente, o que as empresas v\u00e3o pagar referente aos\nmeses de abril, maio e junho ser\u00e1 sobre o faturamento do primeiro trimestre,\nquando t\u00ednhamos outra realidade. Isto \u00e9, pagaremos mais impostos, num momento\nde extrema crise e fragilidade. E quem ter\u00e1 caixa para iniciar 2021?&#8221;.<\/p>\n\n\n\n<h2 class=\"wp-block-heading\">Perspectivas<\/h2>\n\n\n\n<p>Apesar de acreditar que o pico da crise tenha passado,\nJaime Vasconcellos, analista econ\u00f4mico do Sincomavi, afirma que h\u00e1 muitos problemas\na serem superados. Al\u00e9m de medidas para fomentar o consumo por parte da administra\u00e7\u00e3o\np\u00fablica, o momento exige tamb\u00e9m equil\u00edbrio entre os poderes. \u201cO componente pol\u00edtico\n\u00e9 muito importante. Caso contr\u00e1rio, a chance de uma retomada mais r\u00e1pida est\u00e1\ndescartada e a crise ser\u00e1 alongada desnecessariamente\u201d. <\/p>\n\n\n\n<p>Levantamento realizado pelo Instituto Brasileiro de Economia\nda Funda\u00e7\u00e3o Getulio Vargas (FGV IBRE) verificou a expectativa de prazo do empresariado\nde recupera\u00e7\u00e3o da economia p\u00f3s-quarentena. Cerca de 70% estima que os primeiros\nsinais poder\u00e3o ser percebidos entre quatro e seis meses. Em todos os setores, o\nsentimento predominante \u00e9 que a pandemia impactar\u00e1 as atividades no 2\u00ba e no 3\u00ba\ntrimestre de 2020.<\/p>\n\n\n\n<p>O FGV IBRE tamb\u00e9m realizou consultas em rela\u00e7\u00e3o a inten\u00e7\u00e3o de consumo e 79,1% dos entrevistados declararam estar comprando apenas produtos essenciais. Para cerca de 15% a crise n\u00e3o afetou os gastos da fam\u00edlia, mas esse percentual \u00e9 maior conforme aumenta o poder aquisitivo dos consumidores.<\/p>\n\n\n\n<div class=\"wp-block-image\"><figure class=\"aligncenter size-large\"><img loading=\"lazy\" decoding=\"async\" width=\"547\" height=\"212\" src=\"https:\/\/sincomavi.org.br\/wp-content\/uploads\/2020\/04\/FGV.jpg\" alt=\"\" class=\"wp-image-3221\" srcset=\"https:\/\/sincomavi.org.br\/wp-content\/uploads\/2020\/04\/FGV.jpg 547w, https:\/\/sincomavi.org.br\/wp-content\/uploads\/2020\/04\/FGV-300x116.jpg 300w\" sizes=\"auto, (max-width: 547px) 100vw, 547px\" \/><\/figure><\/div>\n","protected":false},"excerpt":{"rendered":"<p>Os primeiros 20 dias de mar\u00e7o, tendo como refer\u00eancia o desempenho obtido pelo varejo em fevereiro de 2020, se mostraram positivos e compensaram parte das perdas causadas pelo fechamento dos pontos de venda em raz\u00e3o da pandemia. Tal cen\u00e1rio pode ser verificado nos estudos realizados pelo Sincomavi e pela Elo Performance &amp; Insights. &nbsp;Jaime Vasconcellos, [&hellip;]<\/p>\n","protected":false},"author":1,"featured_media":3220,"comment_status":"closed","ping_status":"open","sticky":false,"template":"","format":"standard","meta":{"tdm_status":"","tdm_grid_status":"","footnotes":""},"categories":[153],"tags":[199,349,396,200],"class_list":["post-3219","post","type-post","status-publish","format-standard","has-post-thumbnail","hentry","category-noticias","tag-comercio","tag-coronavirus","tag-expectativas","tag-varejo"],"amp_enabled":true,"_links":{"self":[{"href":"https:\/\/sincomavi.org.br\/index.php?rest_route=\/wp\/v2\/posts\/3219","targetHints":{"allow":["GET"]}}],"collection":[{"href":"https:\/\/sincomavi.org.br\/index.php?rest_route=\/wp\/v2\/posts"}],"about":[{"href":"https:\/\/sincomavi.org.br\/index.php?rest_route=\/wp\/v2\/types\/post"}],"author":[{"embeddable":true,"href":"https:\/\/sincomavi.org.br\/index.php?rest_route=\/wp\/v2\/users\/1"}],"replies":[{"embeddable":true,"href":"https:\/\/sincomavi.org.br\/index.php?rest_route=%2Fwp%2Fv2%2Fcomments&post=3219"}],"version-history":[{"count":7,"href":"https:\/\/sincomavi.org.br\/index.php?rest_route=\/wp\/v2\/posts\/3219\/revisions"}],"predecessor-version":[{"id":3239,"href":"https:\/\/sincomavi.org.br\/index.php?rest_route=\/wp\/v2\/posts\/3219\/revisions\/3239"}],"wp:featuredmedia":[{"embeddable":true,"href":"https:\/\/sincomavi.org.br\/index.php?rest_route=\/wp\/v2\/media\/3220"}],"wp:attachment":[{"href":"https:\/\/sincomavi.org.br\/index.php?rest_route=%2Fwp%2Fv2%2Fmedia&parent=3219"}],"wp:term":[{"taxonomy":"category","embeddable":true,"href":"https:\/\/sincomavi.org.br\/index.php?rest_route=%2Fwp%2Fv2%2Fcategories&post=3219"},{"taxonomy":"post_tag","embeddable":true,"href":"https:\/\/sincomavi.org.br\/index.php?rest_route=%2Fwp%2Fv2%2Ftags&post=3219"}],"curies":[{"name":"wp","href":"https:\/\/api.w.org\/{rel}","templated":true}]}}