{"id":3215,"date":"2020-04-24T10:03:12","date_gmt":"2020-04-24T13:03:12","guid":{"rendered":"https:\/\/sincomavi.org.br\/?p=3215"},"modified":"2020-04-24T10:16:48","modified_gmt":"2020-04-24T13:16:48","slug":"comerciantes-contabilizam-perdas","status":"publish","type":"post","link":"https:\/\/sincomavi.org.br\/?p=3215","title":{"rendered":"Comerciantes contabilizam perdas"},"content":{"rendered":"\n<p>Dimensionar o tamanho preciso do impacto da pandemia do Coronav\u00edrus na economia brasileira, sobretudo no com\u00e9rcio, ser\u00e1 motivo de muitos estudos e teses acad\u00eamicas durante anos. No entanto, \u00e9 poss\u00edvel atualmente vislumbrar um quadro muito negativo das vendas do setor com a quarentena determinada pelos poderes p\u00fablicos paulistas. Apesar da surpresa causada, a primeira semana de fechamento das lojas n\u00e3o foi a mais sentida pelo varejo de material de constru\u00e7\u00e3o. Isso porque muitas obras e entregas j\u00e1 estavam programadas e v\u00e1rios clientes se valeram dos canais eletr\u00f4nicos para finalizar suas compras e encomendas.<\/p>\n\n\n\n<figure class=\"wp-block-image size-large\"><img loading=\"lazy\" decoding=\"async\" width=\"1024\" height=\"576\" src=\"https:\/\/sincomavi.org.br\/wp-content\/uploads\/2020\/04\/20200409-Impactos-Corona-Elo-Performace-Insights-5-1024x576.jpg\" alt=\"\" class=\"wp-image-3216\" srcset=\"https:\/\/sincomavi.org.br\/wp-content\/uploads\/2020\/04\/20200409-Impactos-Corona-Elo-Performace-Insights-5-1024x576.jpg 1024w, https:\/\/sincomavi.org.br\/wp-content\/uploads\/2020\/04\/20200409-Impactos-Corona-Elo-Performace-Insights-5-300x169.jpg 300w, https:\/\/sincomavi.org.br\/wp-content\/uploads\/2020\/04\/20200409-Impactos-Corona-Elo-Performace-Insights-5-768x432.jpg 768w, https:\/\/sincomavi.org.br\/wp-content\/uploads\/2020\/04\/20200409-Impactos-Corona-Elo-Performace-Insights-5-746x420.jpg 746w, https:\/\/sincomavi.org.br\/wp-content\/uploads\/2020\/04\/20200409-Impactos-Corona-Elo-Performace-Insights-5-640x360.jpg 640w, https:\/\/sincomavi.org.br\/wp-content\/uploads\/2020\/04\/20200409-Impactos-Corona-Elo-Performace-Insights-5-681x383.jpg 681w, https:\/\/sincomavi.org.br\/wp-content\/uploads\/2020\/04\/20200409-Impactos-Corona-Elo-Performace-Insights-5.jpg 1400w\" sizes=\"auto, (max-width: 1024px) 100vw, 1024px\" \/><\/figure>\n\n\n\n<p>Tal cen\u00e1rio pode ser melhor vislumbrado com o estudo \u201cImpactos Econ\u00f4micos do Covid-19\u201d, da Elo Performance &amp; Insights. A varia\u00e7\u00e3o de faturamento di\u00e1rio (cart\u00e3o de d\u00e9bito) ficou em -1% nos \u00e2mbitos dos mercados paulista e carioca do varejo de material de constru\u00e7\u00e3o. Os resultados alcan\u00e7ados nos primeiros 20 dias do m\u00eas de mar\u00e7o tamb\u00e9m se revelaram bastante favor\u00e1veis, tanto que a compara\u00e7\u00e3o com fevereiro, mesmo com o lockout, ainda se apresentou dentro da faixa positiva (<a href=\"https:\/\/sincomavi.org.br\/precos-dos-materiais-de-construcao-voltam-a-subir-em-marco\/\" target=\"_blank\" rel=\"noreferrer noopener\" aria-label=\"confira aqui (abre numa nova aba)\"><strong>confira aqui<\/strong><\/a>).<\/p>\n\n\n\n<p>Para Cl\u00e1udio Ara\u00fajo de Lima, diretor do Sincomavi e da City Materiais para Constru\u00e7\u00e3o, desde dezembro do ano passado os n\u00fameros n\u00e3o se mostravam os desejados, apesar da pequena recupera\u00e7\u00e3o em janeiro. \u201cNo meu caso, os blocos carnavalescos acabaram por prejudicar muito as vendas em fevereiro\u201d, comenta. \u201cEm mar\u00e7o, at\u00e9 o dia 20, o faturamento alcan\u00e7ado era de 75% do obtido em fevereiro\u201d. Especializada em vendas corporativas, a City acabou por sentir realmente o baque no in\u00edcio de abril, quando a loja reabriu ao p\u00fablico, com queda estimada das vendas em 44%. \u201cMuitos consumidores finalizaram o que tinham para fazer e n\u00e3o h\u00e1 perspectivas de novas obras\u201d. Em sua opini\u00e3o, o <a href=\"https:\/\/sincomavi.org.br\/comeco-da-recuperacao-real-somente-em-seis-meses-no-minimo\/\" target=\"_blank\" rel=\"noreferrer noopener\" aria-label=\"cen\u00e1rio indefinido  (abre numa nova aba)\"><strong>cen\u00e1rio indefinido <\/strong><\/a>e o risco de empregar dinheiro nesse momento t\u00eam desmotivado o mercado corporativo. <\/p>\n\n\n\n<p>Em raz\u00e3o de atender o\nconsumidor final, a experi\u00eancia vivida pela Irm\u00e3os Suguiura Materiais para\nConstru\u00e7\u00e3o se mostra muito mais cr\u00edtica. A empresa sofreu um recuo de 95,35% no\nper\u00edodo de fechamento, entre 20 e 29 de mar\u00e7o. \u201cFizemos vendas somente pelo\nsite e WhatsApp\u201d, comenta Alexandre Suguiura, diretor da empresa. \u201cOs neg\u00f3cios foram\nquase nulos, pois n\u00e3o t\u00ednhamos uma estrutura adequada de atendimento online\u201d. Hoje,\no rombo causado pelo fechamento \u00e9 visto como coisa do passado. A preocupa\u00e7\u00e3o\nagora \u00e9 honrar compromissos e, para tanto, foi necess\u00e1rio buscar cr\u00e9dito no\nmercado. <\/p>\n\n\n\n<p>Ap\u00f3s a reabertura em\nhor\u00e1rio reduzido das lojas da rede, com toda a seguran\u00e7a aos consumidores e\ncolaboradores, a administra\u00e7\u00e3o buscou reter conhecimento dessa experi\u00eancia\nnegativa. A crise vivida se mostrou importante por comprovar que os canais\neletr\u00f4nicos ainda permanecem em n\u00edvel complementar nas opera\u00e7\u00f5es. \u201cAs vendas\npor WhatsApp, por exemplo, demoram 10 vezes mais, s\u00e3o onerosas e pouco\nrent\u00e1veis\u201d, adverte. Apesar de todos os problemas, Alexandre considera o\ncen\u00e1rio que se apresenta ao varejo de material de constru\u00e7\u00e3o mais positivo do que\npara outros segmentos do com\u00e9rcio em raz\u00e3o de ser considerado essencial. \u201cSer\u00e1\num per\u00edodo muito dif\u00edcil para os comerciantes, mas acredito que, no m\u00e1ximo, em\nseis meses ou at\u00e9 o final do ano tenha in\u00edcio a recupera\u00e7\u00e3o das vendas\u201d. <\/p>\n\n\n\n<h2 class=\"wp-block-heading\">Riscos<\/h2>\n\n\n\n<p>Reinaldo Pedro Correa, presidente do Sincomavi e propriet\u00e1rio da Correa Tintas, tra\u00e7a um cen\u00e1rio muito similar com queda nas vendas de 50%. \u201cMuitos clientes solicitaram a entrega do material, mas passado esse per\u00edodo n\u00e3o tiveram projetos novos e muitas oficinas continuam com as portas fechadas at\u00e9 hoje pela falta de trabalho\u201d. A Correa Tintas atende predominantemente o mercado de repintura automotiva. Diante desse quadro, Reinaldo optou por reduzir o per\u00edodo de atendimento at\u00e9 as 13 horas, como forma de preservar a sa\u00fade e diminuir a exposi\u00e7\u00e3o de consumidores e funcion\u00e1rios. \u201cAl\u00e9m da Covid-19, existe o risco de assaltos em raz\u00e3o da regi\u00e3o ter ficado muito vazia\u201d.<\/p>\n\n\n\n<p>O segmento de vidros\ncontabilizou tamb\u00e9m, como n\u00e3o poderia deixar de ser, queda nas vendas. Vitor\nMaione Samos, diretor da Color Vidros, afirma que manteve somente atendimento\nn\u00e3o presencial ap\u00f3s a decreta\u00e7\u00e3o da quarentena, em 20 de mar\u00e7o. \u201cO problema \u00e9\nque os condom\u00ednios passaram a n\u00e3o permitir a entrada de prestadores de\nservi\u00e7os. Com isso, as vidra\u00e7arias ficaram sem trabalho\u201d. Houve uma redu\u00e7\u00e3o no\nfaturamento da Color Vidros, entre mar\u00e7o e abril, de 62%, realidade que\npermanece at\u00e9 hoje. Al\u00e9m disso, outro problema teve de ser enfrentado: a alta\nna inadimpl\u00eancia. Segundo Vitor, a melhora nos neg\u00f3cios do setor passa\nobrigatoriamente pela libera\u00e7\u00e3o na entrada dos condom\u00ednios. \u201cExistem algumas\nobras sem moradores, que podem ser atendidas com algumas restri\u00e7\u00f5es, e mercados\nespec\u00edficos, caso dos projetos com produtos com maior valor agregado\u201d. No\nentanto, a recupera\u00e7\u00e3o nos neg\u00f3cios do varejo de vidros se mant\u00e9m atrelada ao\nfim da quarentena, fato que hoje ainda se mostra indefinido.<\/p>\n","protected":false},"excerpt":{"rendered":"<p>Dimensionar o tamanho preciso do impacto da pandemia do Coronav\u00edrus na economia brasileira, sobretudo no com\u00e9rcio, ser\u00e1 motivo de muitos estudos e teses acad\u00eamicas durante anos. No entanto, \u00e9 poss\u00edvel atualmente vislumbrar um quadro muito negativo das vendas do setor com a quarentena determinada pelos poderes p\u00fablicos paulistas. Apesar da surpresa causada, a primeira semana [&hellip;]<\/p>\n","protected":false},"author":1,"featured_media":3217,"comment_status":"closed","ping_status":"open","sticky":false,"template":"","format":"standard","meta":{"tdm_status":"","tdm_grid_status":"","footnotes":""},"categories":[153],"tags":[199,349,158,232,75,278],"class_list":["post-3215","post","type-post","status-publish","format-standard","has-post-thumbnail","hentry","category-noticias","tag-comercio","tag-coronavirus","tag-material-de-construcao","tag-tintas","tag-vendas","tag-vidracarias"],"amp_enabled":true,"_links":{"self":[{"href":"https:\/\/sincomavi.org.br\/index.php?rest_route=\/wp\/v2\/posts\/3215","targetHints":{"allow":["GET"]}}],"collection":[{"href":"https:\/\/sincomavi.org.br\/index.php?rest_route=\/wp\/v2\/posts"}],"about":[{"href":"https:\/\/sincomavi.org.br\/index.php?rest_route=\/wp\/v2\/types\/post"}],"author":[{"embeddable":true,"href":"https:\/\/sincomavi.org.br\/index.php?rest_route=\/wp\/v2\/users\/1"}],"replies":[{"embeddable":true,"href":"https:\/\/sincomavi.org.br\/index.php?rest_route=%2Fwp%2Fv2%2Fcomments&post=3215"}],"version-history":[{"count":3,"href":"https:\/\/sincomavi.org.br\/index.php?rest_route=\/wp\/v2\/posts\/3215\/revisions"}],"predecessor-version":[{"id":3228,"href":"https:\/\/sincomavi.org.br\/index.php?rest_route=\/wp\/v2\/posts\/3215\/revisions\/3228"}],"wp:featuredmedia":[{"embeddable":true,"href":"https:\/\/sincomavi.org.br\/index.php?rest_route=\/wp\/v2\/media\/3217"}],"wp:attachment":[{"href":"https:\/\/sincomavi.org.br\/index.php?rest_route=%2Fwp%2Fv2%2Fmedia&parent=3215"}],"wp:term":[{"taxonomy":"category","embeddable":true,"href":"https:\/\/sincomavi.org.br\/index.php?rest_route=%2Fwp%2Fv2%2Fcategories&post=3215"},{"taxonomy":"post_tag","embeddable":true,"href":"https:\/\/sincomavi.org.br\/index.php?rest_route=%2Fwp%2Fv2%2Ftags&post=3215"}],"curies":[{"name":"wp","href":"https:\/\/api.w.org\/{rel}","templated":true}]}}