{"id":3176,"date":"2020-04-22T08:17:19","date_gmt":"2020-04-22T11:17:19","guid":{"rendered":"https:\/\/sincomavi.org.br\/?p=3176"},"modified":"2020-04-22T13:30:20","modified_gmt":"2020-04-22T16:30:20","slug":"firmado-novos-aditamentos-sindicapro-e-seedesp-mp-936","status":"publish","type":"post","link":"https:\/\/sincomavi.org.br\/?p=3176","title":{"rendered":"Firmado novos aditamentos: Sindicapro e Seedesp (MP 936)"},"content":{"rendered":"\n<p>Tendo como objetivo proporcionar maior seguran\u00e7a jur\u00eddica \u00e0s empresas do segmento, o Sincomavi assinou dois novos termos emergenciais de aditamento \u00e0s Conven\u00e7\u00f5es Coletivas de Trabalho (CCT) com o Sindicato dos Motoristas da Capital (Sindicapro) e com o Sindicato dos Motoristas de Caieiras, Francisco Morato, Franco da Rocha  e Juquitiba  (Seedesp).<\/p>\n\n\n\n<p>Com esses termos emergenciais, as empresas do setor contam com total respaldo legal para a ado\u00e7\u00e3o dos pontos previstos na Medida Provis\u00f3ria n\u00ba 936, entre as quais, a redu\u00e7\u00e3o da jornada de trabalho e do sal\u00e1rio e\/ou suspens\u00e3o tempor\u00e1ria do contrato de trabalho.<\/p>\n\n\n\n<h3 class=\"wp-block-heading\"><strong>Fa\u00e7a o download<\/strong><\/h3>\n\n\n<style>.wp-block-kadence-advancedbtn.kb-btns_65cc68-4d{gap:var(--global-kb-gap-xs, 0.5rem );justify-content:center;align-items:center;}.kt-btns_65cc68-4d .kt-button{font-weight:normal;font-style:normal;}.kt-btns_65cc68-4d .kt-btn-wrap-0{margin-right:5px;}.wp-block-kadence-advancedbtn.kt-btns_65cc68-4d .kt-btn-wrap-0 .kt-button{color:#555555;border-color:#555555;}.wp-block-kadence-advancedbtn.kt-btns_65cc68-4d .kt-btn-wrap-0 .kt-button:hover, .wp-block-kadence-advancedbtn.kt-btns_65cc68-4d .kt-btn-wrap-0 .kt-button:focus{color:#ffffff;border-color:#444444;}.wp-block-kadence-advancedbtn.kt-btns_65cc68-4d .kt-btn-wrap-0 .kt-button::before{display:none;}.wp-block-kadence-advancedbtn.kt-btns_65cc68-4d .kt-btn-wrap-0 .kt-button:hover, .wp-block-kadence-advancedbtn.kt-btns_65cc68-4d .kt-btn-wrap-0 .kt-button:focus{background:#444444;}<\/style>\n<div class=\"wp-block-kadence-advancedbtn kt-btn-align-center kt-btn-tablet-align-inherit kt-btn-mobile-align-inherit kt-btns-wrap kt-btns_65cc68-4d\"><div class=\"kt-btn-wrap kt-btn-wrap-0\"><a class=\"kt-button button kt-btn-0-action kt-btn-size-standard kt-btn-style-basic kt-btn-svg-show-always kt-btn-has-text-true kt-btn-has-svg-false\" href=\"https:\/\/sincomavi.org.br\/wp-content\/uploads\/2020\/04\/TERMO-DE-ADITAMENTO-COVID-19-SINDICAPRO.pdf\" target=\"_blank\" rel=\"noreferrer noopener\"><span class=\"kt-btn-inner-text\">SINDICAPRO<\/span><\/a><\/div><\/div>\n\n\n<style>.wp-block-kadence-advancedbtn.kb-btns_8cc95c-e6{gap:var(--global-kb-gap-xs, 0.5rem );justify-content:center;align-items:center;}.kt-btns_8cc95c-e6 .kt-button{font-weight:normal;font-style:normal;}.kt-btns_8cc95c-e6 .kt-btn-wrap-0{margin-right:5px;}.wp-block-kadence-advancedbtn.kt-btns_8cc95c-e6 .kt-btn-wrap-0 .kt-button{color:#555555;background:#fcb900;border-color:#555555;}.wp-block-kadence-advancedbtn.kt-btns_8cc95c-e6 .kt-btn-wrap-0 .kt-button:hover, .wp-block-kadence-advancedbtn.kt-btns_8cc95c-e6 .kt-btn-wrap-0 .kt-button:focus{color:#ffffff;border-color:#444444;}.wp-block-kadence-advancedbtn.kt-btns_8cc95c-e6 .kt-btn-wrap-0 .kt-button::before{display:none;}.wp-block-kadence-advancedbtn.kt-btns_8cc95c-e6 .kt-btn-wrap-0 .kt-button:hover, .wp-block-kadence-advancedbtn.kt-btns_8cc95c-e6 .kt-btn-wrap-0 .kt-button:focus{background:#444444;}<\/style>\n<div class=\"wp-block-kadence-advancedbtn kt-btn-align-center kt-btn-tablet-align-inherit kt-btn-mobile-align-inherit kt-btns-wrap kt-btns_8cc95c-e6\"><div class=\"kt-btn-wrap kt-btn-wrap-0\"><a class=\"kt-button button kt-btn-0-action kt-btn-size-standard kt-btn-style-basic kt-btn-svg-show-always kt-btn-has-text-true kt-btn-has-svg-false\" href=\"https:\/\/sincomavi.org.br\/wp-content\/uploads\/2020\/04\/TERMO-DE-ADITAMENTO-SINCOMAVI-SEEDESP-COVID-19.pdf\" target=\"_blank\" rel=\"noreferrer noopener\"><span class=\"kt-btn-inner-text\">SEEDESP<\/span><\/a><\/div><\/div>\n","protected":false},"excerpt":{"rendered":"<p>Tendo como objetivo proporcionar maior seguran\u00e7a jur\u00eddica \u00e0s empresas do segmento, o Sincomavi assinou dois novos termos emergenciais de aditamento \u00e0s Conven\u00e7\u00f5es Coletivas de Trabalho (CCT) com o Sindicato dos Motoristas da Capital (Sindicapro) e com o Sindicato dos Motoristas de Caieiras, Francisco Morato, Franco da Rocha e Juquitiba (Seedesp). Com esses termos emergenciais, as [&hellip;]<\/p>\n","protected":false},"author":1,"featured_media":3175,"comment_status":"closed","ping_status":"open","sticky":false,"template":"","format":"standard","meta":{"tdm_status":"","tdm_grid_status":"","footnotes":""},"categories":[157],"tags":[349,392,395],"class_list":["post-3176","post","type-post","status-publish","format-standard","has-post-thumbnail","hentry","category-alerta","tag-coronavirus","tag-mp-936","tag-termo-de-aditamento"],"amp_enabled":true,"_links":{"self":[{"href":"https:\/\/sincomavi.org.br\/index.php?rest_route=\/wp\/v2\/posts\/3176","targetHints":{"allow":["GET"]}}],"collection":[{"href":"https:\/\/sincomavi.org.br\/index.php?rest_route=\/wp\/v2\/posts"}],"about":[{"href":"https:\/\/sincomavi.org.br\/index.php?rest_route=\/wp\/v2\/types\/post"}],"author":[{"embeddable":true,"href":"https:\/\/sincomavi.org.br\/index.php?rest_route=\/wp\/v2\/users\/1"}],"replies":[{"embeddable":true,"href":"https:\/\/sincomavi.org.br\/index.php?rest_route=%2Fwp%2Fv2%2Fcomments&post=3176"}],"version-history":[{"count":3,"href":"https:\/\/sincomavi.org.br\/index.php?rest_route=\/wp\/v2\/posts\/3176\/revisions"}],"predecessor-version":[{"id":3193,"href":"https:\/\/sincomavi.org.br\/index.php?rest_route=\/wp\/v2\/posts\/3176\/revisions\/3193"}],"wp:featuredmedia":[{"embeddable":true,"href":"https:\/\/sincomavi.org.br\/index.php?rest_route=\/wp\/v2\/media\/3175"}],"wp:attachment":[{"href":"https:\/\/sincomavi.org.br\/index.php?rest_route=%2Fwp%2Fv2%2Fmedia&parent=3176"}],"wp:term":[{"taxonomy":"category","embeddable":true,"href":"https:\/\/sincomavi.org.br\/index.php?rest_route=%2Fwp%2Fv2%2Fcategories&post=3176"},{"taxonomy":"post_tag","embeddable":true,"href":"https:\/\/sincomavi.org.br\/index.php?rest_route=%2Fwp%2Fv2%2Ftags&post=3176"}],"curies":[{"name":"wp","href":"https:\/\/api.w.org\/{rel}","templated":true}]}}