{"id":3129,"date":"2020-04-16T11:31:09","date_gmt":"2020-04-16T14:31:09","guid":{"rendered":"https:\/\/sincomavi.org.br\/?p=3129"},"modified":"2020-04-17T09:01:46","modified_gmt":"2020-04-17T12:01:46","slug":"termo-emergencial-de-aditamento-da-cct-capital-mp-936","status":"publish","type":"post","link":"https:\/\/sincomavi.org.br\/?p=3129","title":{"rendered":"Termo Emergencial de Aditamento da CCT Capital (MP 936)"},"content":{"rendered":"\n<p>16\/04\/2020 | Foi assinado, visando uma melhor seguran\u00e7a jur\u00eddica para as empresas representadas pelo Sincomavi na ado\u00e7\u00e3o das medidas estabelecidas pela Medida Provis\u00f3ria n\u00ba 936, &nbsp;o Termo Emergencial de Aditamento \u00e0 Conven\u00e7\u00e3o Coletiva de Trabalho (CCT) 2019-2020, para redu\u00e7\u00e3o da jornada de trabalho e do sal\u00e1rio e\/ou suspens\u00e3o tempor\u00e1ria do contrato de trabalho, com o Sindicato dos Comerci\u00e1rios de S\u00e3o Paulo.<\/p>\n\n\n\n<p>O Termo foi dividido nos\nseguintes t\u00f3picos:<\/p>\n\n\n\n<ul class=\"wp-block-list\"><li>Objeto do Aditamento<\/li><\/ul>\n\n\n\n<ul class=\"wp-block-list\"><li>Redu\u00e7\u00e3o da Jornada de Trabalho e do Sal\u00e1rio<\/li><\/ul>\n\n\n\n<ul class=\"wp-block-list\"><li>Suspens\u00e3o Tempor\u00e1ria do Contrato de Trabalho<\/li><\/ul>\n\n\n\n<ul class=\"wp-block-list\"><li>Garantia Provis\u00f3ria de Emprego<\/li><\/ul>\n\n\n\n<ul class=\"wp-block-list\"><li>Penaliza\u00e7\u00e3o pelo Descumprimento da Redu\u00e7\u00e3o e\/ou Suspens\u00e3o<\/li><\/ul>\n\n\n\n<ul class=\"wp-block-list\"><li>Comunica\u00e7\u00e3o para os sindicatos profissional e patronal<\/li><\/ul>\n\n\n\n<ul class=\"wp-block-list\"><li>Medidas de Prote\u00e7\u00e3o aos Empregados<\/li><\/ul>\n\n\n\n<ul class=\"wp-block-list\"><li>Aplica\u00e7\u00e3o, Prazos e Efeitos do Termo<\/li><\/ul>\n\n\n\n<ul class=\"wp-block-list\"><li>Concess\u00e3o das F\u00e9rias no Per\u00edodo de Redu\u00e7\u00e3o\/Suspens\u00e3o<\/li><\/ul>\n\n\n\n<ul class=\"wp-block-list\"><li>Prazo para Manifesta\u00e7\u00e3o do Empregado<\/li><\/ul>\n\n\n\n<ul class=\"wp-block-list\"><li>Flexibiliza\u00e7\u00e3o e Recomenda\u00e7\u00e3o na Assist\u00eancia \u00e0 Rescis\u00e3o<\/li><\/ul>\n\n\n\n<ul class=\"wp-block-list\"><li>Outras Penalidades<\/li><\/ul>\n\n\n\n<p>\u00c9 necess\u00e1rio ressaltar que, obedecido ao disposto na cl\u00e1usula referente \u00e0 Comunica\u00e7\u00e3o para as Entidades Profissional e Patronal, o presente Termo n\u00e3o inv\u00e1lida os acordos individuais celebrados anteriores a 15 de abril de 2020, desde que estejam em conformidade com as disposi\u00e7\u00f5es da MP 936\/20 e os sindicatos sejam comunicados at\u00e9 o dia 25 de abril de 2020.<\/p>\n\n\n\n<p>O Departamento Jur\u00eddico do Sincomavi orienta, dada a import\u00e2ncia do assunto, que o instrumento seja analisado cuidadosamente para sua correta aplica\u00e7\u00e3o e que tamb\u00e9m sejam obedecidas todas as disposi\u00e7\u00f5es da Medida Provis\u00f3ria que n\u00e3o foram tratadas no termo de aditamento especificamente.<\/p>\n\n\n<style>.wp-block-kadence-advancedbtn.kb-btns_60fdee-ae{gap:var(--global-kb-gap-xs, 0.5rem );justify-content:center;align-items:center;}.kt-btns_60fdee-ae .kt-button{font-weight:normal;font-style:normal;}.kt-btns_60fdee-ae .kt-btn-wrap-0{margin-right:5px;}.wp-block-kadence-advancedbtn.kt-btns_60fdee-ae .kt-btn-wrap-0 .kt-button{color:#555555;border-color:#555555;}.wp-block-kadence-advancedbtn.kt-btns_60fdee-ae .kt-btn-wrap-0 .kt-button:hover, .wp-block-kadence-advancedbtn.kt-btns_60fdee-ae .kt-btn-wrap-0 .kt-button:focus{color:#ffffff;border-color:#444444;}.wp-block-kadence-advancedbtn.kt-btns_60fdee-ae .kt-btn-wrap-0 .kt-button::before{display:none;}.wp-block-kadence-advancedbtn.kt-btns_60fdee-ae .kt-btn-wrap-0 .kt-button:hover, .wp-block-kadence-advancedbtn.kt-btns_60fdee-ae .kt-btn-wrap-0 .kt-button:focus{background:#444444;}<\/style>\n<div class=\"wp-block-kadence-advancedbtn kt-btn-align-center kt-btn-tablet-align-inherit kt-btn-mobile-align-inherit kt-btns-wrap kt-btns_60fdee-ae\"><div class=\"kt-btn-wrap kt-btn-wrap-0\"><a class=\"kt-button button kt-btn-0-action kt-btn-size-standard kt-btn-style-basic kt-btn-svg-show-always kt-btn-has-text-true kt-btn-has-svg-false\" href=\"https:\/\/sincomavi.org.br\/wp-content\/uploads\/2020\/04\/200415-CAPITAL-SINCOMAVI-TERMO-EMERGENCIAL-DE-ADITAMENTO.pdf\" target=\"_blank\" rel=\"noreferrer noopener\"><span class=\"kt-btn-inner-text\">DOWNLOADO TERMO<\/span><\/a><\/div><\/div>\n","protected":false},"excerpt":{"rendered":"<p>16\/04\/2020 | Foi assinado, visando uma melhor seguran\u00e7a jur\u00eddica para as empresas representadas pelo Sincomavi na ado\u00e7\u00e3o das medidas estabelecidas pela Medida Provis\u00f3ria n\u00ba 936, &nbsp;o Termo Emergencial de Aditamento \u00e0 Conven\u00e7\u00e3o Coletiva de Trabalho (CCT) 2019-2020, para redu\u00e7\u00e3o da jornada de trabalho e do sal\u00e1rio e\/ou suspens\u00e3o tempor\u00e1ria do contrato de trabalho, com o [&hellip;]<\/p>\n","protected":false},"author":1,"featured_media":3149,"comment_status":"closed","ping_status":"open","sticky":false,"template":"","format":"standard","meta":{"tdm_status":"","tdm_grid_status":"","footnotes":""},"categories":[157],"tags":[394,116,349,392,363],"class_list":["post-3129","post","type-post","status-publish","format-standard","has-post-thumbnail","hentry","category-alerta","tag-aditamento","tag-cct","tag-coronavirus","tag-mp-936","tag-relacoes-trabalhistas"],"amp_enabled":true,"_links":{"self":[{"href":"https:\/\/sincomavi.org.br\/index.php?rest_route=\/wp\/v2\/posts\/3129","targetHints":{"allow":["GET"]}}],"collection":[{"href":"https:\/\/sincomavi.org.br\/index.php?rest_route=\/wp\/v2\/posts"}],"about":[{"href":"https:\/\/sincomavi.org.br\/index.php?rest_route=\/wp\/v2\/types\/post"}],"author":[{"embeddable":true,"href":"https:\/\/sincomavi.org.br\/index.php?rest_route=\/wp\/v2\/users\/1"}],"replies":[{"embeddable":true,"href":"https:\/\/sincomavi.org.br\/index.php?rest_route=%2Fwp%2Fv2%2Fcomments&post=3129"}],"version-history":[{"count":6,"href":"https:\/\/sincomavi.org.br\/index.php?rest_route=\/wp\/v2\/posts\/3129\/revisions"}],"predecessor-version":[{"id":3150,"href":"https:\/\/sincomavi.org.br\/index.php?rest_route=\/wp\/v2\/posts\/3129\/revisions\/3150"}],"wp:featuredmedia":[{"embeddable":true,"href":"https:\/\/sincomavi.org.br\/index.php?rest_route=\/wp\/v2\/media\/3149"}],"wp:attachment":[{"href":"https:\/\/sincomavi.org.br\/index.php?rest_route=%2Fwp%2Fv2%2Fmedia&parent=3129"}],"wp:term":[{"taxonomy":"category","embeddable":true,"href":"https:\/\/sincomavi.org.br\/index.php?rest_route=%2Fwp%2Fv2%2Fcategories&post=3129"},{"taxonomy":"post_tag","embeddable":true,"href":"https:\/\/sincomavi.org.br\/index.php?rest_route=%2Fwp%2Fv2%2Ftags&post=3129"}],"curies":[{"name":"wp","href":"https:\/\/api.w.org\/{rel}","templated":true}]}}