{"id":3119,"date":"2020-04-14T14:08:00","date_gmt":"2020-04-14T17:08:00","guid":{"rendered":"https:\/\/sincomavi.org.br\/?p=3119"},"modified":"2020-04-17T10:23:40","modified_gmt":"2020-04-17T13:23:40","slug":"presidente-do-sincomavi-marca-presenca-em-videoconferencia-com-secretarios-da-prefeitura","status":"publish","type":"post","link":"https:\/\/sincomavi.org.br\/?p=3119","title":{"rendered":"Presidente do Sincomavi marca presen\u00e7a em videoconfer\u00eancia com secret\u00e1rios da Prefeitura"},"content":{"rendered":"\n<p>A reuni\u00e3o online realizada em 13 de abril teve como objetivo\nestabelecer hor\u00e1rios alternativos para a abertura das atividades comerciais no\nmunic\u00edpio de S\u00e3o Paulo durante o per\u00edodo de quarentena. Reinaldo Pedro Correa,\npresidente do Sincomavi, representou o segmento varejista de material de\nconstru\u00e7\u00e3o e de bicicletas. A videoconfer\u00eancia contou com as seguintes\nparticipa\u00e7\u00f5es: Mauro Ricardo Machado Costa, secret\u00e1rio de governo municipal; Edson\nCaran,&nbsp;secret\u00e1rio de Mobilidade e Transportes; Marcos Vinicius Sinval,&nbsp;secret\u00e1rio\nde Comunica\u00e7\u00e3o;&nbsp;Aline Cardoso,&nbsp;secretaria de Desenvolvimento\nEcon\u00f4mico e do Trabalho;&nbsp;Edson Aparecido,&nbsp;secret\u00e1rio da Sa\u00fade; Alfredo\nCotait Neto, presidente da Associa\u00e7\u00e3o Comercial de S\u00e3o Paulo (ACSP);&nbsp;Francisco\nde La T\u00f4rre, da Federa\u00e7\u00e3o do Com\u00e9rcio de Bens, Servi\u00e7os e Turismo do Estado de\nS\u00e3o Paulo (FecomercioSP);&nbsp;Carlos Correa, da Associa\u00e7\u00e3o Paulista de\nSupermercados (APAS); Serafim Branco,&nbsp;da Associa\u00e7\u00e3o Brasileira Redes\nFarm\u00e1cias e Drogaria (Abrafarma);&nbsp;Aldo Macri, do Sindicato dos Lojistas do\nCom\u00e9rcio de S\u00e3o Paulo (Sindilojas-SP); e&nbsp;Cl\u00e1udio Tartarini,&nbsp;da\nAssocia\u00e7\u00e3o Brasileira de Telesservi\u00e7os (ABT).<\/p>\n\n\n\n<p>Durante o encontro virtual, Reinaldo lembrou que a possibilidade de abertura do com\u00e9rcio somente \u00e0s 6h00, sugest\u00e3o inicial da prefeitura, n\u00e3o se mostrava a mais adequada, pois colocaria a integridade dos trabalhadores em risco. \u201cMuitas pessoas moram longe de seus locais de trabalho e esse hor\u00e1rio aumentaria a exposi\u00e7\u00e3o a assaltos,\u201d ressaltou. &nbsp;Dessa maneira, ficou definido que seria adotado no setor duas janelas 6h00 e 11h00 (hor\u00e1rios recomendados de in\u00edcio ou de troca de turno para atividades com mais de um turno de trabalho), conforme <strong>decreto n\u00ba 59.349<\/strong> (<a href=\"https:\/\/sincomavi.org.br\/horarios-alternativos-recomendacao-da-prefeitura-da-capital\/\" target=\"_blank\" rel=\"noreferrer noopener\" aria-label=\"veja mais detalhes aqui (abre numa nova aba)\"><strong>veja mais detalhes aqui<\/strong><\/a>). <\/p>\n\n\n\n<p>O encontro virtual com autoridades do munic\u00edpio tamb\u00e9m serviu para os representantes do com\u00e9rcio fazerem apelos por maior flexibiliza\u00e7\u00e3o no isolamento social e de contrapartidas por parte da administra\u00e7\u00e3o p\u00fablica, como adiamento no recolhimento de impostos (ICMS, ISS e IPTU), o que n\u00e3o ocorreu at\u00e9 o momento no \u00e2mbito da capital.<\/p>\n\n\n\n<p>A diretoria do Sincomavi continua buscando conscientizar o\npoder p\u00fablico da import\u00e2ncia da ado\u00e7\u00e3o de a\u00e7\u00f5es efetivas que minimizem o\nimpacto da quarentena no com\u00e9rcio. Infelizmente, as contrapartidas apresentadas\npela prefeitura de S\u00e3o Paulo se mostram ainda muito t\u00edmidas. Enquanto isso,\nadministra\u00e7\u00f5es de outras cidades da Regi\u00e3o Metropolitana de S\u00e3o Paulo (RMSP) j\u00e1\ndefiniram oficialmente o adiamento no pagamento de impostos municipais e outras\na\u00e7\u00f5es para mitigar a queda nas vendas do com\u00e9rcio.<\/p>\n","protected":false},"excerpt":{"rendered":"<p>A reuni\u00e3o online realizada em 13 de abril teve como objetivo estabelecer hor\u00e1rios alternativos para a abertura das atividades comerciais no munic\u00edpio de S\u00e3o Paulo durante o per\u00edodo de quarentena. Reinaldo Pedro Correa, presidente do Sincomavi, representou o segmento varejista de material de constru\u00e7\u00e3o e de bicicletas. A videoconfer\u00eancia contou com as seguintes participa\u00e7\u00f5es: Mauro [&hellip;]<\/p>\n","protected":false},"author":1,"featured_media":3160,"comment_status":"closed","ping_status":"open","sticky":false,"template":"","format":"standard","meta":{"tdm_status":"","tdm_grid_status":"","footnotes":""},"categories":[153],"tags":[349,247],"class_list":["post-3119","post","type-post","status-publish","format-standard","has-post-thumbnail","hentry","category-noticias","tag-coronavirus","tag-pmsp"],"amp_enabled":true,"_links":{"self":[{"href":"https:\/\/sincomavi.org.br\/index.php?rest_route=\/wp\/v2\/posts\/3119","targetHints":{"allow":["GET"]}}],"collection":[{"href":"https:\/\/sincomavi.org.br\/index.php?rest_route=\/wp\/v2\/posts"}],"about":[{"href":"https:\/\/sincomavi.org.br\/index.php?rest_route=\/wp\/v2\/types\/post"}],"author":[{"embeddable":true,"href":"https:\/\/sincomavi.org.br\/index.php?rest_route=\/wp\/v2\/users\/1"}],"replies":[{"embeddable":true,"href":"https:\/\/sincomavi.org.br\/index.php?rest_route=%2Fwp%2Fv2%2Fcomments&post=3119"}],"version-history":[{"count":2,"href":"https:\/\/sincomavi.org.br\/index.php?rest_route=\/wp\/v2\/posts\/3119\/revisions"}],"predecessor-version":[{"id":3123,"href":"https:\/\/sincomavi.org.br\/index.php?rest_route=\/wp\/v2\/posts\/3119\/revisions\/3123"}],"wp:featuredmedia":[{"embeddable":true,"href":"https:\/\/sincomavi.org.br\/index.php?rest_route=\/wp\/v2\/media\/3160"}],"wp:attachment":[{"href":"https:\/\/sincomavi.org.br\/index.php?rest_route=%2Fwp%2Fv2%2Fmedia&parent=3119"}],"wp:term":[{"taxonomy":"category","embeddable":true,"href":"https:\/\/sincomavi.org.br\/index.php?rest_route=%2Fwp%2Fv2%2Fcategories&post=3119"},{"taxonomy":"post_tag","embeddable":true,"href":"https:\/\/sincomavi.org.br\/index.php?rest_route=%2Fwp%2Fv2%2Ftags&post=3119"}],"curies":[{"name":"wp","href":"https:\/\/api.w.org\/{rel}","templated":true}]}}