{"id":3086,"date":"2020-04-13T13:24:37","date_gmt":"2020-04-13T16:24:37","guid":{"rendered":"https:\/\/sincomavi.org.br\/?p=3086"},"modified":"2020-04-17T09:09:12","modified_gmt":"2020-04-17T12:09:12","slug":"aditamento-cotia-e-regiao-medida-provisoria-936","status":"publish","type":"post","link":"https:\/\/sincomavi.org.br\/?p=3086","title":{"rendered":"Aditamento Cotia e Regi\u00e3o (Medida Provis\u00f3ria 936)"},"content":{"rendered":"\n<p>13\/04\/2020 | Firmado o Aditamento \u00e0 Conven\u00e7\u00e3o Coletiva de Trabalho (CCT) com o Sindicato dos Empregados no Com\u00e9rcio de Cotia e Regi\u00e3o, no qual constam os requisitos para os acordos de redu\u00e7\u00e3o e\/ou suspens\u00e3o dos contatos de trabalho previstos na Medida Provis\u00f3ria 936, na base desse sindicato laboral.<\/p>\n\n\n\n<p>Para ter acesso ao conte\u00fado completo do aditamento, <a href=\"https:\/\/sincomavi.org.br\/wp-content\/uploads\/2020\/04\/ADITAMENTO-MP-936-COTIA-2019_2020-.pdf\" target=\"_blank\" rel=\"noreferrer noopener\" aria-label=\" (abre numa nova aba)\"><strong>clique aqui<\/strong><\/a><\/p>\n","protected":false},"excerpt":{"rendered":"<p>13\/04\/2020 | Firmado o Aditamento \u00e0 Conven\u00e7\u00e3o Coletiva de Trabalho (CCT) com o Sindicato dos Empregados no Com\u00e9rcio de Cotia e Regi\u00e3o, no qual constam os requisitos para os acordos de redu\u00e7\u00e3o e\/ou suspens\u00e3o dos contatos de trabalho previstos na Medida Provis\u00f3ria 936, na base desse sindicato laboral. Para ter acesso ao conte\u00fado completo do [&hellip;]<\/p>\n","protected":false},"author":1,"featured_media":3154,"comment_status":"closed","ping_status":"open","sticky":false,"template":"","format":"standard","meta":{"tdm_status":"","tdm_grid_status":"","footnotes":""},"categories":[157],"tags":[349,391,392],"class_list":["post-3086","post","type-post","status-publish","format-standard","has-post-thumbnail","hentry","category-alerta","tag-coronavirus","tag-cotia","tag-mp-936"],"amp_enabled":true,"_links":{"self":[{"href":"https:\/\/sincomavi.org.br\/index.php?rest_route=\/wp\/v2\/posts\/3086","targetHints":{"allow":["GET"]}}],"collection":[{"href":"https:\/\/sincomavi.org.br\/index.php?rest_route=\/wp\/v2\/posts"}],"about":[{"href":"https:\/\/sincomavi.org.br\/index.php?rest_route=\/wp\/v2\/types\/post"}],"author":[{"embeddable":true,"href":"https:\/\/sincomavi.org.br\/index.php?rest_route=\/wp\/v2\/users\/1"}],"replies":[{"embeddable":true,"href":"https:\/\/sincomavi.org.br\/index.php?rest_route=%2Fwp%2Fv2%2Fcomments&post=3086"}],"version-history":[{"count":2,"href":"https:\/\/sincomavi.org.br\/index.php?rest_route=\/wp\/v2\/posts\/3086\/revisions"}],"predecessor-version":[{"id":3093,"href":"https:\/\/sincomavi.org.br\/index.php?rest_route=\/wp\/v2\/posts\/3086\/revisions\/3093"}],"wp:featuredmedia":[{"embeddable":true,"href":"https:\/\/sincomavi.org.br\/index.php?rest_route=\/wp\/v2\/media\/3154"}],"wp:attachment":[{"href":"https:\/\/sincomavi.org.br\/index.php?rest_route=%2Fwp%2Fv2%2Fmedia&parent=3086"}],"wp:term":[{"taxonomy":"category","embeddable":true,"href":"https:\/\/sincomavi.org.br\/index.php?rest_route=%2Fwp%2Fv2%2Fcategories&post=3086"},{"taxonomy":"post_tag","embeddable":true,"href":"https:\/\/sincomavi.org.br\/index.php?rest_route=%2Fwp%2Fv2%2Ftags&post=3086"}],"curies":[{"name":"wp","href":"https:\/\/api.w.org\/{rel}","templated":true}]}}