{"id":3083,"date":"2020-04-13T08:30:36","date_gmt":"2020-04-13T11:30:36","guid":{"rendered":"https:\/\/sincomavi.org.br\/?p=3083"},"modified":"2022-09-23T10:30:06","modified_gmt":"2022-09-23T13:30:06","slug":"covid-19-e-os-primeiros-impactos-mensurados-no-varejo-de-materiais-de-construcao","status":"publish","type":"post","link":"https:\/\/sincomavi.org.br\/?p=3083","title":{"rendered":"COVID-19 e os primeiros impactos mensurados no varejo de material de constru\u00e7\u00e3o"},"content":{"rendered":"\n<p>13\/04\/2020 | Tem sido dias dif\u00edceis para tra\u00e7ar cen\u00e1rios, tend\u00eancias e orienta\u00e7\u00f5es. Os impactos do Covid-19, e das decis\u00f5es corretas de preserva\u00e7\u00e3o \u00e0 vida, trazem desafios di\u00e1rios \u00e0 popula\u00e7\u00e3o e ao fluxo econ\u00f4mico. A incapacidade de prever ao menos com certa seguran\u00e7a os pr\u00f3ximos dias e semanas nos impede de realizar algum planejamento. Estamos falando das rela\u00e7\u00f5es pessoais dentro de casa, do or\u00e7amento das fam\u00edlias, do n\u00edvel de emprego de nossa economia e do rumo de nossos neg\u00f3cios. O que \u00e9 poss\u00edvel observar, ainda que timidamente, \u00e9 o c\u00e1lculo estat\u00edstico da realidade atual com a amostra do que foram as \u00faltimas semanas. <\/p>\n\n\n\n<p>No caso especificamente do varejo de\nmateriais de constru\u00e7\u00e3o, vamos destrinchar alguns dados apresentados por meio\nda grande m\u00eddia. Antes de mais nada, deixemos de lado o car\u00e1ter rigorosamente\nmetodol\u00f3gico, dado que muitas institui\u00e7\u00f5es t\u00eam vivido dificuldades na\nformula\u00e7\u00e3o de pesquisas devido ao isolamento social e o n\u00e3o funcionamento\nempresarial. O que vislumbraremos \u00e9 tend\u00eancia das curvas de vendas e a queda\n\u00f3bvia da atividade comercial. <\/p>\n\n\n\n<p>Dados da Pesquisa Mensal do Com\u00e9rcio (PMC), do Instituto Brasileiro de Geografia e Estat\u00edstica (IBGE) mostraram at\u00e9 fevereiro, antes da chegada da crise, que o varejo de material de constru\u00e7\u00e3o crescia apenas 0,3% no ano, puxado pelo dado ruim de fevereiro (-2,0%). A presen\u00e7a do carnaval e j\u00e1 um temor conjuntural trazido pelo coronav\u00edrus \u00e0 economia mundial podem explicar tal n\u00famero mensal. O que se viu em mar\u00e7o foi a contamina\u00e7\u00e3o geral de nossa economia com a chegada forte do v\u00edrus. O risco leva as fam\u00edlias a direcionarem a renda aos bens n\u00e3o dur\u00e1veis essenciais. Esta realidade \u00e9 agravada pela incerteza de como a economia iria reagir, o que for\u00e7a paralisa\u00e7\u00e3o dos investimentos e tomada de cr\u00e9dito (principalmente em amplia\u00e7\u00f5es, reformas, novas plantas etc.). A decis\u00e3o de quarentena e a\u00e7\u00f5es mais proeminentes de isolamento social, que reafirmo, s\u00e3o essenciais e priorit\u00e1rias, fecham o ciclo de funcionamento normal da atividade. E ainda cabe ressaltar que n\u00e3o apenas o interrompimento das atividades de boa parte dos estabelecimentos varejistas, atacadistas e servi\u00e7os ao p\u00fablico s\u00e3o os \u00fanicos respons\u00e1veis pela derrocada das vendas do setor analisado. Como pode ser visto acima nas outras descri\u00e7\u00f5es conjunturais feitas, a tend\u00eancia com a eclos\u00e3o do Covid-19 j\u00e1 era de consumo paralisado, por fam\u00edlias e empresas. <\/p>\n\n\n\n<p>E os n\u00fameros do forte recuo das vendas de material de constru\u00e7\u00e3o? Enquanto n\u00e3o h\u00e1 pesquisas consolidadas de varia\u00e7\u00e3o do volume de vendas, faturamento nominal e real do setor, vamos observar o que est\u00e1 dispon\u00edvel. A empresa Cielo, por meio do \u00edndice ICVA, mostrou que em rela\u00e7\u00e3o a fevereiro o faturamento nominal do varejo ampliado brasileiro caiu em mar\u00e7o, e in\u00edcio de abril, praticamente 25%. Os bens dur\u00e1veis cerca de 40%, o recuo de materiais de constru\u00e7\u00e3o foi mais ameno, de 18,5%. No entanto, ocorreu uma redu\u00e7\u00e3o de quase 60% na 4\u00aa semana de mar\u00e7o. <\/p>\n\n\n\n<p>A Serasa Experian observou em seu indicador de atividade comercial, com ajuste, que o varejo recuou 16,2% em mar\u00e7o, na compara\u00e7\u00e3o ao m\u00eas anterior, sendo que somente no ramo de materiais de constru\u00e7\u00e3o a queda na atividade foi de quase 22%.<\/p>\n\n\n\n<p>De toda forma, o que se observa \u00e9 que\nos medidores de desempenho apontam para uma realidade de redu\u00e7\u00e3o nas vendas do\nsetor entre 20% e 30% nas \u00faltimas semanas, com picos moment\u00e2neos de mais de 50%\nde recuo. N\u00e3o h\u00e1 d\u00favidas que o cen\u00e1rio incerto \u00e9 muito agudo. Quem pode partir\npara a estrat\u00e9gia do e-commerce ao menos garante uma forma de escoamento de\nmercadorias. Outro ponto de aten\u00e7\u00e3o positivo \u00e9 a estrat\u00e9gia para fomentar\nprodutos para pequenas reformas ou reparos, dado que muita gente est\u00e1 em casa e\ndeve continuar nas pr\u00f3ximas semanas. Ainda \u00e9 dif\u00edcil prever o tamanho do po\u00e7o\nque entramos, mas se sabe que ser\u00e3o muito degraus para retomada, quando ela for\nposs\u00edvel. <\/p>\n\n\n\n<p><em>Jaime Vasconcellos, analista econ\u00f4mico do Sincomavi<\/em><\/p>\n","protected":false},"excerpt":{"rendered":"<p>13\/04\/2020 | Tem sido dias dif\u00edceis para tra\u00e7ar cen\u00e1rios, tend\u00eancias e orienta\u00e7\u00f5es. Os impactos do Covid-19, e das decis\u00f5es corretas de preserva\u00e7\u00e3o \u00e0 vida, trazem desafios di\u00e1rios \u00e0 popula\u00e7\u00e3o e ao fluxo econ\u00f4mico. A incapacidade de prever ao menos com certa seguran\u00e7a os pr\u00f3ximos dias e semanas nos impede de realizar algum planejamento. Estamos falando [&hellip;]<\/p>\n","protected":false},"author":1,"featured_media":3161,"comment_status":"closed","ping_status":"open","sticky":false,"template":"","format":"standard","meta":{"tdm_status":"","tdm_grid_status":"","footnotes":""},"categories":[210],"tags":[349,390,227,158,200,75],"class_list":["post-3083","post","type-post","status-publish","format-standard","has-post-thumbnail","hentry","category-artigos","tag-coronavirus","tag-crise","tag-faturamento","tag-material-de-construcao","tag-varejo","tag-vendas"],"amp_enabled":true,"_links":{"self":[{"href":"https:\/\/sincomavi.org.br\/index.php?rest_route=\/wp\/v2\/posts\/3083","targetHints":{"allow":["GET"]}}],"collection":[{"href":"https:\/\/sincomavi.org.br\/index.php?rest_route=\/wp\/v2\/posts"}],"about":[{"href":"https:\/\/sincomavi.org.br\/index.php?rest_route=\/wp\/v2\/types\/post"}],"author":[{"embeddable":true,"href":"https:\/\/sincomavi.org.br\/index.php?rest_route=\/wp\/v2\/users\/1"}],"replies":[{"embeddable":true,"href":"https:\/\/sincomavi.org.br\/index.php?rest_route=%2Fwp%2Fv2%2Fcomments&post=3083"}],"version-history":[{"count":3,"href":"https:\/\/sincomavi.org.br\/index.php?rest_route=\/wp\/v2\/posts\/3083\/revisions"}],"predecessor-version":[{"id":8862,"href":"https:\/\/sincomavi.org.br\/index.php?rest_route=\/wp\/v2\/posts\/3083\/revisions\/8862"}],"wp:featuredmedia":[{"embeddable":true,"href":"https:\/\/sincomavi.org.br\/index.php?rest_route=\/wp\/v2\/media\/3161"}],"wp:attachment":[{"href":"https:\/\/sincomavi.org.br\/index.php?rest_route=%2Fwp%2Fv2%2Fmedia&parent=3083"}],"wp:term":[{"taxonomy":"category","embeddable":true,"href":"https:\/\/sincomavi.org.br\/index.php?rest_route=%2Fwp%2Fv2%2Fcategories&post=3083"},{"taxonomy":"post_tag","embeddable":true,"href":"https:\/\/sincomavi.org.br\/index.php?rest_route=%2Fwp%2Fv2%2Ftags&post=3083"}],"curies":[{"name":"wp","href":"https:\/\/api.w.org\/{rel}","templated":true}]}}