{"id":3019,"date":"2020-04-02T13:22:14","date_gmt":"2020-04-02T16:22:14","guid":{"rendered":"https:\/\/sincomavi.org.br\/?p=3019"},"modified":"2020-04-02T13:22:15","modified_gmt":"2020-04-02T16:22:15","slug":"adiada-por-60-dias-o-prazo-de-entrega-da-declaracao-do-irpf","status":"publish","type":"post","link":"https:\/\/sincomavi.org.br\/?p=3019","title":{"rendered":"Adiada por 60 dias o prazo de entrega da Declara\u00e7\u00e3o do IRPF"},"content":{"rendered":"\n<p>\nO\nprazo para apresenta\u00e7\u00e3o da Declara\u00e7\u00e3o do Imposto de Renda da\nPessoa F\u00edsica foi adiado do dia 30 de abril para o dia 30 de junho\nde 2020 e a exig\u00eancia de se informar o n\u00famero constante no recibo\nde entrega da \u00faltima declara\u00e7\u00e3o de ajuste anual foi retirada.<\/p>\n\n\n\n<p>Como\nconsequ\u00eancia, a data do agendamento do d\u00e9bito autom\u00e1tico da 1\u00aa\ncota passa de 10 de abril para o dia 10 de junho.&nbsp;<\/p>\n\n\n\n<p>Historicamente,\nh\u00e1 contribuintes que se dirigem a unidades da RFB para que lhes seja\ndisponibilizado o n\u00famero do recibo da \u00faltima declara\u00e7\u00e3o, seja\nporque perderam a vers\u00e3o impressa, seja porque n\u00e3o possuem mais\nacesso \u00e0 m\u00eddia ou ao computador em que estava armazenado o recibo.<\/p>\n\n\n\n<p>Com\na altera\u00e7\u00e3o do prazo e a retirada da exig\u00eancia da informa\u00e7\u00e3o do\nn\u00famero do recibo, objetiva-se evitar eventuais aglomera\u00e7\u00f5es de\ncontribuintes no atendimento da RFB, bem como em empresas ou\ninstitui\u00e7\u00f5es financeiras, na busca de informes de rendimentos, e em\nescrit\u00f3rios de profissionais ou em entidades que prestem aux\u00edlio no\npreenchimento das declara\u00e7\u00f5es, de modo a contribuir com o esfor\u00e7o\ngovernamental de diminuir a propaga\u00e7\u00e3o do novo Coronav\u00edrus.<\/p>\n\n\n\n<p>Para\nos contribuintes que j\u00e1 entregaram a declara\u00e7\u00e3o, a Receita Federal\ninforma que ser\u00e1 atualizada a vers\u00e3o do Programa gerador da\nDeclara\u00e7\u00e3o (PGD) e assim ser\u00e1 poss\u00edvel a emiss\u00e3o de novo DARF.<\/p>\n\n\n\n<p>Para\naqueles contribuintes que j\u00e1 agendaram o pagamento das cotas a\nReceita Federal aceitar\u00e1 o d\u00e9bito, de acordo com os novos prazos de\nvencimento.<\/p>\n\n\n\n<p><em>Fonte: Receita Federal<\/em><\/p>\n","protected":false},"excerpt":{"rendered":"<p>O prazo para apresenta\u00e7\u00e3o da Declara\u00e7\u00e3o do Imposto de Renda da Pessoa F\u00edsica foi adiado do dia 30 de abril para o dia 30 de junho de 2020 e a exig\u00eancia de se informar o n\u00famero constante no recibo de entrega da \u00faltima declara\u00e7\u00e3o de ajuste anual foi retirada. Como consequ\u00eancia, a data do agendamento [&hellip;]<\/p>\n","protected":false},"author":1,"featured_media":3020,"comment_status":"closed","ping_status":"open","sticky":false,"template":"","format":"standard","meta":{"tdm_status":"","tdm_grid_status":"","footnotes":""},"categories":[153],"tags":[349,248,385,132,311],"class_list":["post-3019","post","type-post","status-publish","format-standard","has-post-thumbnail","hentry","category-noticias","tag-coronavirus","tag-declaracao","tag-imposto-de-renda","tag-irpf","tag-receita-federal"],"amp_enabled":true,"_links":{"self":[{"href":"https:\/\/sincomavi.org.br\/index.php?rest_route=\/wp\/v2\/posts\/3019","targetHints":{"allow":["GET"]}}],"collection":[{"href":"https:\/\/sincomavi.org.br\/index.php?rest_route=\/wp\/v2\/posts"}],"about":[{"href":"https:\/\/sincomavi.org.br\/index.php?rest_route=\/wp\/v2\/types\/post"}],"author":[{"embeddable":true,"href":"https:\/\/sincomavi.org.br\/index.php?rest_route=\/wp\/v2\/users\/1"}],"replies":[{"embeddable":true,"href":"https:\/\/sincomavi.org.br\/index.php?rest_route=%2Fwp%2Fv2%2Fcomments&post=3019"}],"version-history":[{"count":1,"href":"https:\/\/sincomavi.org.br\/index.php?rest_route=\/wp\/v2\/posts\/3019\/revisions"}],"predecessor-version":[{"id":3021,"href":"https:\/\/sincomavi.org.br\/index.php?rest_route=\/wp\/v2\/posts\/3019\/revisions\/3021"}],"wp:featuredmedia":[{"embeddable":true,"href":"https:\/\/sincomavi.org.br\/index.php?rest_route=\/wp\/v2\/media\/3020"}],"wp:attachment":[{"href":"https:\/\/sincomavi.org.br\/index.php?rest_route=%2Fwp%2Fv2%2Fmedia&parent=3019"}],"wp:term":[{"taxonomy":"category","embeddable":true,"href":"https:\/\/sincomavi.org.br\/index.php?rest_route=%2Fwp%2Fv2%2Fcategories&post=3019"},{"taxonomy":"post_tag","embeddable":true,"href":"https:\/\/sincomavi.org.br\/index.php?rest_route=%2Fwp%2Fv2%2Ftags&post=3019"}],"curies":[{"name":"wp","href":"https:\/\/api.w.org\/{rel}","templated":true}]}}