{"id":2821,"date":"2020-04-27T13:51:00","date_gmt":"2020-04-27T16:51:00","guid":{"rendered":"https:\/\/sincomavi.org.br\/?p=2821"},"modified":"2020-05-13T08:58:52","modified_gmt":"2020-05-13T11:58:52","slug":"liberacao-de-abertura-do-comercio-pelas-prefeituras","status":"publish","type":"post","link":"https:\/\/sincomavi.org.br\/?p=2821","title":{"rendered":"Libera\u00e7\u00e3o de abertura do com\u00e9rcio pelas prefeituras"},"content":{"rendered":"\n<p>11\/05\/2020 | Atualizado 09h59 | Algumas cidades est\u00e3o alterando suas normas e permitindo a abertura de alguns ramos do com\u00e9rcio, entre eles o de materiais de constru\u00e7\u00e3o, como \u00e9 o caso de: <\/p>\n\n\n\n<ul class=\"wp-block-list\"><li>S\u00e3o Paulo: <strong><a rel=\"noreferrer noopener\" aria-label=\"vide aqui (abre numa nova aba)\" href=\"https:\/\/sincomavi.org.br\/autorizado-o-funcionamento-de-lojas-de-material-de-construcao\/\" target=\"_blank\">lin<\/a><\/strong><a rel=\"noreferrer noopener\" aria-label=\"vide aqui (abre numa nova aba)\" href=\"https:\/\/sincomavi.org.br\/autorizado-o-funcionamento-de-lojas-de-material-de-construcao\/\" target=\"_blank\"><strong>k<\/strong><\/a><\/li><\/ul>\n\n\n\n<ul class=\"wp-block-list\"><li>Guarulhos: <strong><a rel=\"noreferrer noopener\" aria-label=\"vide decreto aqui (abre numa nova aba)\" href=\"https:\/\/sincomavi.org.br\/wp-content\/uploads\/2020\/03\/GUARULHOS-ABRE-MAT-CONSTRU\u00c7\u00c3O-457353596.pdf\" target=\"_blank\">link<\/a><\/strong><br>&#8211; <a href=\"https:\/\/sincomavi.org.br\/wp-content\/uploads\/2020\/05\/GUARULHOS-1789641177.pdf\" target=\"_blank\" rel=\"noreferrer noopener\"><strong>novo decreto<\/strong><\/a><\/li><\/ul>\n\n\n\n<ul class=\"wp-block-list\"><li>Diadema: <strong><a rel=\"noreferrer noopener\" aria-label=\"link (abre numa nova aba)\" href=\"https:\/\/sincomavi.org.br\/wp-content\/uploads\/2020\/05\/DIADEMA_decreto-7727_2020_-Isolamento-Social-_-Comercios-_certo.pdf\" target=\"_blank\">link<\/a><\/strong><br>&#8211; <strong><a rel=\"noreferrer noopener\" href=\"https:\/\/sincomavi.org.br\/wp-content\/uploads\/2020\/05\/DIADEMA_DECRETO-7.773-_-2020-ISOLAMENTO-SOCIAL-CORRETO.pdf\" target=\"_blank\">Novo decreto<\/a><\/strong> (08\/05\/2020)<\/li><\/ul>\n\n\n\n<ul class=\"wp-block-list\"><li>Mogi das Cruzes: <strong><a rel=\"noreferrer noopener\" aria-label=\"clique aqui (abre numa nova aba)\" href=\"http:\/\/mogidascruzes.sp.gov.br\/noticia\/governo-do-estado-autoriza-funcionamento-de-lojas-de-materiais-de-construcao-durante-quarentena\" target=\"_blank\">lin<\/a><\/strong><a rel=\"noreferrer noopener\" aria-label=\"clique aqui (abre numa nova aba)\" href=\"http:\/\/mogidascruzes.sp.gov.br\/noticia\/governo-do-estado-autoriza-funcionamento-de-lojas-de-materiais-de-construcao-durante-quarentena\" target=\"_blank\"><strong>k<\/strong><\/a><\/li><\/ul>\n\n\n\n<ul class=\"wp-block-list\"><li>Aruj\u00e1: <strong><a rel=\"noreferrer noopener\" aria-label=\" (abre numa nova aba)\" href=\"https:\/\/sincomavi.org.br\/wp-content\/uploads\/2020\/03\/DO_185_20200327_ARUJA.pdf\" target=\"_blank\">lin<\/a><\/strong><a rel=\"noreferrer noopener\" aria-label=\" (abre numa nova aba)\" href=\"https:\/\/sincomavi.org.br\/wp-content\/uploads\/2020\/03\/DO_185_20200327_ARUJA.pdf\" target=\"_blank\"><strong>k<\/strong><\/a><\/li><\/ul>\n\n\n\n<ul class=\"wp-block-list\"><li>Santa Isabel: <a href=\"https:\/\/sincomavi.org.br\/wp-content\/uploads\/2020\/05\/dec-6169-2020-santa_isabel-sp.pdf\" target=\"_blank\" rel=\"noreferrer noopener\" aria-label=\" (abre numa nova aba)\"><strong>link<\/strong><\/a><\/li><\/ul>\n\n\n\n<ul class=\"wp-block-list\"><li>Itaquaquecetuba: <a rel=\"noreferrer noopener\" aria-label=\"link (abre numa nova aba)\" href=\"https:\/\/sincomavi.org.br\/wp-content\/uploads\/2020\/03\/Decreto-7807-2020-Liberacao-lojas-de-materiais-de-construcao-Covid-19_itaqua.pdf\" target=\"_blank\"><strong>link<\/strong><\/a><\/li><\/ul>\n\n\n\n<ul class=\"wp-block-list\"><li>Mau\u00e1: <a rel=\"noreferrer noopener\" aria-label=\"link (abre numa nova aba)\" href=\"https:\/\/sincomavi.org.br\/wp-content\/uploads\/2020\/03\/Decreto-8684_MAUA.pdf\" target=\"_blank\"><strong>link<\/strong><\/a><\/li><\/ul>\n\n\n\n<ul class=\"wp-block-list\"><li>S\u00e3o Bernardo do Campo: <a rel=\"noreferrer noopener\" aria-label=\"link (abre numa nova aba)\" href=\"https:\/\/sincomavi.org.br\/wp-content\/uploads\/2020\/03\/NM-2125-Especial-de-31.03.2020-Conte\u00fado-Integral_saobernardo.pdf\" target=\"_blank\"><strong>link<\/strong><\/a><br>Aten\u00e7\u00e3o \u00e0s exig\u00eancias e condi\u00e7\u00f5es para abertura<\/li><\/ul>\n\n\n\n<ul class=\"wp-block-list\"><li>Suzano:<strong> <a rel=\"noreferrer noopener\" aria-label=\"link (abre numa nova aba)\" href=\"https:\/\/sincomavi.org.br\/wp-content\/uploads\/2020\/03\/DOE-DOE_suzano.pdf\" target=\"_blank\">link<\/a><\/strong><\/li><\/ul>\n\n\n\n<ul class=\"wp-block-list\"><li>Mairipor\u00e3: <a rel=\"noreferrer noopener\" aria-label=\"link (abre numa nova aba)\" href=\"https:\/\/sincomavi.org.br\/wp-content\/uploads\/2020\/03\/MAIRIPORA_ImprensaOficial_PMM_Edicao_902.pdf\" target=\"_blank\"><strong>link<\/strong><\/a><\/li><\/ul>\n\n\n\n<ul class=\"wp-block-list\"><li>Ferraz de Vasconcelos: <a href=\"https:\/\/sincomavi.org.br\/wp-content\/uploads\/2020\/04\/edic\u0327a\u0303o-333_ferraz.pdf\" target=\"_blank\" rel=\"noreferrer noopener\" aria-label=\" (abre numa nova aba)\"><strong>link<\/strong><\/a><\/li><\/ul>\n\n\n\n<ul class=\"wp-block-list\"><li>Carapicu\u00edba: <a rel=\"noreferrer noopener\" aria-label=\"link (abre numa nova aba)\" href=\"https:\/\/sincomavi.org.br\/wp-content\/uploads\/2020\/04\/Ed.-198CARAPICUIBA.pdf\" target=\"_blank\"><strong>link<\/strong><\/a><br>&#8211; <a href=\"https:\/\/sincomavi.org.br\/wp-content\/uploads\/2020\/05\/CARAPICUIBA_Ed.-206.pdf\" target=\"_blank\" rel=\"noreferrer noopener\"><strong>novo decreto<\/strong><\/a><\/li><\/ul>\n\n\n\n<ul class=\"wp-block-list\"><li>Juquitiba: <a rel=\"noreferrer noopener\" aria-label=\" (abre numa nova aba)\" href=\"https:\/\/sincomavi.org.br\/wp-content\/uploads\/2020\/04\/JUQUITIBA-DECRETO-15-2020-ALTERA-O-DECRETO-N\u02da-112020-DISPONDO-SOBRE-A-ADO\u00c7\u00c3O-DE-MEDIDAS-ADICIONAIS.pdf\" target=\"_blank\"><strong>link<\/strong><\/a><br>&#8211; <a href=\"https:\/\/sincomavi.org.br\/wp-content\/uploads\/2020\/05\/JUQUITIBA-DECRETO-28-2020.pdf\" target=\"_blank\" rel=\"noreferrer noopener\"><strong>novo decreto<\/strong><\/a><\/li><\/ul>\n\n\n\n<ul class=\"wp-block-list\"><li>Itapecerica da Serra: <a rel=\"noreferrer noopener\" aria-label=\"link (abre numa nova aba)\" href=\"https:\/\/ecrie.com.br\/sistema\/conteudos\/arquivo\/a_9_0_1_23032020181216.pdf\" target=\"_blank\"><strong>link<\/strong><\/a><br>&#8211; <a href=\"https:\/\/sincomavi.org.br\/wp-content\/uploads\/2020\/05\/ITAPECERICADASERRA-a_9_0_1_07052020161140.pdf\"><strong>novo decreto<\/strong><\/a><\/li><\/ul>\n\n\n\n<ul class=\"wp-block-list\"><li>Franco da Rocha: <a rel=\"noreferrer noopener\" aria-label=\"link (abre numa nova aba)\" href=\"https:\/\/sincomavi.org.br\/wp-content\/uploads\/2020\/04\/FRANCO_anexo_5e8be4b660769.pdf\" target=\"_blank\"><strong>link<\/strong><\/a><\/li><\/ul>\n\n\n\n<ul class=\"wp-block-list\"><li>Embu-gua\u00e7u: <a rel=\"noreferrer noopener\" aria-label=\"link (abre numa nova aba)\" href=\"https:\/\/sincomavi.org.br\/wp-content\/uploads\/2020\/04\/EMBU_a_7_0_1_06042020115940.pdf\" target=\"_blank\"><strong>link<\/strong><\/a><\/li><\/ul>\n\n\n\n<ul class=\"wp-block-list\"><li>Caieiras: <a rel=\"noreferrer noopener\" aria-label=\"link (abre numa nova aba)\" href=\"https:\/\/sincomavi.org.br\/wp-content\/uploads\/2020\/04\/CAIEIRAS_documento_pdf_08464_046213.pdf\" target=\"_blank\"><strong>link<\/strong><\/a><\/li><\/ul>\n\n\n\n<ul class=\"wp-block-list\"><li>Barueri: <a rel=\"noreferrer noopener\" aria-label=\"link (abre numa nova aba)\" href=\"https:\/\/sincomavi.org.br\/wp-content\/uploads\/2020\/04\/BARUERI_JOB-1229-07Abr2020-web_637217926375171789.pdf\" target=\"_blank\"><strong>link<\/strong><\/a><\/li><\/ul>\n\n\n\n<ul class=\"wp-block-list\"><li>Santana de Parana\u00edba: <a rel=\"noreferrer noopener\" aria-label=\"link (abre numa nova aba)\" href=\"https:\/\/sincomavi.org.br\/wp-content\/uploads\/2020\/04\/SANTANA_Edi\u00e7\u00e3o-327-site.pdf\" target=\"_blank\"><strong>link<\/strong><\/a><\/li><\/ul>\n\n\n\n<ul class=\"wp-block-list\"><li>Santo Andr\u00e9: <a rel=\"noreferrer noopener\" aria-label=\"link (abre numa nova aba)\" href=\"https:\/\/sincomavi.org.br\/wp-content\/uploads\/2020\/04\/Decreto-Municipal-17338-D17338-20_santoandre.pdf\" target=\"_blank\"><strong>link<\/strong><\/a><br>&#8211; <a href=\"https:\/\/sincomavi.org.br\/wp-content\/uploads\/2020\/05\/SANTOANDRE-2251.pdf\" target=\"_blank\" rel=\"noreferrer noopener\"><strong>novo decreto<\/strong><\/a><\/li><\/ul>\n\n\n\n<ul class=\"wp-block-list\"><li>Osasco: <a href=\"https:\/\/sincomavi.org.br\/wp-content\/uploads\/2020\/04\/Osasco_1585616261_7.pdf\" target=\"_blank\" rel=\"noreferrer noopener\" aria-label=\"link (abre numa nova aba)\"><strong>link<\/strong><\/a><\/li><\/ul>\n\n\n\n<ul class=\"wp-block-list\"><li>S\u00e3o Caetano do Sul: <a href=\"https:\/\/sincomavi.org.br\/wp-content\/uploads\/2020\/04\/scs_Diario-Oficial-Eletronico-15042020.pdf\" target=\"_blank\" rel=\"noreferrer noopener\" aria-label=\"link (abre numa nova aba)\"><strong>link<\/strong><\/a><\/li><\/ul>\n\n\n\n<ul class=\"wp-block-list\"><li>Rio Grande da Serra: <a href=\"https:\/\/sincomavi.org.br\/wp-content\/uploads\/2020\/04\/decreto-2688-RIO-GRANDE-DA-SERRA.pdf\"><strong>link<\/strong><\/a><br>&#8211; <a href=\"https:\/\/sincomavi.org.br\/wp-content\/uploads\/2020\/05\/RGS-Decreto-2.701.pdf\" target=\"_blank\" rel=\"noreferrer noopener\"><strong>novo decreto<\/strong><\/a><\/li><\/ul>\n\n\n\n<ul class=\"wp-block-list\"><li>Itapevi: <a href=\"https:\/\/sincomavi.org.br\/wp-content\/uploads\/2020\/04\/ITAPEVI_9ce572b1418d2131a68457265a590ddd.pdf\" target=\"_blank\" rel=\"noreferrer noopener\" aria-label=\"link (abre numa nova aba)\"><strong>link<\/strong><\/a><\/li><\/ul>\n\n\n\n<ul class=\"wp-block-list\"><li>Guararema: <a href=\"https:\/\/sincomavi.org.br\/wp-content\/uploads\/2020\/04\/GUARAREMA-D003856-2020.pdf\" target=\"_blank\" rel=\"noreferrer noopener\" aria-label=\"link (abre numa nova aba)\"><strong>link<\/strong><\/a><\/li><\/ul>\n\n\n\n<ul class=\"wp-block-list\"><li>Francisco Morato: <a href=\"https:\/\/sincomavi.org.br\/wp-content\/uploads\/2020\/04\/FRANCISCO_MORATO_5490027.pdf\" target=\"_blank\" rel=\"noreferrer noopener\" aria-label=\"link (abre numa nova aba)\"><strong>link<\/strong><\/a><\/li><\/ul>\n\n\n\n<ul class=\"wp-block-list\"><li>Tabo\u00e3o da Serra: <a rel=\"noreferrer noopener\" href=\"https:\/\/sincomavi.org.br\/wp-content\/uploads\/2020\/05\/Recomenda\u00e7\u00e3o-Ministerial-6-2020-taboao.pdf\" target=\"_blank\"><strong>link<\/strong><\/a><\/li><\/ul>\n\n\n\n<ul class=\"wp-block-list\"><li>Sales\u00f3polis: <a rel=\"noreferrer noopener\" href=\"https:\/\/sincomavi.org.br\/wp-content\/uploads\/2020\/05\/SALESOPOLIS.pdf\" target=\"_blank\"><strong>link<\/strong><\/a><\/li><\/ul>\n\n\n\n<ul class=\"wp-block-list\"><li>Cotia: <a href=\"https:\/\/sincomavi.org.br\/wp-content\/uploads\/2020\/05\/COTIA.pdf\"><strong>link<\/strong><\/a><\/li><\/ul>\n\n\n\n<p>&nbsp;Assim que o Sincomavi tomar conhecimento da publica\u00e7\u00e3o oficial dessas medidas ir\u00e1 divulg\u00e1-las.<\/p>\n\n\n\n<p>&nbsp;Tendo em vista que o decreto estadual, que estabeleceu normas para todo o Estado de S\u00e3o Paulo, continua em vigor, orientamos nossos representados nessas localidades que mantenham-se constantemente informados a respeito e sigam, de forma integral, o que foi determinado pela prefeitura local, para evitar problemas tamb\u00e9m na esfera estadual.<br><\/p>\n","protected":false},"excerpt":{"rendered":"<p>11\/05\/2020 | Atualizado 09h59 | Algumas cidades est\u00e3o alterando suas normas e permitindo a abertura de alguns ramos do com\u00e9rcio, entre eles o de materiais de constru\u00e7\u00e3o, como \u00e9 o caso de: S\u00e3o Paulo: link Guarulhos: link&#8211; novo decreto Diadema: link&#8211; Novo decreto (08\/05\/2020) Mogi das Cruzes: link Aruj\u00e1: link Santa Isabel: link Itaquaquecetuba: link [&hellip;]<\/p>\n","protected":false},"author":1,"featured_media":3155,"comment_status":"closed","ping_status":"open","sticky":false,"template":"","format":"standard","meta":{"tdm_status":"","tdm_grid_status":"","footnotes":""},"categories":[157],"tags":[349,146,158,200],"class_list":["post-2821","post","type-post","status-publish","format-standard","has-post-thumbnail","hentry","category-alerta","tag-coronavirus","tag-guarulhos","tag-material-de-construcao","tag-varejo"],"amp_enabled":true,"_links":{"self":[{"href":"https:\/\/sincomavi.org.br\/index.php?rest_route=\/wp\/v2\/posts\/2821","targetHints":{"allow":["GET"]}}],"collection":[{"href":"https:\/\/sincomavi.org.br\/index.php?rest_route=\/wp\/v2\/posts"}],"about":[{"href":"https:\/\/sincomavi.org.br\/index.php?rest_route=\/wp\/v2\/types\/post"}],"author":[{"embeddable":true,"href":"https:\/\/sincomavi.org.br\/index.php?rest_route=\/wp\/v2\/users\/1"}],"replies":[{"embeddable":true,"href":"https:\/\/sincomavi.org.br\/index.php?rest_route=%2Fwp%2Fv2%2Fcomments&post=2821"}],"version-history":[{"count":46,"href":"https:\/\/sincomavi.org.br\/index.php?rest_route=\/wp\/v2\/posts\/2821\/revisions"}],"predecessor-version":[{"id":3428,"href":"https:\/\/sincomavi.org.br\/index.php?rest_route=\/wp\/v2\/posts\/2821\/revisions\/3428"}],"wp:featuredmedia":[{"embeddable":true,"href":"https:\/\/sincomavi.org.br\/index.php?rest_route=\/wp\/v2\/media\/3155"}],"wp:attachment":[{"href":"https:\/\/sincomavi.org.br\/index.php?rest_route=%2Fwp%2Fv2%2Fmedia&parent=2821"}],"wp:term":[{"taxonomy":"category","embeddable":true,"href":"https:\/\/sincomavi.org.br\/index.php?rest_route=%2Fwp%2Fv2%2Fcategories&post=2821"},{"taxonomy":"post_tag","embeddable":true,"href":"https:\/\/sincomavi.org.br\/index.php?rest_route=%2Fwp%2Fv2%2Ftags&post=2821"}],"curies":[{"name":"wp","href":"https:\/\/api.w.org\/{rel}","templated":true}]}}