{"id":2811,"date":"2020-03-25T09:30:00","date_gmt":"2020-03-25T12:30:00","guid":{"rendered":"https:\/\/sincomavi.org.br\/?p=2811"},"modified":"2020-03-25T10:36:53","modified_gmt":"2020-03-25T13:36:53","slug":"a-economia-tambem-esta-na-uti","status":"publish","type":"post","link":"https:\/\/sincomavi.org.br\/?p=2811","title":{"rendered":"A economia tamb\u00e9m est\u00e1 na UTI"},"content":{"rendered":"\n<p>Em meio ao avan\u00e7o da pandemia de coronav\u00edrus, os governos tentam mensurar o real impacto econ\u00f4mico da crise e partem em busca de novas proje\u00e7\u00f5es para 2020. Os n\u00fameros at\u00e9 o momento, n\u00e3o s\u00e3o nada animadores, mas ainda pouco precisos. No final da \u00faltima semana, o governo brasileiro divulgou a proje\u00e7\u00e3o revisada para o crescimento do Produto Interno Bruto (PIB) deste ano: 0,02%. O n\u00famero representa uma queda significativa ante os 2,1% anunciados h\u00e1 pouco mais de 10 dias, o que reflete uma r\u00e1pida mudan\u00e7a de cen\u00e1rio frente ao est\u00e1gio inicial da pandemia em solo brasileiro.<br><br>Mas, o dado oficial do governo n\u00e3o deixa de ser um tanto otimista. Nos EUA, por exemplo, o agravamento da crise j\u00e1 fez o presidente norte-americano, Donald Trump, reconhecer a possibilidade de recess\u00e3o na maior economia do mundo. O quadro \u00e9 t\u00e3o grave que a C\u00e2mara dos Deputados, dominada pela oposi\u00e7\u00e3o do Partido Democrata, discutiu e aprovou um pacote de medidas na casa dos US$2 trilh\u00f5es, em pleno ano eleitoral, para amenizar o impacto do coronav\u00edrus na economia norte-americana.<br><br>Ao mesmo tempo, em escala global, a ag\u00eancia de classifica\u00e7\u00e3o de risco Fitch Ratings aponta para o crescimento do PIB global de 1,3%, ante aos 2,5% previstos no final de 2019. A se confirmar, falaremos do menor crescimento econ\u00f4mico global dos \u00faltimos dez anos, com fortes sinais de recess\u00e3o a caminho. De modo geral, o que surpreende o mercado desta vez \u00e9 a velocidade da deteriora\u00e7\u00e3o econ\u00f4mica sem precedentes. De repente, no ano em que se falava em bolsa na casa dos 130 mil pontos e crescimento na casa dos 2%, ainda estamos em mar\u00e7o e j\u00e1 assistimos a bolsa na casa dos 60 mil pontos e uma perspectiva otimista de crescimento zero.<br><br>Enquanto isso, o Banco Central do Brasil anuncia medidas econ\u00f4micas para tentar minimizar esses impactos. No entanto, as elas ainda levar\u00e3o um tempo para surtir efeito na realidade das pessoas e dos neg\u00f3cios. At\u00e9 l\u00e1, a maior amea\u00e7a est\u00e1 no desemprego e no fechamento de empresas dos mais diversos setores, estando entre os mais fr\u00e1geis a avia\u00e7\u00e3o, o turismo e o varejo.<br><br>Al\u00e9m disso, o cen\u00e1rio se agrava ainda mais com a perspectiva de uma menor arrecada\u00e7\u00e3o com os royalties do petr\u00f3leo (tamb\u00e9m em crise) e o aumento dos gastos acima do or\u00e7amento do ano. Desse modo, na atual conjuntura, um PIB zero a zero j\u00e1 seria uma grande vit\u00f3ria. Isso porque, por mais otimista que possamos ser, uma recess\u00e3o j\u00e1 \u00e9 considerada certa caso n\u00e3o tenhamos uma grande reviravolta com a pandemia nos pr\u00f3ximos 15 dias. Entre as proje\u00e7\u00f5es divulgadas pelo mercado at\u00e9 o momento, o Ita\u00fa Unibanco estimou uma retra\u00e7\u00e3o de 0,7% em 2020. J\u00e1 o Goldman Sachs indicou uma retra\u00e7\u00e3o de 3,1%, enquanto a FGV apontou para um encolhimento de 4,4% da economia brasileira, considerando o cen\u00e1rio da crise de 2008.<br><br>Fato \u00e9 que a pr\u00f3pria variedade de proje\u00e7\u00f5es mostra que ainda existem muitas vari\u00e1veis em jogo e o fator &#8220;tempo&#8221; sobre a pandemia \u00e9 determinante para a elabora\u00e7\u00e3o de proje\u00e7\u00f5es mais assertivas, o que j\u00e1 sabemos \u00e9 que o que vir\u00e1 ser\u00e1 muito ruim e que, a esta altura, apenas a descoberta de uma vacina contra o coronav\u00edrus poderia tirar o mercado da UTI.<\/p>\n\n\n\n<p><em><strong>Por Ernani Reis, analista da Capital Research <\/strong><\/em> <\/p>\n","protected":false},"excerpt":{"rendered":"<p>Em meio ao avan\u00e7o da pandemia de coronav\u00edrus, os governos tentam mensurar o real impacto econ\u00f4mico da crise e partem em busca de novas proje\u00e7\u00f5es para 2020. Os n\u00fameros at\u00e9 o momento, n\u00e3o s\u00e3o nada animadores, mas ainda pouco precisos. No final da \u00faltima semana, o governo brasileiro divulgou a proje\u00e7\u00e3o revisada para o crescimento [&hellip;]<\/p>\n","protected":false},"author":1,"featured_media":2812,"comment_status":"closed","ping_status":"open","sticky":false,"template":"","format":"standard","meta":{"tdm_status":"","tdm_grid_status":"","footnotes":""},"categories":[210],"tags":[],"class_list":["post-2811","post","type-post","status-publish","format-standard","has-post-thumbnail","hentry","category-artigos"],"amp_enabled":true,"_links":{"self":[{"href":"https:\/\/sincomavi.org.br\/index.php?rest_route=\/wp\/v2\/posts\/2811","targetHints":{"allow":["GET"]}}],"collection":[{"href":"https:\/\/sincomavi.org.br\/index.php?rest_route=\/wp\/v2\/posts"}],"about":[{"href":"https:\/\/sincomavi.org.br\/index.php?rest_route=\/wp\/v2\/types\/post"}],"author":[{"embeddable":true,"href":"https:\/\/sincomavi.org.br\/index.php?rest_route=\/wp\/v2\/users\/1"}],"replies":[{"embeddable":true,"href":"https:\/\/sincomavi.org.br\/index.php?rest_route=%2Fwp%2Fv2%2Fcomments&post=2811"}],"version-history":[{"count":1,"href":"https:\/\/sincomavi.org.br\/index.php?rest_route=\/wp\/v2\/posts\/2811\/revisions"}],"predecessor-version":[{"id":2813,"href":"https:\/\/sincomavi.org.br\/index.php?rest_route=\/wp\/v2\/posts\/2811\/revisions\/2813"}],"wp:featuredmedia":[{"embeddable":true,"href":"https:\/\/sincomavi.org.br\/index.php?rest_route=\/wp\/v2\/media\/2812"}],"wp:attachment":[{"href":"https:\/\/sincomavi.org.br\/index.php?rest_route=%2Fwp%2Fv2%2Fmedia&parent=2811"}],"wp:term":[{"taxonomy":"category","embeddable":true,"href":"https:\/\/sincomavi.org.br\/index.php?rest_route=%2Fwp%2Fv2%2Fcategories&post=2811"},{"taxonomy":"post_tag","embeddable":true,"href":"https:\/\/sincomavi.org.br\/index.php?rest_route=%2Fwp%2Fv2%2Ftags&post=2811"}],"curies":[{"name":"wp","href":"https:\/\/api.w.org\/{rel}","templated":true}]}}