{"id":2807,"date":"2020-03-25T10:21:14","date_gmt":"2020-03-25T13:21:14","guid":{"rendered":"https:\/\/sincomavi.org.br\/?p=2807"},"modified":"2020-03-25T10:22:24","modified_gmt":"2020-03-25T13:22:24","slug":"queda-de-252-nas-vendas-do-comercio-na-ultima-semana","status":"publish","type":"post","link":"https:\/\/sincomavi.org.br\/?p=2807","title":{"rendered":"Queda de 25,2% nas vendas do com\u00e9rcio na \u00faltima semana"},"content":{"rendered":"\n<p>\nEstudo\nrealizado pela Boa Vista revela o impacto causado nas vendas do\nvarejo em fun\u00e7\u00e3o das medidas restritivas adotadas contra o\nCovid-19. A\n\u00faltima semana do com\u00e9rcio varejista nacional (de 16 a 22 de mar\u00e7o)\nteve uma queda de 25,2% das vendas em rela\u00e7\u00e3o \u00e0 semana anterior\n(de 9 a 15 de mar\u00e7o).<\/p>\n\n\n\n<p>A\ncompara\u00e7\u00e3o interanual, ou seja, com o mesmo per\u00edodo do ano\npassado, a queda registrada foi de 9,5%.  Ao\nse considerar\napenas o \u00faltimo fim de semana (20 a 22 de mar\u00e7o), a queda\nregistrada \u00e9 ainda maior: 36,6% contra o final de semana interior\n(13 a 15 de mar\u00e7o), quando j\u00e1 havia restri\u00e7\u00f5es na circula\u00e7\u00e3o de\npessoas, e 44,3% contra o fim de semana de 6 a 8 de mar\u00e7o, quando\nainda n\u00e3o havia restri\u00e7\u00f5es, e a OMS (Organiza\u00e7\u00e3o Mundial da\nSa\u00fade) n\u00e3o havia decretado pandemia do Covid-19.<\/p>\n\n\n\n<p>As\nmedidas restritivas, como o fechamento de lojas e a dr\u00e1stica redu\u00e7\u00e3o\nna circula\u00e7\u00e3o de pessoas, t\u00eam causado um impacto significante nas\nvendas do com\u00e9rcio varejista, principalmente nas lojas f\u00edsicas. As\nincertezas quanto \u00e0 dura\u00e7\u00e3o das restri\u00e7\u00f5es e o efeito destas\nsobre o mercado de trabalho j\u00e1 afetaram fortemente a confian\u00e7a dos\nconsumidores e devem continuar influenciando negativamente as\ndecis\u00f5es de consumo, mesmo com as medidas paliativas que os governos\nv\u00eam anunciando, de acordo com os economistas da Boa Vista.<\/p>\n","protected":false},"excerpt":{"rendered":"<p>Estudo realizado pela Boa Vista revela o impacto causado nas vendas do varejo em fun\u00e7\u00e3o das medidas restritivas adotadas contra o Covid-19. A \u00faltima semana do com\u00e9rcio varejista nacional (de 16 a 22 de mar\u00e7o) teve uma queda de 25,2% das vendas em rela\u00e7\u00e3o \u00e0 semana anterior (de 9 a 15 de mar\u00e7o). A compara\u00e7\u00e3o [&hellip;]<\/p>\n","protected":false},"author":1,"featured_media":2810,"comment_status":"closed","ping_status":"open","sticky":false,"template":"","format":"standard","meta":{"tdm_status":"","tdm_grid_status":"","footnotes":""},"categories":[153],"tags":[],"class_list":["post-2807","post","type-post","status-publish","format-standard","has-post-thumbnail","hentry","category-noticias"],"amp_enabled":true,"_links":{"self":[{"href":"https:\/\/sincomavi.org.br\/index.php?rest_route=\/wp\/v2\/posts\/2807","targetHints":{"allow":["GET"]}}],"collection":[{"href":"https:\/\/sincomavi.org.br\/index.php?rest_route=\/wp\/v2\/posts"}],"about":[{"href":"https:\/\/sincomavi.org.br\/index.php?rest_route=\/wp\/v2\/types\/post"}],"author":[{"embeddable":true,"href":"https:\/\/sincomavi.org.br\/index.php?rest_route=\/wp\/v2\/users\/1"}],"replies":[{"embeddable":true,"href":"https:\/\/sincomavi.org.br\/index.php?rest_route=%2Fwp%2Fv2%2Fcomments&post=2807"}],"version-history":[{"count":1,"href":"https:\/\/sincomavi.org.br\/index.php?rest_route=\/wp\/v2\/posts\/2807\/revisions"}],"predecessor-version":[{"id":2809,"href":"https:\/\/sincomavi.org.br\/index.php?rest_route=\/wp\/v2\/posts\/2807\/revisions\/2809"}],"wp:featuredmedia":[{"embeddable":true,"href":"https:\/\/sincomavi.org.br\/index.php?rest_route=\/wp\/v2\/media\/2810"}],"wp:attachment":[{"href":"https:\/\/sincomavi.org.br\/index.php?rest_route=%2Fwp%2Fv2%2Fmedia&parent=2807"}],"wp:term":[{"taxonomy":"category","embeddable":true,"href":"https:\/\/sincomavi.org.br\/index.php?rest_route=%2Fwp%2Fv2%2Fcategories&post=2807"},{"taxonomy":"post_tag","embeddable":true,"href":"https:\/\/sincomavi.org.br\/index.php?rest_route=%2Fwp%2Fv2%2Ftags&post=2807"}],"curies":[{"name":"wp","href":"https:\/\/api.w.org\/{rel}","templated":true}]}}