{"id":2669,"date":"2020-03-23T08:27:00","date_gmt":"2020-03-23T11:27:00","guid":{"rendered":"https:\/\/sincomavi.org.br\/?p=2669"},"modified":"2020-04-13T15:27:53","modified_gmt":"2020-04-13T18:27:53","slug":"mais-municipios-da-rmsp-restringem-o-atendimento-do-varejo","status":"publish","type":"post","link":"https:\/\/sincomavi.org.br\/?p=2669","title":{"rendered":"Mais munic\u00edpios da RMSP restringem o atendimento do varejo &#8211; atualiza\u00e7\u00e3o"},"content":{"rendered":"\n<p>13\/04\/2020 | Atualizado 15h26 | Em raz\u00e3o da dissemina\u00e7\u00e3o do coronav\u00edrus, v\u00e1rias prefeituras da Regi\u00e3o Metropolitana de S\u00e3o Paulo decidiram por impedir ou restringir o atendimento presencial dos consumidores, como consta abaixo: <\/p>\n\n\n\n<p><strong>Guarulhos<\/strong>: <a rel=\"noreferrer noopener\" aria-label=\"link  (abre numa nova aba)\" href=\"https:\/\/www.guarulhos.sp.gov.br\/uploads\/pdf\/487444368.pdf\" target=\"_blank\"><strong>link<\/strong><\/a><br>Per\u00edodo de Fechamento: 30 dias a partir de 23 de mar\u00e7o de 2020<br><a href=\"https:\/\/sincomavi.org.br\/liberacao-de-abertura-do-comercio-pelas-prefeituras\/\" target=\"_blank\" rel=\"noreferrer noopener\" aria-label=\"Informa\u00e7\u00e3o atualizada para essa cidade (abre numa nova aba)\"><strong>Informa\u00e7\u00e3o atualizada para essa cidade<\/strong><\/a><\/p>\n\n\n\n<p><strong>Embu-Gua\u00e7u:<\/strong> <a rel=\"noreferrer noopener\" aria-label=\"link  (abre numa nova aba)\" href=\"https:\/\/embuguacu.sp.gov.br\/p\/?id=73945\" target=\"_blank\"><strong>link<\/strong><\/a><br>Per\u00edodo de Fechamento: 23 de mar\u00e7o a 05 de abril de 2020<\/p>\n\n\n\n<p><strong>Franco da Rocha<\/strong>: <a rel=\"noreferrer noopener\" aria-label=\"link  (abre numa nova aba)\" href=\"http:\/\/www.francodarocha.sp.gov.br\/franco\/artigo\/noticia\/9571\" target=\"_blank\"><strong>link<\/strong><\/a><br>Per\u00edodo de Fechamento 21 de mar\u00e7o a 05 de abril de 2020<br><a rel=\"noreferrer noopener\" href=\"https:\/\/sincomavi.org.br\/liberacao-de-abertura-do-comercio-pelas-prefeituras\/\" target=\"_blank\"><strong>Informa\u00e7\u00e3o atualizada para essa cidade<\/strong><\/a> <\/p>\n\n\n\n<p><strong>Osasco: <a rel=\"noreferrer noopener\" aria-label=\"link (abre numa nova aba)\" href=\"http:\/\/www.osasco.sp.gov.br\/comp\/sec\/7\/atos\/Osasco_1584734974_[7].pdf\" target=\"_blank\">link<\/a><\/strong><br>Per\u00edodo de Fechamento: 21 de mar\u00e7o a 05 de abril de 2020<\/p>\n\n\n\n<p><strong>Itapevi: <a rel=\"noreferrer noopener\" aria-label=\"link (abre numa nova aba)\" href=\"https:\/\/dosp.com.br\/exibe_do.php?i=MTAwNTI3\" target=\"_blank\">link<\/a><\/strong><br>P\u00e1gina 08 do Di\u00e1rio Oficial do Munic\u00edpio<br>Per\u00edodo de Fechamento: indeterminado. A partir de 23 de mar\u00e7o de 2020.<\/p>\n\n\n\n<p><strong>Itapecerica da Serra<\/strong>: <a rel=\"noreferrer noopener\" aria-label=\"link (abre numa nova aba)\" href=\"https:\/\/itapecerica.sp.gov.br\/post\/comercios-de-itapecerica-devem-permanecer-fechados-ate-dia-05-04$74082?fbclid=IwAR2O67zrrbK3RAtRFxRDleSwOHsXQcsXvEadpHdddIdnzfLUtGICrAjjfPI\" target=\"_blank\"><strong>link<\/strong><\/a><br>Per\u00edodo de Fechamento: 23 de mar\u00e7o a 05 de abril de 2020<br> <a rel=\"noreferrer noopener\" href=\"https:\/\/sincomavi.org.br\/liberacao-de-abertura-do-comercio-pelas-prefeituras\/\" target=\"_blank\"><strong>Informa\u00e7\u00e3o atualizada para essa cidade<\/strong><\/a> <\/p>\n\n\n\n<p><strong>Barueri:<\/strong> <a rel=\"noreferrer noopener\" aria-label=\"link (abre numa nova aba)\" href=\"https:\/\/servicos.barueri.sp.gov.br\/cms\/Upload\/Diario\/pdf\/JOB-1223-21Mar2020-web_637204061163840528.pdf\" target=\"_blank\"><strong>link<\/strong><\/a><br>Per\u00edodo de Fechamento: 15 dias a partir do dia 22 de mar\u00e7o de 2020.<br><a rel=\"noreferrer noopener\" href=\"https:\/\/sincomavi.org.br\/liberacao-de-abertura-do-comercio-pelas-prefeituras\/\" target=\"_blank\"><strong>Informa\u00e7\u00e3o atualizada para essa cidade<\/strong><\/a>  <\/p>\n\n\n\n<p><strong>Caieiras:<\/strong> <a rel=\"noreferrer noopener\" aria-label=\"link (abre numa nova aba)\" href=\"https:\/\/www.caieiras.sp.gov.br\/?id=noticia-interna&amp;apelido=governo_de_sao_paulo_determina_quarentena_em_todo_o_estado_8411\" target=\"_blank\"><strong>link<\/strong><\/a><br>Per\u00edodo de Fechamento: 20 de mar\u00e7o a 05 de abril de 2020<\/p>\n\n\n\n<p><strong>Cotia:<\/strong> <a rel=\"noreferrer noopener\" aria-label=\"link (abre numa nova aba)\" href=\"https:\/\/cotia.sp.gov.br\/public_html\/uploads\/source\/12%20Boletim%20PMC%20N\u00ba%20XII_Covid-19%20.pdf\" target=\"_blank\"><strong>link<\/strong><\/a><br>Per\u00edodo de Fechamento: 23 de mar\u00e7o a 05 de abril de 2020<\/p>\n\n\n\n<p><strong>Ferraz de Vasconcelos:<\/strong> <a rel=\"noreferrer noopener\" aria-label=\"link (abre numa nova aba)\" href=\"http:\/\/ferrazdevasconcelos.sp.gov.br\/web\/?p=48033\" target=\"_blank\"><strong>link<\/strong><\/a><br>Per\u00edodo de Fechamento: 15 dias a partir de 21 de mar\u00e7o de 2020. Prorrogado em 30 de mar\u00e7o o per\u00edodo de quarentena por mais 15 dias.<br><a href=\"http:\/\/juquitiba.sp.gov.br\/covid-19-resumo-das-medidas-adotadas-em-decretos-municipais-por-tempo-indeterminado\/\"><strong>Informa\u00e7\u00e3o atualizada para essa cidade<\/strong>  <\/a><\/p>\n\n\n\n<p><strong>Francisco Morato: <a rel=\"noreferrer noopener\" aria-label=\"link (abre numa nova aba)\" href=\"http:\/\/www.franciscomorato.sp.gov.br\/site\/artigo\/noticia\/1202\" target=\"_blank\">link<\/a><\/strong><br>Per\u00edodo de Fechamento: 21 de mar\u00e7o a 05 de abril de 2020.<\/p>\n\n\n\n<p><strong>Carapicu\u00edba: <a rel=\"noreferrer noopener\" aria-label=\"link (abre numa nova aba)\" href=\"http:\/\/carapicuiba.sp.gov.br\/uploads\/imgfck\/Decreto%20-%20Suspens\u00e3o%20Servi\u00e7os%20Coronav\u00edrus%20ALTERADO.pdf\" target=\"_blank\">link<\/a><\/strong><br>Per\u00edodo de Fechamento: 30 dias a partir de 24 de mar\u00e7o de 2020.<br><a rel=\"noreferrer noopener\" href=\"https:\/\/sincomavi.org.br\/liberacao-de-abertura-do-comercio-pelas-prefeituras\/\" target=\"_blank\"><strong>Informa\u00e7\u00e3o atualizada para essa cidade<\/strong><\/a> <\/p>\n\n\n\n<p><strong>Po\u00e1: <a rel=\"noreferrer noopener\" aria-label=\"link (abre numa nova aba)\" href=\"https:\/\/prefeituradepoa.sp.gov.br\/decreto-no-7-564-2020-emergencia-de-saude-publica\/\" target=\"_blank\">link<\/a><\/strong><br>Per\u00edodo de Fechamento: 21 de mar\u00e7o a 15 de abril de 2020.<\/p>\n\n\n\n<p><strong>Tabo\u00e3o da Serra:<\/strong> <strong><a rel=\"noreferrer noopener\" aria-label=\"link (abre numa nova aba)\" href=\"http:\/\/www.ts.sp.gov.br\/sites\/default\/files\/leis-e-normas\/imprensa-oficial\/IMPRENSA%20OFICIAL%20901%20vale%20esta%20web.pdf\" target=\"_blank\">link<\/a><\/strong><br>Per\u00edodo de Fechamento: indeterminado. A partir de 21 de mar\u00e7o.<\/p>\n\n\n\n<p><strong>Aruj\u00e1: <a rel=\"noreferrer noopener\" aria-label=\"link (abre numa nova aba)\" href=\"http:\/\/www.diariooficial.prefeituradearuja.sp.gov.br\/scriptcase\/file\/doc\/diario_oficial\/edicao\/publicado\/DO_180_20200321.pdf\" target=\"_blank\">link<\/a><\/strong><br>Per\u00edodo de Fechamento: 24 de mar\u00e7o a 07 de abril de 2020.<br><a rel=\"noreferrer noopener\" href=\"https:\/\/sincomavi.org.br\/liberacao-de-abertura-do-comercio-pelas-prefeituras\/\" target=\"_blank\"><strong>Informa\u00e7\u00e3o atualizada para essa cidade<\/strong><\/a> <\/p>\n\n\n\n<p><strong>Cajamar: <a rel=\"noreferrer noopener\" aria-label=\"link (abre numa nova aba)\" href=\"https:\/\/www.cajamar.sp.gov.br\/v2\/arquivos\/basedeleis\/Decreto%206228-20.pdf\" target=\"_blank\">link<\/a><\/strong><br>Per\u00edodo de Fechamento: 24 de mar\u00e7o a 07 de abril de 2020<\/p>\n\n\n\n<p><strong>Jandira: <a rel=\"noreferrer noopener\" aria-label=\"link (abre numa nova aba)\" href=\"https:\/\/jandira.sp.gov.br\/files\/decretos\/dec-4209-23-mar-2020-COVID19.pdf\" target=\"_blank\">link<\/a><\/strong><br>Per\u00edodo de Fechamento: 30 dias a partir de 23 de mar\u00e7o de 2020<\/p>\n\n\n\n<p><strong>Mairipor\u00e3: <a rel=\"noreferrer noopener\" aria-label=\"link (abre numa nova aba)\" href=\"http:\/\/www.mairipora.sp.gov.br\/prefeitura-determina-fechamento-de-estabelecimentos-comerciais-da-cidade\/\" target=\"_blank\">link<\/a><\/strong><br>Per\u00edodo de Fechamento: indeterminado. A partir do dia 21 de mar\u00e7o de 2020.<br> <a rel=\"noreferrer noopener\" href=\"https:\/\/sincomavi.org.br\/liberacao-de-abertura-do-comercio-pelas-prefeituras\/\" target=\"_blank\"><strong>Informa\u00e7\u00e3o atualizada para essa cidade<\/strong><\/a> <\/p>\n\n\n\n<p><strong>Santa Isabel: <a rel=\"noreferrer noopener\" aria-label=\"link (abre numa nova aba)\" href=\"https:\/\/www.publicacoesmunicipais.com.br\/eatos\/#visualizador;p=70313;src=s\" target=\"_blank\">link<\/a><\/strong><br>Per\u00edodo de Fechamento: 22 de mar\u00e7o a 07 de abril de 2020.<br><a href=\"https:\/\/sincomavi.org.br\/liberacao-de-abertura-do-comercio-pelas-prefeituras\/\" target=\"_blank\" rel=\"noreferrer noopener\" aria-label=\"Informa\u00e7\u00e3o atualizada para essa cidade. (abre numa nova aba)\"><strong>Informa\u00e7\u00e3o atualizada para essa cidade.<\/strong><\/a><\/p>\n\n\n\n<p><strong>Santana de Parna\u00edba: <a rel=\"noreferrer noopener\" aria-label=\"link (abre numa nova aba)\" href=\"http:\/\/www.santanadeparnaiba.sp.gov.br\/imprensa_oficial\/2020\/Edi\u00e7\u00e3o%20324%20site.pdf\" target=\"_blank\">link<\/a><\/strong><br>Per\u00edodo de Fechamento: indeterminado. A partir de 23 de mar\u00e7o de 2020.<br><a rel=\"noreferrer noopener\" href=\"https:\/\/sincomavi.org.br\/liberacao-de-abertura-do-comercio-pelas-prefeituras\/\" target=\"_blank\"><strong>Informa\u00e7\u00e3o atualizada para essa cidade<\/strong><\/a> <\/p>\n\n\n\n<p><strong>Suzano: <a rel=\"noreferrer noopener\" aria-label=\"link (abre numa nova aba)\" href=\"https:\/\/docs.google.com\/viewer?url=http%3A%2F%2Fwww.suzano.sp.gov.br%2Fweb%2Fwp-content%2Fuploads%2F2020%2F03%2FDOE-24.03.pdf&amp;embedded=true\" target=\"_blank\">link<\/a><\/strong><br>Per\u00edodo de Fechamento: 24 de mar\u00e7o a 07 de abril de 2020.<br> <a rel=\"noreferrer noopener\" href=\"https:\/\/sincomavi.org.br\/liberacao-de-abertura-do-comercio-pelas-prefeituras\/\" target=\"_blank\"><strong>Informa\u00e7\u00e3o atualizada para essa cidade<\/strong><\/a> <\/p>\n\n\n\n<p><strong>Osasco: <a rel=\"noreferrer noopener\" aria-label=\"link (abre numa nova aba)\" href=\"http:\/\/www.osasco.sp.gov.br\/noticias\/prefeito-decreta-fechamento-do-comercio-a-partir-deste-sabado\" target=\"_blank\">link<\/a><\/strong><br>Per\u00edodo de Fechamento: 21 de mar\u00e7o a 05 de abril de 2020.<\/p>\n\n\n\n<p><strong>Diadema: link<\/strong><br>Per\u00edodo de Fechamento: 23 de mar\u00e7o a 06 de de abril de 2020.<br><a rel=\"noreferrer noopener\" aria-label=\"Informa\u00e7\u00e3o atualizada para essa cidade (abre numa nova aba)\" href=\"http:\/\/www.diadema.sp.gov.br\/noticias\/25839-prefeitura-fiscaliza-e-orienta-comerciantes-que-descumprem-quarentena-do-coronavirus\" target=\"_blank\"><strong>Informa\u00e7\u00e3o atualizada para essa cidade<\/strong><\/a><\/p>\n\n\n\n<p><strong>S\u00e3o Bernardo do Campo: <a rel=\"noreferrer noopener\" aria-label=\"link (abre numa nova aba)\" href=\"https:\/\/www.saobernardo.sp.gov.br\/documents\/10181\/1018801\/NM+2120+Especial+de+23.03.2020+-+Conteu\u0301do+Integral.pdf\/961c9e95-1a71-ceff-9e94-27004c4e8c6e\" target=\"_blank\">link<\/a><\/strong><br>Per\u00edodo de Fechamento: indeterminado. A partir de 22 de mar\u00e7o de 2020.<br> <a rel=\"noreferrer noopener\" href=\"https:\/\/sincomavi.org.br\/liberacao-de-abertura-do-comercio-pelas-prefeituras\/\" target=\"_blank\"><strong>Informa\u00e7\u00e3o atualizada para essa cidade<\/strong><\/a> <\/p>\n\n\n\n<p><strong>S\u00e3o Caetano do Sul: <a rel=\"noreferrer noopener\" aria-label=\"link (abre numa nova aba)\" href=\"http:\/\/diariooficial.saocaetanodosul.sp.gov.br\/download\/VisualizadorDocumento.aspx?docID=778\" target=\"_blank\">link<\/a><\/strong><br>Per\u00edodo de Fechamento: indeterminado. A partir de 22 de mar\u00e7o de 2020.<\/p>\n\n\n\n<p><strong>Santo Andr\u00e9: <a rel=\"noreferrer noopener\" aria-label=\"link (abre numa nova aba)\" href=\"https:\/\/sincomavi.org.br\/wp-content\/uploads\/2020\/03\/2219-2_vale.pdf\" target=\"_blank\">link<\/a><\/strong><br>Per\u00edodo de Fechamento: 21 de mar\u00e7o a 30 de abril de 2020.<br><a rel=\"noreferrer noopener\" href=\"https:\/\/sincomavi.org.br\/liberacao-de-abertura-do-comercio-pelas-prefeituras\/\" target=\"_blank\"><strong>Informa\u00e7\u00e3o atualizada para essa cidade<\/strong><\/a> <\/p>\n\n\n\n<p><strong>Mau\u00e1: <a rel=\"noreferrer noopener\" aria-label=\"link (abre numa nova aba)\" href=\"http:\/\/www.maua.sp.gov.br\/Not.aspx?NoticiaID=5066\" target=\"_blank\">link<\/a><\/strong><br>Per\u00edodo de Fechamento: indeterminado. A partir de 23 de mar\u00e7o de 2020.<br><a href=\"http:\/\/mogidascruzes.sp.gov.br\/noticia\/governo-do-estado-autoriza-funcionamento-de-lojas-de-materiais-de-construcao-durante-quarentena\"><strong>Informa\u00e7\u00e3o atualizada para essa cidade.<\/strong><\/a><\/p>\n\n\n\n<p><strong>Mogi das Cruzes: <a href=\"http:\/\/mogidascruzes.sp.gov.br\/noticia\/governo-do-estado-autoriza-funcionamento-de-lojas-de-materiais-de-construcao-durante-quarentena\">link<\/a><\/strong><br>Per\u00edodo de Fechamento: acompanha a legisla\u00e7\u00e3o estadual.<br><a href=\"http:\/\/mogidascruzes.sp.gov.br\/noticia\/governo-do-estado-autoriza-funcionamento-de-lojas-de-materiais-de-construcao-durante-quarentena\"><strong>Informa\u00e7\u00e3o atualizada para essa cidade<\/strong><\/a><\/p>\n\n\n\n<p><strong>Itaquaquecetuba<\/strong><br><a rel=\"noreferrer noopener\" aria-label=\"Informa\u00e7\u00e3o atualizada para essa cidade. (abre numa nova aba)\" href=\"https:\/\/sincomavi.org.br\/liberacao-de-abertura-do-comercio-pelas-prefeituras\/\" target=\"_blank\"><strong>Informa\u00e7\u00e3o atualizada para essa cidade.<\/strong><\/a><\/p>\n\n\n\n<p><strong>Juquitiba<\/strong><br><a href=\"http:\/\/juquitiba.sp.gov.br\/covid-19-resumo-das-medidas-adotadas-em-decretos-municipais-por-tempo-indeterminado\/\"><strong>Informa\u00e7\u00e3o atualizada para essa cidade<\/strong>  <\/a> <\/p>\n\n\n\n<p><strong>Caieiras<\/strong><br><a href=\"http:\/\/juquitiba.sp.gov.br\/covid-19-resumo-das-medidas-adotadas-em-decretos-municipais-por-tempo-indeterminado\/\"><strong>Informa\u00e7\u00e3o atualizada para essa cidade<\/strong>  <\/a> <\/p>\n\n\n\n<ul class=\"wp-block-list\"><li>Osasco<br><a rel=\"noreferrer noopener\" href=\"https:\/\/sincomavi.org.br\/liberacao-de-abertura-do-comercio-pelas-prefeituras\/\" target=\"_blank\"><strong>Informa\u00e7\u00e3o atualizada para essa cidade<\/strong><\/a> <\/li><\/ul>\n\n\n\n<p><strong>Aten\u00e7\u00e3o:<\/strong> <em>as informa\u00e7\u00f5es contidas nessa p\u00e1gina se referem \u00e0s \u00faltimas atualiza\u00e7\u00f5es obtidas nas prefeituras municipais pelo Sincomavi. \u00c9 preciso alertar, por sua natureza ou urg\u00eancia, que se mostra aconselh\u00e1vel a visita aos sites oficiais, pois existe o risco de ocorrer revoga\u00e7\u00f5es ou altera\u00e7\u00f5es de \u00faltima hora.  <\/em><\/p>\n","protected":false},"excerpt":{"rendered":"<p>13\/04\/2020 | Atualizado 15h26 | Em raz\u00e3o da dissemina\u00e7\u00e3o do coronav\u00edrus, v\u00e1rias prefeituras da Regi\u00e3o Metropolitana de S\u00e3o Paulo decidiram por impedir ou restringir o atendimento presencial dos consumidores, como consta abaixo: Guarulhos: linkPer\u00edodo de Fechamento: 30 dias a partir de 23 de mar\u00e7o de 2020Informa\u00e7\u00e3o atualizada para essa cidade Embu-Gua\u00e7u: linkPer\u00edodo de Fechamento: 23 [&hellip;]<\/p>\n","protected":false},"author":1,"featured_media":2670,"comment_status":"closed","ping_status":"open","sticky":false,"template":"","format":"standard","meta":{"tdm_status":"","tdm_grid_status":"","footnotes":""},"categories":[157,153],"tags":[349,355,356,146,354,200],"class_list":["post-2669","post","type-post","status-publish","format-standard","has-post-thumbnail","hentry","category-alerta","category-noticias","tag-coronavirus","tag-embu-guacu","tag-franco-da-rocha","tag-guarulhos","tag-itapecerica-da-serra","tag-varejo"],"amp_enabled":true,"_links":{"self":[{"href":"https:\/\/sincomavi.org.br\/index.php?rest_route=\/wp\/v2\/posts\/2669","targetHints":{"allow":["GET"]}}],"collection":[{"href":"https:\/\/sincomavi.org.br\/index.php?rest_route=\/wp\/v2\/posts"}],"about":[{"href":"https:\/\/sincomavi.org.br\/index.php?rest_route=\/wp\/v2\/types\/post"}],"author":[{"embeddable":true,"href":"https:\/\/sincomavi.org.br\/index.php?rest_route=\/wp\/v2\/users\/1"}],"replies":[{"embeddable":true,"href":"https:\/\/sincomavi.org.br\/index.php?rest_route=%2Fwp%2Fv2%2Fcomments&post=2669"}],"version-history":[{"count":48,"href":"https:\/\/sincomavi.org.br\/index.php?rest_route=\/wp\/v2\/posts\/2669\/revisions"}],"predecessor-version":[{"id":3098,"href":"https:\/\/sincomavi.org.br\/index.php?rest_route=\/wp\/v2\/posts\/2669\/revisions\/3098"}],"wp:featuredmedia":[{"embeddable":true,"href":"https:\/\/sincomavi.org.br\/index.php?rest_route=\/wp\/v2\/media\/2670"}],"wp:attachment":[{"href":"https:\/\/sincomavi.org.br\/index.php?rest_route=%2Fwp%2Fv2%2Fmedia&parent=2669"}],"wp:term":[{"taxonomy":"category","embeddable":true,"href":"https:\/\/sincomavi.org.br\/index.php?rest_route=%2Fwp%2Fv2%2Fcategories&post=2669"},{"taxonomy":"post_tag","embeddable":true,"href":"https:\/\/sincomavi.org.br\/index.php?rest_route=%2Fwp%2Fv2%2Ftags&post=2669"}],"curies":[{"name":"wp","href":"https:\/\/api.w.org\/{rel}","templated":true}]}}