{"id":2649,"date":"2020-03-20T12:33:46","date_gmt":"2020-03-20T15:33:46","guid":{"rendered":"https:\/\/sincomavi.org.br\/?p=2649"},"modified":"2020-03-20T14:28:24","modified_gmt":"2020-03-20T17:28:24","slug":"liberada-a-circulacao-em-periodo-integral-de-veiculos-de-carga-de-algumas-categorias","status":"publish","type":"post","link":"https:\/\/sincomavi.org.br\/?p=2649","title":{"rendered":"Liberada a circula\u00e7\u00e3o em per\u00edodo integral de ve\u00edculos de carga de algumas categorias"},"content":{"rendered":"\n<p>20\/03\/2020 | A Prefeitura de S\u00e3o Paulo informa que, por determina\u00e7\u00e3o do prefeito Bruno Covas, estar\u00e1 liberada, a partir desta quinta-feira, 19 de mar\u00e7o, a circula\u00e7\u00e3o em per\u00edodo integral, por tempo indeterminado, dos ve\u00edculos de carga das seguintes categorias:<\/p>\n\n\n\n<ul class=\"wp-block-list\"><li>Transporte de produtos alimentares perec\u00edveis<\/li><li>Caminh\u00f5es do Segmento de feiras livres<\/li><li>Transporte de materiais imunol\u00f3gicos, vacinas e kits de sorologia<\/li><li>Ve\u00edculos Urbanos de Carga (VUCs)<\/li><\/ul>\n\n\n\n<p>Desse modo, os\nve\u00edculos que j\u00e1 possuem autoriza\u00e7\u00e3o especial do Departamento de\nOpera\u00e7\u00e3o do Sistema Vi\u00e1rio (DSV) para realizar essa atividades\npoder\u00e3o circular livremente pela cidade, sem as limita\u00e7\u00f5es\nestabelecidas pela Zona de M\u00e1xima Restri\u00e7\u00e3o \u00e0 Circula\u00e7\u00e3o de\nCaminh\u00f5es (ZMRC) e pelo rod\u00edzio de placas para ve\u00edculos pesados.<\/p>\n\n\n\n<p>A medida, tomada em\nraz\u00e3o da pandemia do Covid-19, tem como garantir o abastecimento de\nmercadorias e os produtos na cidade de S\u00e3o Paulo.<\/p>\n\n\n\n<p>V\u00e3o continuar\nvalendo normalmente:<\/p>\n\n\n\n<ul class=\"wp-block-list\"><li>ZMRC e o rod\u00edzio de placas para os demais ve\u00edculos pesados (caminh\u00f5es);<\/li><li>Zona de M\u00e1xima Restri\u00e7\u00e3o ao Fretamento (ZMRF);<\/li><li>Restri\u00e7\u00e3o de circula\u00e7\u00e3o de ve\u00edculos de passeio em faixas e corredores exclusivos de \u00f4nibus.<\/li><li>Zona Azul<\/li><\/ul>\n\n\n\n<p><em><strong><a href=\"https:\/\/www.prefeitura.sp.gov.br\/cidade\/secretarias\/justica\/noticias\/?p=295341\" target=\"_blank\" rel=\"noreferrer noopener\" aria-label=\"Fonte: Prefeitura de S\u00e3o Paulo. (abre numa nova aba)\">Fonte: Prefeitura de S\u00e3o Paulo.<\/a><\/strong><\/em><\/p>\n","protected":false},"excerpt":{"rendered":"<p>20\/03\/2020 | A Prefeitura de S\u00e3o Paulo informa que, por determina\u00e7\u00e3o do prefeito Bruno Covas, estar\u00e1 liberada, a partir desta quinta-feira, 19 de mar\u00e7o, a circula\u00e7\u00e3o em per\u00edodo integral, por tempo indeterminado, dos ve\u00edculos de carga das seguintes categorias: Transporte de produtos alimentares perec\u00edveis Caminh\u00f5es do Segmento de feiras livres Transporte de materiais imunol\u00f3gicos, vacinas [&hellip;]<\/p>\n","protected":false},"author":1,"featured_media":1217,"comment_status":"closed","ping_status":"open","sticky":false,"template":"","format":"standard","meta":{"tdm_status":"","tdm_grid_status":"","footnotes":""},"categories":[153],"tags":[353],"class_list":["post-2649","post","type-post","status-publish","format-standard","has-post-thumbnail","hentry","category-noticias","tag-rodizio"],"amp_enabled":true,"_links":{"self":[{"href":"https:\/\/sincomavi.org.br\/index.php?rest_route=\/wp\/v2\/posts\/2649","targetHints":{"allow":["GET"]}}],"collection":[{"href":"https:\/\/sincomavi.org.br\/index.php?rest_route=\/wp\/v2\/posts"}],"about":[{"href":"https:\/\/sincomavi.org.br\/index.php?rest_route=\/wp\/v2\/types\/post"}],"author":[{"embeddable":true,"href":"https:\/\/sincomavi.org.br\/index.php?rest_route=\/wp\/v2\/users\/1"}],"replies":[{"embeddable":true,"href":"https:\/\/sincomavi.org.br\/index.php?rest_route=%2Fwp%2Fv2%2Fcomments&post=2649"}],"version-history":[{"count":3,"href":"https:\/\/sincomavi.org.br\/index.php?rest_route=\/wp\/v2\/posts\/2649\/revisions"}],"predecessor-version":[{"id":2666,"href":"https:\/\/sincomavi.org.br\/index.php?rest_route=\/wp\/v2\/posts\/2649\/revisions\/2666"}],"wp:featuredmedia":[{"embeddable":true,"href":"https:\/\/sincomavi.org.br\/index.php?rest_route=\/wp\/v2\/media\/1217"}],"wp:attachment":[{"href":"https:\/\/sincomavi.org.br\/index.php?rest_route=%2Fwp%2Fv2%2Fmedia&parent=2649"}],"wp:term":[{"taxonomy":"category","embeddable":true,"href":"https:\/\/sincomavi.org.br\/index.php?rest_route=%2Fwp%2Fv2%2Fcategories&post=2649"},{"taxonomy":"post_tag","embeddable":true,"href":"https:\/\/sincomavi.org.br\/index.php?rest_route=%2Fwp%2Fv2%2Ftags&post=2649"}],"curies":[{"name":"wp","href":"https:\/\/api.w.org\/{rel}","templated":true}]}}