{"id":2643,"date":"2020-03-29T12:05:00","date_gmt":"2020-03-29T15:05:00","guid":{"rendered":"https:\/\/sincomavi.org.br\/?p=2643"},"modified":"2021-01-21T14:39:04","modified_gmt":"2021-01-21T16:39:04","slug":"sincomavi-firma-termo-de-aditamento-a-cct-com-o-sindicato-dos-comerciarios-de-sao-paulo","status":"publish","type":"post","link":"https:\/\/sincomavi.org.br\/?p=2643","title":{"rendered":"Sincomavi firma Termo de Aditamento \u00e0 CCT com o Sindicato dos Comerci\u00e1rios de S\u00e3o Paulo"},"content":{"rendered":"\n<p>31\/03\/2020 | Como forma de tentar diminuir o impacto causado pela crise provocada pelo Coronav\u00edrus, o Sincomavi e o Sindicato dos Comerci\u00e1rios de S\u00e3o Paulo (SECSP) assinaram Termo de Aditamento \u00e0 Conven\u00e7\u00e3o Coletiva de Trabalho 2019\/2020.  <\/p>\n\n\n\n<p>Entre\nas normas previstas na norma est\u00e3o:<\/p>\n\n\n\n<ul class=\"wp-block-list\"><li>Amplia\u00e7\u00e3o do prazo do Banco de Horas para horas negativas<\/li><li>Concess\u00e3o de f\u00e9rias<\/li><li>Flexibiliza\u00e7\u00e3o do trabalho remoto (home office)<\/li><\/ul>\n\n\n<style>.wp-block-kadence-advancedheading.kt-adv-heading_4203bb-84, .wp-block-kadence-advancedheading.kt-adv-heading_4203bb-84[data-kb-block=\"kb-adv-heading_4203bb-84\"]{text-align:center;font-style:normal;}.wp-block-kadence-advancedheading.kt-adv-heading_4203bb-84 mark.kt-highlight, .wp-block-kadence-advancedheading.kt-adv-heading_4203bb-84[data-kb-block=\"kb-adv-heading_4203bb-84\"] mark.kt-highlight{font-style:normal;color:#f76a0c;-webkit-box-decoration-break:clone;box-decoration-break:clone;padding-top:0px;padding-right:0px;padding-bottom:0px;padding-left:0px;}.wp-block-kadence-advancedheading.kt-adv-heading_4203bb-84 img.kb-inline-image, .wp-block-kadence-advancedheading.kt-adv-heading_4203bb-84[data-kb-block=\"kb-adv-heading_4203bb-84\"] img.kb-inline-image{width:150px;vertical-align:baseline;}<\/style>\n<h2 class=\"kt-adv-heading_4203bb-84 wp-block-kadence-advancedheading\" data-kb-block=\"kb-adv-heading_4203bb-84\">Confira o documento completo<\/h2>\n\n\n<style>.wp-block-kadence-advancedbtn.kb-btns_c0302d-06{gap:var(--global-kb-gap-xs, 0.5rem );justify-content:center;align-items:center;}.kt-btns_c0302d-06 .kt-button{font-weight:normal;font-style:normal;}.kt-btns_c0302d-06 .kt-btn-wrap-0{margin-right:5px;}.wp-block-kadence-advancedbtn.kt-btns_c0302d-06 .kt-btn-wrap-0 .kt-button{color:#555555;border-color:#555555;}.wp-block-kadence-advancedbtn.kt-btns_c0302d-06 .kt-btn-wrap-0 .kt-button:hover, .wp-block-kadence-advancedbtn.kt-btns_c0302d-06 .kt-btn-wrap-0 .kt-button:focus{color:#ffffff;border-color:#444444;}.wp-block-kadence-advancedbtn.kt-btns_c0302d-06 .kt-btn-wrap-0 .kt-button::before{display:none;}.wp-block-kadence-advancedbtn.kt-btns_c0302d-06 .kt-btn-wrap-0 .kt-button:hover, .wp-block-kadence-advancedbtn.kt-btns_c0302d-06 .kt-btn-wrap-0 .kt-button:focus{background:#444444;}<\/style>\n<div class=\"wp-block-kadence-advancedbtn kt-btn-align-center kt-btn-tablet-align-inherit kt-btn-mobile-align-inherit kt-btns-wrap kt-btns_c0302d-06\"><div class=\"kt-btn-wrap kt-btn-wrap-0\"><a class=\"kt-button button kt-btn-0-action kt-btn-size-standard kt-btn-style-basic kt-btn-svg-show-always kt-btn-has-text-true kt-btn-has-svg-false\" href=\"https:\/\/sincomavi.org.br\/wp-content\/uploads\/2020\/09\/TAC-A-CCT-2019-2020-EM-09-09-2020.pdf\" target=\"_blank\" rel=\"noreferrer noopener\"><span class=\"kt-btn-inner-text\"><strong>CLIQUE AQUI<\/strong><\/span><\/a><\/div><\/div>\n\n\n\n<p><strong>Qualquer d\u00favida a respeito pode ser sanada pelo telefone (11) 3488-8200 ou pelo e-mail: sincomavi@sincomavi.org.br<\/strong><\/p>\n","protected":false},"excerpt":{"rendered":"<p>31\/03\/2020 | Como forma de tentar diminuir o impacto causado pela crise provocada pelo Coronav\u00edrus, o Sincomavi e o Sindicato dos Comerci\u00e1rios de S\u00e3o Paulo (SECSP) assinaram Termo de Aditamento \u00e0 Conven\u00e7\u00e3o Coletiva de Trabalho 2019\/2020. Entre as normas previstas na norma est\u00e3o: Amplia\u00e7\u00e3o do prazo do Banco de Horas para horas negativas Concess\u00e3o de [&hellip;]<\/p>\n","protected":false},"author":1,"featured_media":2645,"comment_status":"closed","ping_status":"open","sticky":false,"template":"","format":"standard","meta":{"tdm_status":"","tdm_grid_status":"","footnotes":""},"categories":[157,153],"tags":[],"class_list":["post-2643","post","type-post","status-publish","format-standard","has-post-thumbnail","hentry","category-alerta","category-noticias"],"amp_enabled":true,"_links":{"self":[{"href":"https:\/\/sincomavi.org.br\/index.php?rest_route=\/wp\/v2\/posts\/2643","targetHints":{"allow":["GET"]}}],"collection":[{"href":"https:\/\/sincomavi.org.br\/index.php?rest_route=\/wp\/v2\/posts"}],"about":[{"href":"https:\/\/sincomavi.org.br\/index.php?rest_route=\/wp\/v2\/types\/post"}],"author":[{"embeddable":true,"href":"https:\/\/sincomavi.org.br\/index.php?rest_route=\/wp\/v2\/users\/1"}],"replies":[{"embeddable":true,"href":"https:\/\/sincomavi.org.br\/index.php?rest_route=%2Fwp%2Fv2%2Fcomments&post=2643"}],"version-history":[{"count":5,"href":"https:\/\/sincomavi.org.br\/index.php?rest_route=\/wp\/v2\/posts\/2643\/revisions"}],"predecessor-version":[{"id":5693,"href":"https:\/\/sincomavi.org.br\/index.php?rest_route=\/wp\/v2\/posts\/2643\/revisions\/5693"}],"wp:featuredmedia":[{"embeddable":true,"href":"https:\/\/sincomavi.org.br\/index.php?rest_route=\/wp\/v2\/media\/2645"}],"wp:attachment":[{"href":"https:\/\/sincomavi.org.br\/index.php?rest_route=%2Fwp%2Fv2%2Fmedia&parent=2643"}],"wp:term":[{"taxonomy":"category","embeddable":true,"href":"https:\/\/sincomavi.org.br\/index.php?rest_route=%2Fwp%2Fv2%2Fcategories&post=2643"},{"taxonomy":"post_tag","embeddable":true,"href":"https:\/\/sincomavi.org.br\/index.php?rest_route=%2Fwp%2Fv2%2Ftags&post=2643"}],"curies":[{"name":"wp","href":"https:\/\/api.w.org\/{rel}","templated":true}]}}