{"id":2618,"date":"2020-03-31T12:04:00","date_gmt":"2020-03-31T15:04:00","guid":{"rendered":"https:\/\/sincomavi.org.br\/?p=2618"},"modified":"2021-03-12T11:36:41","modified_gmt":"2021-03-12T14:36:41","slug":"publicacoes-oficiais","status":"publish","type":"post","link":"https:\/\/sincomavi.org.br\/?p=2618","title":{"rendered":"Coronav\u00edrus: publica\u00e7\u00f5es oficiais"},"content":{"rendered":"<style>.wp-block-kadence-spacer.kt-block-spacer-_4e320b-87 .kt-block-spacer{height:60px;}.wp-block-kadence-spacer.kt-block-spacer-_4e320b-87 .kt-divider{border-top-width:1px;height:1px;border-top-color:#eee;width:80%;border-top-style:solid;}<\/style>\n<div class=\"wp-block-kadence-spacer aligncenter kt-block-spacer-_4e320b-87\"><div class=\"kt-block-spacer kt-block-spacer-halign-center\" style=\"height:60px\"><hr class=\"kt-divider\" style=\"border-top-color:rgba(238, 238, 238, 1);border-top-width:1px;width:80%;border-top-style:solid\"\/><\/div><\/div>\n\n\n\n<p>12\/03\/2021| 11h35 | Em raz\u00e3o do grande n\u00famero de depoimentos de autoridades sobre medidas que ser\u00e3o adotadas no enfrentamento da pandemia do Coronav\u00edrus, o Sincomavi concentrar\u00e1 nesse espa\u00e7o todas as informa\u00e7\u00f5es referentes ao tema que tenham sido publicadas <strong>oficialmente<\/strong>. <\/p>\n\n\n\n<p> O objetivo \u00e9 tornar a informa\u00e7\u00e3o a mais clara e precisa poss\u00edvel. <\/p>\n\n\n\n<h4 class=\"has-text-align-center wp-block-heading\"> Em fun\u00e7\u00e3o da pandemia do COVID-19, respeitando o isolamento social e visando a prote\u00e7\u00e3o de todos, o Sincomavi est\u00e1 atendendo apenas por e-mail <a href=\"mailto:sincomavi@sincomavi.org.br\">sincomavi@sincomavi.org.br<\/a>.  Para um atendimento adequado, \u00e9 necess\u00e1rio que no corpo do e-mail seja fornecido o nome do solicitante da informa\u00e7\u00e3o e telefone fixo para contato. <br><br>Acompanhe as not\u00edcias no site <a rel=\"noreferrer noopener\" href=\"http:\/\/www.sincomavi.org.br\/\" target=\"_blank\">www.sincomavi.org.br<\/a>.<\/h4>\n\n\n<style>.wp-block-kadence-spacer.kt-block-spacer-_d7646f-76 .kt-block-spacer{height:60px;}.wp-block-kadence-spacer.kt-block-spacer-_d7646f-76 .kt-divider{border-top-width:1px;height:1px;border-top-color:#eee;width:80%;border-top-style:solid;}<\/style>\n<div class=\"wp-block-kadence-spacer aligncenter kt-block-spacer-_d7646f-76\"><div class=\"kt-block-spacer kt-block-spacer-halign-center\" style=\"height:60px\"><hr class=\"kt-divider\" style=\"border-top-color:rgba(238, 238, 238, 1);border-top-width:1px;width:80%;border-top-style:solid\"\/><\/div><\/div>\n\n\n\n<ul class=\"wp-block-list\"><li><a href=\"https:\/\/sincomavi.org.br\/atencao-fase-emergencial-do-plano-sao-paulo\/\" target=\"_blank\" rel=\"noreferrer noopener\"><strong>Estado de S\u00e3o Paulo: Fase Emergencial<\/strong><\/a><\/li><\/ul>\n\n\n\n<ul class=\"wp-block-list\"><li><strong><a href=\"https:\/\/sincomavi.org.br\/estado-de-sao-paulo-volta-para-fase-vermelha\/\" target=\"_blank\" rel=\"noreferrer noopener\">Estado de S\u00e3o Paulo: volta para fase vermelha<\/a><\/strong><\/li><\/ul>\n\n\n\n<ul class=\"wp-block-list\"><li><a href=\"https:\/\/sincomavi.org.br\/covid-retorno-a-fase-amarela\/\" target=\"_blank\" rel=\"noreferrer noopener\"><strong>Covid \u2013 retorno \u00e0 fase amarela<\/strong><\/a><\/li><\/ul>\n\n\n\n<ul class=\"wp-block-list\"><li><a href=\"https:\/\/sincomavi.org.br\/prorrogacao-dos-acordos-e-beneficios-emergenciais\/\" target=\"_blank\" rel=\"noreferrer noopener\"><strong>Prorroga\u00e7\u00e3o dos acordos e benef\u00edcios emergenciais<\/strong><\/a><\/li><\/ul>\n\n\n\n<ul class=\"wp-block-list\"><li><a href=\"https:\/\/sincomavi.org.br\/fase-verde-flexibilizacao-das-atividades-comerciais\/\" target=\"_blank\" rel=\"noreferrer noopener\"><strong>Fase Verde \u2013 flexibiliza\u00e7\u00e3o das atividades comerciais<\/strong><\/a><\/li><\/ul>\n\n\n\n<ul class=\"wp-block-list\"><li><a href=\"https:\/\/sincomavi.org.br\/bolsa-de-qualificacao-profissional-manual-para-transmissao-de-arquivos\/\" target=\"_blank\" rel=\"noreferrer noopener\"><strong>Bolsa de qualifica\u00e7\u00e3o profissional: manual para transmiss\u00e3o de arquivos<\/strong><\/a><\/li><\/ul>\n\n\n\n<ul class=\"wp-block-list\"><li><strong><a href=\"https:\/\/sincomavi.org.br\/prorrogada-a-convencao-coletiva-de-trabalho-2019-2020-da-capital\/\" target=\"_blank\" rel=\"noreferrer noopener\">Prorrogada a Conven\u00e7\u00e3o Coletiva de Trabalho 2019\/2020 da capital<\/a><\/strong><\/li><\/ul>\n\n\n\n<ul class=\"wp-block-list\"><li><a href=\"https:\/\/sincomavi.org.br\/trabalhismo-fornecimento-obrigatorio-de-mascaras\/\" target=\"_blank\" rel=\"noreferrer noopener\"><strong>Trabalhismo: fornecimento obrigat\u00f3rio de m\u00e1scaras<\/strong><\/a><\/li><\/ul>\n\n\n\n<ul class=\"wp-block-list\"><li><strong><a href=\"https:\/\/sincomavi.org.br\/e-social-suspenso-cronograma\/\" target=\"_blank\" rel=\"noreferrer noopener\">e-Social \u2013 suspenso cronograma<\/a><\/strong><\/li><\/ul>\n\n\n\n<ul class=\"wp-block-list\"><li><a href=\"https:\/\/sincomavi.org.br\/governo-do-estado-autoriza-abertura-de-estabelecimentos-por-8-horas\/\" target=\"_blank\" rel=\"noreferrer noopener\"><strong>Governo do Estado autoriza abertura de estabelecimentos por 8 horas<\/strong><\/a><\/li><\/ul>\n\n\n\n<ul class=\"wp-block-list\"><li><a href=\"https:\/\/sincomavi.org.br\/debitos-de-dificil-recuperacao-com-o-simples-podem-ser-parcelados\/\" target=\"_blank\" rel=\"noreferrer noopener\"><strong>D\u00e9bitos de dif\u00edcil recupera\u00e7\u00e3o com o Simples podem ser parcelados<\/strong><\/a><\/li><\/ul>\n\n\n\n<ul class=\"wp-block-list\"><li><a href=\"https:\/\/sincomavi.org.br\/beneficio-emergencial-bem-exigencias-e-recursos\/\" target=\"_blank\" aria-label=\"undefined (opens in a new tab)\" rel=\"noreferrer noopener\"><strong>Benef\u00edcio Emergencial (BEm): Exig\u00eancias e Recursos<\/strong><\/a><\/li><\/ul>\n\n\n\n<ul class=\"wp-block-list\"><li><a href=\"https:\/\/sincomavi.org.br\/receita-federal-suspensao-de-acoes-de-cobranca-prorrogada-ate-31-de-agosto\/\" target=\"_blank\" aria-label=\"undefined (opens in a new tab)\" rel=\"noreferrer noopener\"><strong>Receita: suspens\u00e3o de a\u00e7\u00f5es de cobran\u00e7a prorrogada at\u00e9 31 de agosto<\/strong><\/a><\/li><\/ul>\n\n\n\n<ul class=\"wp-block-list\"><li><strong><a href=\"https:\/\/sincomavi.org.br\/enel-parcelamento-de-divida-e-devolucao-de-pagamento-a-maior\/\" target=\"_blank\" aria-label=\"undefined (opens in a new tab)\" rel=\"noreferrer noopener\">Enel: parcelamento de d\u00edvida e devolu\u00e7\u00e3o de pagamento a maior<\/a><\/strong><\/li><\/ul>\n\n\n\n<ul class=\"wp-block-list\"><li><a href=\"https:\/\/sincomavi.org.br\/sancionada-lei-que-amplia-prazo-para-assembleias-de-empresas-e-cooperativas\/\" target=\"_blank\" aria-label=\"undefined (opens in a new tab)\" rel=\"noreferrer noopener\"><strong>Sancionada lei que amplia prazo para assembleias de empresas e cooperativas<\/strong><\/a><\/li><\/ul>\n\n\n\n<ul class=\"wp-block-list\"><li><strong><a href=\"https:\/\/sincomavi.org.br\/recontratacao-de-demitidos-na-pandemia\/\" target=\"_blank\" aria-label=\"undefined (opens in a new tab)\" rel=\"noreferrer noopener\">Recontrata\u00e7\u00e3o de demitidos na pandemia<\/a><\/strong><\/li><\/ul>\n\n\n\n<ul class=\"wp-block-list\"><li><a href=\"https:\/\/sincomavi.org.br\/ecf-entrega-prorrogada\/\" target=\"_blank\" aria-label=\"undefined (opens in a new tab)\" rel=\"noreferrer noopener\"><strong>ECF \u2013 entrega prorrogada<\/strong><\/a><\/li><\/ul>\n\n\n\n<ul class=\"wp-block-list\"><li><a href=\"https:\/\/sincomavi.org.br\/prorrogacao-da-reducao-e-ou-suspensao-dos-contratos-de-trabalho\/\" target=\"_blank\" aria-label=\"undefined (opens in a new tab)\" rel=\"noreferrer noopener\"><strong>Prorroga\u00e7\u00e3o da Redu\u00e7\u00e3o e\/ou Suspens\u00e3o dos Contratos de Trabalho<\/strong><\/a><\/li><\/ul>\n\n\n\n<ul class=\"wp-block-list\"><li><a aria-label=\"undefined (opens in a new tab)\" href=\"https:\/\/sincomavi.org.br\/programa-emergencial-de-manutencao-do-emprego-e-da-renda\/\" target=\"_blank\" rel=\"noreferrer noopener\"><strong>Programa Emergencial de Manuten\u00e7\u00e3o do Emprego e da Renda<\/strong><\/a><br><a aria-label=\"undefined (opens in a new tab)\" href=\"https:\/\/sincomavi.org.br\/programa-emergencial-de-manutencao-do-emprego-e-da-renda\/\" target=\"_blank\" rel=\"noreferrer noopener\"><strong>(Lei N\u00ba 14.020 &#8211; DOU 07\/07\/2020)<\/strong><\/a><\/li><\/ul>\n\n\n\n<ul class=\"wp-block-list\"><li><a href=\"https:\/\/sincomavi.org.br\/cartaz-obrigatorio-uso-mascara\/\" target=\"_blank\" aria-label=\"undefined (opens in a new tab)\" rel=\"noreferrer noopener\"><strong>Cartaz obrigat\u00f3rio: uso m\u00e1scara (Resolu\u00e7\u00e3o SS-96)<\/strong><\/a><\/li><\/ul>\n\n\n\n<ul class=\"wp-block-list\"><li><a href=\"https:\/\/sincomavi.org.br\/uso-de-mascara-multa-pode-chegar-a-r-5-02502-por-infrator\/\" target=\"_blank\" aria-label=\"undefined (opens in a new tab)\" rel=\"noreferrer noopener\"><strong>Uso de m\u00e1scara: multa pode chegar a R$ 5.025,02 por infrator<\/strong><\/a><\/li><\/ul>\n\n\n\n<ul class=\"wp-block-list\"><li><strong><a href=\"https:\/\/sincomavi.org.br\/lei-de-regularizacao-de-edificacoes-e-prorrogada-na-capital-paulista\/\" target=\"_blank\" aria-label=\"undefined (opens in a new tab)\" rel=\"noreferrer noopener\">Lei de Regulariza\u00e7\u00e3o de Edifica\u00e7\u00f5es \u00e9 prorrogada na capital paulista<\/a><\/strong><\/li><\/ul>\n\n\n\n<ul class=\"wp-block-list\"><li><a href=\"https:\/\/sincomavi.org.br\/trabalhismo-normas-na-covid-19\/\" target=\"_blank\" rel=\"noreferrer noopener\"><strong>Trabalhismo: normas na Covid-19<\/strong><\/a><\/li><\/ul>\n\n\n\n<ul class=\"wp-block-list\"><li><a href=\"https:\/\/sincomavi.org.br\/prorrogacao-da-cpp-cofins-e-pis\/\" target=\"_blank\" rel=\"noreferrer noopener\"><strong>Prorroga\u00e7\u00e3o da CPP, Cofins e PIS<\/strong><\/a><\/li><\/ul>\n\n\n\n<ul class=\"wp-block-list\"><li><a href=\"https:\/\/sincomavi.org.br\/capital-estabelecimentos-interditados-podem-solicitar-desinterdicao\/\" target=\"_blank\" rel=\"noreferrer noopener\"><strong>Capital: estabelecimentos interditados podem solicitar desinterdi\u00e7\u00e3o<\/strong><\/a><\/li><\/ul>\n\n\n\n<ul class=\"wp-block-list\"><li><a href=\"https:\/\/sincomavi.org.br\/taxa-de-fiscalizacao-de-estabelecimentos-tfe-nao-sera-enviada-em-2020\/\" target=\"_blank\" rel=\"noreferrer noopener\"><strong>Taxa de Fiscaliza\u00e7\u00e3o de Estabelecimentos (TFE) n\u00e3o ser\u00e1 enviada em 2020<\/strong><\/a><\/li><\/ul>\n\n\n\n<ul class=\"wp-block-list\"><li><a href=\"https:\/\/sincomavi.org.br\/programa-emergencial-de-acesso-a-credito\/\" target=\"_blank\" rel=\"noreferrer noopener\"><strong>Programa Emergencial de Acesso a Cr\u00e9dito<\/strong><\/a><\/li><\/ul>\n\n\n\n<ul class=\"wp-block-list\"><li><a rel=\"noreferrer noopener\" href=\"https:\/\/sincomavi.org.br\/covid-19-prefeituras-publicam-novos-decretos\/\" target=\"_blank\"><strong>Covid-19: <\/strong><\/a><a href=\"https:\/\/sincomavi.org.br\/covid-19-prefeituras-publicam-novos-decretos\/\" target=\"_blank\" rel=\"noreferrer noopener\"><strong>p<\/strong><\/a><a rel=\"noreferrer noopener\" href=\"https:\/\/sincomavi.org.br\/covid-19-prefeituras-publicam-novos-decretos\/\" target=\"_blank\"><strong>refeituras publicam novos decretos<\/strong><\/a><\/li><\/ul>\n\n\n\n<ul class=\"wp-block-list\"><li><a href=\"https:\/\/sincomavi.org.br\/capital-prorrogacao-de-quarentena-e-entrega-de-protocolo\/\" target=\"_blank\" rel=\"noreferrer noopener\"><strong>Capital: prorroga\u00e7\u00e3o de quarentena e entrega de protocolo<\/strong><\/a><\/li><\/ul>\n\n\n\n<ul class=\"wp-block-list\"><li><a href=\"https:\/\/sincomavi.org.br\/feriado-de-9-de-julho-antecipado\/\"><strong>Feriado de 9 de julho antecipado<\/strong><\/a><\/li><\/ul>\n\n\n\n<ul class=\"wp-block-list\"><li><a href=\"https:\/\/sincomavi.org.br\/credito-governo-federal-divulga-condicoes-do-pronampe\/\" target=\"_blank\" rel=\"noreferrer noopener\"><strong>Cr\u00e9dito: governo federal divulga condi\u00e7\u00f5es do Pronampe<\/strong><\/a><\/li><\/ul>\n\n\n\n<ul class=\"wp-block-list\"><li><a href=\"https:\/\/sincomavi.org.br\/atencao-20-e-21-de-maio-serao-feriados-em-sao-paulo\/\" target=\"_blank\" rel=\"noreferrer noopener\"><strong>Aten\u00e7\u00e3o: 20 e 21 de maio ser\u00e3o feriados em S\u00e3o Paulo<\/strong><\/a><\/li><\/ul>\n\n\n\n<ul class=\"wp-block-list\"><li><a href=\"https:\/\/sincomavi.org.br\/tributos-federais-parcelamentos-prorrogados\/\" target=\"_blank\" rel=\"noreferrer noopener\"><strong>Tributos Federais: parcelamentos prorrogados<\/strong><\/a><\/li><\/ul>\n\n\n\n<ul class=\"wp-block-list\"><li><a href=\"https:\/\/sincomavi.org.br\/e-obrigatorio-o-fornecimento-de-mascara-aos-colaboradores\/\"><strong>\u00c9 obrigat\u00f3rio o fornecimento de m\u00e1scara aos colaboradores<\/strong><\/a><\/li><\/ul>\n\n\n\n<ul class=\"wp-block-list\"><li><a rel=\"noreferrer noopener\" aria-label=\"Com\u00e9rcio: uso de m\u00e1scara de prote\u00e7\u00e3o passa a ser obrigat\u00f3rio (abre numa nova aba)\" href=\"https:\/\/sincomavi.org.br\/comercio-uso-de-mascara-de-protecao-passa-a-ser-obrigatorio\/\" target=\"_blank\"><strong>Com\u00e9rcio: uso de m\u00e1scara de prote\u00e7\u00e3o passa a ser obrigat\u00f3rio<\/strong><\/a><\/li><\/ul>\n\n\n\n<ul class=\"wp-block-list\"><li><a href=\"https:\/\/sincomavi.org.br\/pmsp-prorrogado-o-prazo-de-suspensao-de-inscricao-em-divida-ativa\/\" target=\"_blank\" rel=\"noreferrer noopener\"><strong>PMSP: prorrogado o prazo de suspens\u00e3o de inscri\u00e7\u00e3o em d\u00edvida ativa<\/strong><\/a><\/li><\/ul>\n\n\n\n<ul class=\"wp-block-list\"><li><a href=\"https:\/\/sincomavi.org.br\/covid-lei-no-17-340-estabelece-novas-diretrizes-para-empresas-da-capital-que-podem-abrir\/\" target=\"_blank\" rel=\"noreferrer noopener\" aria-label=\"Covid: Lei n\u00ba 17.340 estabelece novas diretrizes para empresas da capital que podem abrir (abre numa nova aba)\"><strong>Covid: Lei n\u00ba 17.340 estabelece novas diretrizes para empresas da capital que podem abrir<\/strong><\/a><\/li><\/ul>\n\n\n\n<ul class=\"wp-block-list\"><li><a href=\"https:\/\/sincomavi.org.br\/wp-content\/uploads\/2020\/04\/SINCOMAVI-OSASCO-Termo-de-Aditamento-\u00e0-Conven\u00e7\u00e3o.pdf\" target=\"_blank\" rel=\"noreferrer noopener\" aria-label=\"Termo de Aditamento Osasco e Regi\u00e3o (MP 936) (abre numa nova aba)\"><strong>Termo de Aditamento Osasco e Regi\u00e3o (MP 936)<\/strong><\/a><\/li><\/ul>\n\n\n\n<ul class=\"wp-block-list\"><li><a href=\"https:\/\/sincomavi.org.br\/regras-para-pagamento-do-beneficio-emergencial-mp-936\/\" target=\"_blank\" rel=\"noreferrer noopener\" aria-label=\"Regras para pagamento do benef\u00edcio emergencial (MP 936) (abre numa nova aba)\"><strong>Regras para pagamento do benef\u00edcio emergencial (MP 936)<\/strong><\/a><\/li><\/ul>\n\n\n\n<ul class=\"wp-block-list\"><li><a href=\"https:\/\/sincomavi.org.br\/suspensao-da-exclusao-por-inadimplencia-de-parcelamentos-durante-a-pandemia\/\" target=\"_blank\" rel=\"noreferrer noopener\" aria-label=\"Suspens\u00e3o da exclus\u00e3o por inadimpl\u00eancia de parcelamentos durante a pandemia (abre numa nova aba)\"><strong>Suspens\u00e3o da exclus\u00e3o por inadimpl\u00eancia de parcelamentos durante a pandemia<\/strong><\/a><\/li><\/ul>\n\n\n\n<ul class=\"wp-block-list\"><li><a href=\"https:\/\/sincomavi.org.br\/firmado-novos-aditamentos-sindicapro-e-seedesp-mp-936\/\" target=\"_blank\" rel=\"noreferrer noopener\" aria-label=\"Firmado novos aditamentos: Sindicapro e Seedesp (MP 936) (abre numa nova aba)\"><strong>Firmado novos aditamentos: Sindicapro e Seedesp (MP 936)<\/strong><\/a><\/li><\/ul>\n\n\n\n<ul class=\"wp-block-list\"><li><a href=\"https:\/\/sincomavi.org.br\/wp-content\/uploads\/2020\/04\/200415-CAPITAL-SINCOMAVI-TERMO-EMERGENCIAL-DE-ADITAMENTO.pdf\" target=\"_blank\" rel=\"noreferrer noopener\" aria-label=\"Termo de Aditamento S\u00e3o Paulo - capital (Medida Provis\u00f3ria 936) (abre numa nova aba)\"><strong>Termo de Aditamento S\u00e3o Paulo &#8211; capital (Medida Provis\u00f3ria 936)<\/strong><\/a><\/li><\/ul>\n\n\n\n<ul class=\"wp-block-list\"><li><a href=\"https:\/\/sincomavi.org.br\/aditamento-cotia-e-regiao-medida-provisoria-936\/\"><strong>Termo Aditamento Cotia e Regi\u00e3o (Medida Provis\u00f3ria 936)<\/strong><\/a><\/li><\/ul>\n\n\n\n<ul class=\"wp-block-list\"><li><a rel=\"noreferrer noopener\" aria-label=\"Medida Provis\u00f3ria N\u00ba 944 \u2013 Programa Emergencial de Suporte a Empregos (abre numa nova aba)\" href=\"https:\/\/sincomavi.org.br\/medida-provisoria-no-944-programa-emergencial-de-suporte-a-empregos\/\" target=\"_blank\"><strong>Medida Provis\u00f3ria N\u00ba 944 \u2013 Programa Emergencial de Suporte a Empregos<\/strong><\/a><\/li><\/ul>\n\n\n\n<ul class=\"wp-block-list\"><li><a rel=\"noreferrer noopener\" aria-label=\"Cidade de S\u00e3o Paulo: quarentena prorrogada at\u00e9 22 de abril (abre numa nova aba)\" href=\"https:\/\/sincomavi.org.br\/cidade-de-sao-paulo-quarentena-prorrogada-ate-22-de-abril\/\" target=\"_blank\"><strong>Cidade de S\u00e3o Paulo: quarentena prorrogada at\u00e9 22 de abril<\/strong><\/a><\/li><\/ul>\n\n\n\n<ul class=\"wp-block-list\"><li><a rel=\"noreferrer noopener\" aria-label=\"Simples Nacional: vencimentos do ICMS e do ISS s\u00e3o prorrogados (abre numa nova aba)\" href=\"https:\/\/sincomavi.org.br\/simples-nacional-vencimento-do-icms-e-iss-sao-prorrogados\/\" target=\"_blank\"><strong>Simples Nacional: vencimentos do ICMS e do ISS s\u00e3o prorrogados<\/strong><\/a><\/li><\/ul>\n\n\n\n<ul class=\"wp-block-list\"><li><a href=\"https:\/\/sincomavi.org.br\/prevencao-coronavirus-exigencias-da-legislacao-e-recomendacoes\/\" target=\"_blank\" rel=\"noreferrer noopener\" aria-label=\"Preven\u00e7\u00e3o Coronav\u00edrus: exig\u00eancias da legisla\u00e7\u00e3o e recomenda\u00e7\u00f5es. (abre numa nova aba)\"><strong>Preven\u00e7\u00e3o Coronav\u00edrus: exig\u00eancias da legisla\u00e7\u00e3o e recomenda\u00e7\u00f5es.<\/strong><\/a><br><br><\/li><li><strong><a rel=\"noreferrer noopener\" aria-label=\"Autorizado o funcionamento de lojas de material de constru\u00e7\u00e3o (abre numa nova aba)\" href=\"https:\/\/sincomavi.org.br\/autorizado-o-funcionamento-de-lojas-de-material-de-construcao\/\" target=\"_blank\">Autorizado o funcionamento de lojas de material de constru\u00e7\u00e3o<\/a><\/strong><br><br><\/li><li><a rel=\"noreferrer noopener\" aria-label=\"Simples: recolhimento (abre numa nova aba)\" href=\"https:\/\/sincomavi.org.br\/simples-recolhimento\/\" target=\"_blank\"><strong>Simples: recolhimento<\/strong><\/a><br><br><\/li><li><a rel=\"noreferrer noopener\" aria-label=\"Prorroga\u00e7\u00e3o: DEFIS E DASN-SIMEI (abre numa nova aba)\" href=\"https:\/\/sincomavi.org.br\/prorrogacao-defis-e-dasn-simei\/\" target=\"_blank\"><strong>Prorroga\u00e7\u00e3o: DEFIS E DASN-SIMEI<\/strong><\/a><br><br><\/li><li><a rel=\"noreferrer noopener\" aria-label=\"Atendimento dos Postos Fiscais da Sefaz ser\u00e1 virtual at\u00e9 30\/4 (abre numa nova aba)\" href=\"https:\/\/sincomavi.org.br\/atendimento-dos-postos-fiscais-da-sefaz-sera-virtual-ate-30-4\/\" target=\"_blank\"><strong>Atendimento dos Postos Fiscais da Sefaz ser\u00e1 virtual at\u00e9 30\/4<\/strong><\/a><br><br><\/li><li><a rel=\"noreferrer noopener\" aria-label=\"FGTS \u2013 Recolhimento especial (abre numa nova aba)\" href=\"https:\/\/sincomavi.org.br\/fgts-recolhimento-especial\/\" target=\"_blank\"><strong>FGTS \u2013 Recolhimento especial<\/strong><\/a><br><br><\/li><li><a rel=\"noreferrer noopener\" aria-label=\"Prefeitura de Mairipor\u00e3 prorroga pagamento de impostos (abre numa nova aba)\" href=\"https:\/\/sincomavi.org.br\/prefeitura-de-mairipora-prorroga-pagamento-de-impostos\/\" target=\"_blank\"><strong>Prefeitura de Mairipor\u00e3 prorroga pagamento de impostos<\/strong><\/a><br><br><\/li><li><a rel=\"noreferrer noopener\" aria-label=\"Libera\u00e7\u00e3o de abertura do com\u00e9rcio pelas prefeituras (abre numa nova aba)\" href=\"https:\/\/sincomavi.org.br\/liberacao-de-abertura-do-comercio-pelas-prefeituras\/\" target=\"_blank\"><strong>Libera\u00e7\u00e3o de abertura do com\u00e9rcio pelas prefeituras<\/strong><\/a><br><br><\/li><li><a rel=\"noreferrer noopener\" aria-label=\"Coronav\u00edrus e Rela\u00e7\u00f5es Trabalhistas \u2013 Medida Provis\u00f3ria n\u00ba 927 (abre numa nova aba)\" href=\"https:\/\/sincomavi.org.br\/coronavirus-e-relacoes-trabalhistas-medida-provisoria-no-927\/\" target=\"_blank\"><strong>Coronav\u00edrus e Rela\u00e7\u00f5es Trabalhistas \u2013 Medida Provis\u00f3ria n\u00ba 927<\/strong><\/a><br><br><\/li><li><a rel=\"noreferrer noopener\" aria-label=\"Doria decreta fechamento do com\u00e9rcio por 15 dias (abre numa nova aba)\" href=\"https:\/\/sincomavi.org.br\/doria-decreta-fechamento-do-comercio-por-15-dias\/\" target=\"_blank\"><strong>Governo do Estado de S\u00e3o Paulo decreta fechamento do com\u00e9rcio por 15 dias<\/strong><\/a><br><\/li><li><a rel=\"noreferrer noopener\" aria-label=\" (abre numa nova aba)\" href=\"https:\/\/sincomavi.org.br\/prefeitura-da-capital-interrompe-funcionamento-de-estabelecimentos-comerciais\/\" target=\"_blank\"> <strong>Prefeitura da capital interrompe funcionamento de estabelecimentos comerciais<\/strong><\/a><\/li><\/ul>\n\n\n\n<ul class=\"wp-block-list\"><li><a href=\"https:\/\/sincomavi.org.br\/foi-prorrogado-oficialmente-o-prazo-para-pagamento-do-simples-nacional\/\"><strong>Foi prorrogado oficialmente o prazo para pagamento do Simples Nacional<\/strong><\/a><br><br><\/li><li><a rel=\"noreferrer noopener\" aria-label=\"Sincomavi firma Termo de Aditamento \u00e0 CCT com o Sindicato dos Comerci\u00e1rios de S\u00e3o Paulo (abre numa nova aba)\" href=\"https:\/\/sincomavi.org.br\/sincomavi-firma-termo-de-aditamento-a-cct-com-o-sindicato-dos-comerciarios-de-sao-paulo\/\" target=\"_blank\"><strong>Sincomavi firma Termo de Aditamento \u00e0 CCT com o Sindicato dos Comerci\u00e1rios de S\u00e3o Paulo<\/strong><\/a><br><br><\/li><li><a rel=\"noreferrer noopener\" aria-label=\"Liberada a circula\u00e7\u00e3o em per\u00edodo integral de ve\u00edculos de carga de algumas categorias (abre numa nova aba)\" href=\"https:\/\/sincomavi.org.br\/liberada-a-circulacao-em-periodo-integral-de-veiculos-de-carga-de-algumas-categorias\/\" target=\"_blank\"><strong>Liberada a circula\u00e7\u00e3o em per\u00edodo integral de ve\u00edculos de carga de algumas categorias<\/strong><\/a><br><br><\/li><li><a rel=\"noreferrer noopener\" aria-label=\"Mais munic\u00edpios da RMSP restringem o atendimento do varejo (abre numa nova aba)\" href=\"https:\/\/sincomavi.org.br\/mais-municipios-da-rmsp-restringem-o-atendimento-do-varejo\/\" target=\"_blank\"><strong>Mais munic\u00edpios da RMSP restringem o atendimento do varejo<\/strong><\/a><br><br><\/li><li><a href=\"https:\/\/sincomavi.org.br\/suspensao-de-protestos-de-certidoes-de-divida-ativa-do-estado-de-sao-paulo\/\" target=\"_blank\" rel=\"noreferrer noopener\" aria-label=\"Suspens\u00e3o de protestos de certid\u00f5es de d\u00edvida ativa do estado de S\u00e3o Paulo (abre numa nova aba)\"><strong>Suspens\u00e3o de protestos de certid\u00f5es de d\u00edvida ativa do estado de S\u00e3o Paulo<\/strong><\/a><\/li><\/ul>\n\n\n<style>.wp-block-kadence-spacer.kt-block-spacer-_127c7d-ab .kt-block-spacer{height:60px;}.wp-block-kadence-spacer.kt-block-spacer-_127c7d-ab .kt-divider{border-top-width:1px;height:1px;border-top-color:#eee;width:80%;border-top-style:solid;}<\/style>\n<div class=\"wp-block-kadence-spacer aligncenter kt-block-spacer-_127c7d-ab\"><div class=\"kt-block-spacer kt-block-spacer-halign-center\" style=\"height:60px\"><hr class=\"kt-divider\" style=\"border-top-color:rgba(238, 238, 238, 1);border-top-width:1px;width:80%;border-top-style:solid\"\/><\/div><\/div>\n\n\n\n<h2 class=\"wp-block-heading\"><strong>Outras dicas e recomenda\u00e7\u00f5es<\/strong><\/h2>\n\n\n\n<ul class=\"wp-block-list\"><li><a href=\"https:\/\/sincomavi.org.br\/horarios-alternativos-recomendacao-da-prefeitura-da-capital\/\" target=\"_blank\" rel=\"noreferrer noopener\" aria-label=\"Hor\u00e1rios alternativos: recomenda\u00e7\u00e3o da prefeitura da capital (abre numa nova aba)\"><strong>Hor\u00e1rios alternativos: recomenda\u00e7\u00e3o da prefeitura da capital<\/strong><\/a><\/li><\/ul>\n\n\n\n<ul class=\"wp-block-list\"><li><a rel=\"noreferrer noopener\" aria-label=\"Sincomavi realiza campanha para lojas que continuar\u00e3o atendendo por televendas ou e-commerce (abre numa nova aba)\" href=\"https:\/\/sincomavi.org.br\/sincomavi-realiza-campanha-para-lojas-que-continuarao-atendendo-por-televendas-ou-e-commerce\/\" target=\"_blank\"><strong>Sincomavi realiza campanha para lojas que continuar\u00e3o atendendo por televendas ou e-commerce<\/strong><\/a><br><br><\/li><li><a rel=\"noreferrer noopener\" aria-label=\"Sincomavi fecha parceria com empresa especializada em marketing digital (abre numa nova aba)\" href=\"https:\/\/sincomavi.org.br\/sincomavi-fecha-parceria-com-empresa-especializada-em-marketing-digital\/\" target=\"_blank\"><strong>Sincomavi fecha parceria com empresa especializada em marketing digital<\/strong><\/a><br><br><\/li><li><a rel=\"noreferrer noopener\" href=\"https:\/\/sincomavi.org.br\/sera-possivel-vender-mesmo-com-as-restricoes-impostas-pela-prefeitura-da-capital\/\" target=\"_blank\"><strong>Ser\u00e1 poss\u00edvel vender mesmo com as restri\u00e7\u00f5es impostas pela prefeitura da capital<\/strong><\/a><\/li><\/ul>\n\n\n\n<ul class=\"wp-block-list\"><li><a rel=\"noreferrer noopener\" aria-label=\"Sincomavi abre acesso \u00e0 plataforma de ensino a dist\u00e2ncia (abre numa nova aba)\" href=\"https:\/\/sincomavi.org.br\/sincomavi-abre-acesso-a-plataforma-de-ensino-a-distancia\/\" target=\"_blank\"><strong>Sincomavi abre acesso \u00e0 plataforma de ensino a dist\u00e2ncia<\/strong><\/a><br><br><\/li><li><a rel=\"noreferrer noopener\" aria-label=\"Sincomavi solicita abertura de lojas e flexibiliza\u00e7\u00f5es para a prefeitura da capital (abre numa nova aba)\" href=\"https:\/\/sincomavi.org.br\/sincomavi-solicita-abertura-de-lojas-e-flexibilizacoes-para-a-prefeitura-da-capital\/\" target=\"_blank\"><strong>Sincomavi solicita abertura de lojas e flexibiliza\u00e7\u00f5es para a prefeitura da capital<\/strong><\/a><\/li><\/ul>\n\n\n\n<ul class=\"wp-block-list\"><li><strong><a rel=\"noreferrer noopener\" aria-label=\"Coronav\u00edrus: veja se sua loja pode abrir (abre numa nova aba)\" href=\"https:\/\/sincomavi.org.br\/coronavirus-veja-se-sua-loja-pode-abrir\/\" target=\"_blank\">Coronav\u00edrus: veja se sua loja pode abrir<\/a><\/strong><\/li><\/ul>\n\n\n\n<ul class=\"wp-block-list\"><li><a rel=\"noreferrer noopener\" aria-label=\"Coronavirus: veja se sua loja pode abrir (segunda parte) (abre numa nova aba)\" href=\"https:\/\/sincomavi.org.br\/coronavirus-veja-se-sua-loja-pode-abrir-segunda-parte\/\" target=\"_blank\"><strong>Coronavirus: veja se sua loja pode abrir (segunda parte)<\/strong><\/a><\/li><\/ul>\n\n\n\n<ul class=\"wp-block-list\"><li><a rel=\"noreferrer noopener\" aria-label=\"Covid-19: cartazes b\u00e1sicos para afixa\u00e7\u00e3o nas lojas (abre numa nova aba)\" href=\"https:\/\/sincomavi.org.br\/covid-19-cartazes-basicos-para-afixacao-nas-lojas\/\" target=\"_blank\"><strong>Covid-19: cartazes b\u00e1sicos para afixa\u00e7\u00e3o nas lojas<\/strong><\/a><\/li><\/ul>\n\n\n<style>.wp-block-kadence-spacer.kt-block-spacer-_e58ee0-0a .kt-block-spacer{height:60px;}.wp-block-kadence-spacer.kt-block-spacer-_e58ee0-0a .kt-divider{border-top-width:1px;height:1px;border-top-color:#eee;width:80%;border-top-style:solid;}<\/style>\n<div class=\"wp-block-kadence-spacer aligncenter kt-block-spacer-_e58ee0-0a\"><div class=\"kt-block-spacer kt-block-spacer-halign-center\" style=\"height:60px\"><hr class=\"kt-divider\" style=\"border-top-color:rgba(238, 238, 238, 1);border-top-width:1px;width:80%;border-top-style:solid\"\/><\/div><\/div>\n","protected":false},"excerpt":{"rendered":"<p>12\/03\/2021| 11h35 | Em raz\u00e3o do grande n\u00famero de depoimentos de autoridades sobre medidas que ser\u00e3o adotadas no enfrentamento da pandemia do Coronav\u00edrus, o Sincomavi concentrar\u00e1 nesse espa\u00e7o todas as informa\u00e7\u00f5es referentes ao tema que tenham sido publicadas oficialmente. O objetivo \u00e9 tornar a informa\u00e7\u00e3o a mais clara e precisa poss\u00edvel. Em fun\u00e7\u00e3o da pandemia [&hellip;]<\/p>\n","protected":false},"author":1,"featured_media":1652,"comment_status":"closed","ping_status":"open","sticky":false,"template":"","format":"standard","meta":{"tdm_status":"","tdm_grid_status":"","footnotes":""},"categories":[157],"tags":[],"class_list":["post-2618","post","type-post","status-publish","format-standard","has-post-thumbnail","hentry","category-alerta"],"amp_enabled":true,"_links":{"self":[{"href":"https:\/\/sincomavi.org.br\/index.php?rest_route=\/wp\/v2\/posts\/2618","targetHints":{"allow":["GET"]}}],"collection":[{"href":"https:\/\/sincomavi.org.br\/index.php?rest_route=\/wp\/v2\/posts"}],"about":[{"href":"https:\/\/sincomavi.org.br\/index.php?rest_route=\/wp\/v2\/types\/post"}],"author":[{"embeddable":true,"href":"https:\/\/sincomavi.org.br\/index.php?rest_route=\/wp\/v2\/users\/1"}],"replies":[{"embeddable":true,"href":"https:\/\/sincomavi.org.br\/index.php?rest_route=%2Fwp%2Fv2%2Fcomments&post=2618"}],"version-history":[{"count":102,"href":"https:\/\/sincomavi.org.br\/index.php?rest_route=\/wp\/v2\/posts\/2618\/revisions"}],"predecessor-version":[{"id":5926,"href":"https:\/\/sincomavi.org.br\/index.php?rest_route=\/wp\/v2\/posts\/2618\/revisions\/5926"}],"wp:featuredmedia":[{"embeddable":true,"href":"https:\/\/sincomavi.org.br\/index.php?rest_route=\/wp\/v2\/media\/1652"}],"wp:attachment":[{"href":"https:\/\/sincomavi.org.br\/index.php?rest_route=%2Fwp%2Fv2%2Fmedia&parent=2618"}],"wp:term":[{"taxonomy":"category","embeddable":true,"href":"https:\/\/sincomavi.org.br\/index.php?rest_route=%2Fwp%2Fv2%2Fcategories&post=2618"},{"taxonomy":"post_tag","embeddable":true,"href":"https:\/\/sincomavi.org.br\/index.php?rest_route=%2Fwp%2Fv2%2Ftags&post=2618"}],"curies":[{"name":"wp","href":"https:\/\/api.w.org\/{rel}","templated":true}]}}