{"id":2606,"date":"2020-03-18T16:15:47","date_gmt":"2020-03-18T19:15:47","guid":{"rendered":"https:\/\/sincomavi.org.br\/?p=2606"},"modified":"2020-03-18T16:15:48","modified_gmt":"2020-03-18T19:15:48","slug":"sincomavi-solicita-medidas-ao-ministro-da-economia-para-reduzir-a-crise-provocada-pelo-coronavirus","status":"publish","type":"post","link":"https:\/\/sincomavi.org.br\/?p=2606","title":{"rendered":"Sincomavi solicita medidas ao Ministro da Economia para reduzir a crise provocada pelo Coronav\u00edrus"},"content":{"rendered":"\n<p>\nTodos\nos brasileiros est\u00e3o sentido o impacto gerado pela pandemia do\nCoronav\u00edrus, sobretudo os comerciantes\nde micro e pequeno portes. Por essa raz\u00e3o, Reinaldo Pedro Correa,\npresidente do Sincomavi, enviou of\u00edcio ao ministro da Economia Paulo\nGuedes, solicitando medidas pr\u00e1ticas para tentar minimizar os\nproblemas enfrentados\npor\nempresas de\ntodo o Pa\u00eds.<\/p>\n\n\n\n<p>Entre\nas a\u00e7\u00f5es\nsugeridas est\u00e3o a posterga\u00e7\u00e3o do recolhimento de tributos\nfederais, buscar\nformas de adotar a mesma medida em rela\u00e7\u00e3o ao Imposto sobre\nCircula\u00e7\u00e3o de Mercadorias e Servi\u00e7os (ICMS) de responsabilidade\ndos governos estaduais, flexibilizar temporariamente a legisla\u00e7\u00e3o\ntrabalhista, criar linhas especiais de capital de giro e\ncoordenar e solicitar, junto \u00e0s entidades representativas do setor\nfinanceiro, a n\u00e3o cobran\u00e7a de multas e encargos por atraso no\npagamento de financiamentos j\u00e1 existentes (veja o conte\u00fado completo\ndo of\u00edcio na reprodu\u00e7\u00e3o abaixo).<\/p>\n\n\n\n<p>Longe de ser uma solu\u00e7\u00e3o para todos os problemas, essas medidas abrem, pelo menos, a perspectiva para os empres\u00e1rios enfrentarem a crise de uma melhor forma. <\/p>\n\n\n\n<figure class=\"wp-block-image size-large\"><img loading=\"lazy\" decoding=\"async\" width=\"672\" height=\"1024\" src=\"https:\/\/sincomavi.org.br\/wp-content\/uploads\/2020\/03\/pg1-672x1024.jpg\" alt=\"\" class=\"wp-image-2607\" srcset=\"https:\/\/sincomavi.org.br\/wp-content\/uploads\/2020\/03\/pg1-672x1024.jpg 672w, https:\/\/sincomavi.org.br\/wp-content\/uploads\/2020\/03\/pg1-197x300.jpg 197w, https:\/\/sincomavi.org.br\/wp-content\/uploads\/2020\/03\/pg1-768x1170.jpg 768w, https:\/\/sincomavi.org.br\/wp-content\/uploads\/2020\/03\/pg1-1008x1536.jpg 1008w, https:\/\/sincomavi.org.br\/wp-content\/uploads\/2020\/03\/pg1-1344x2048.jpg 1344w, https:\/\/sincomavi.org.br\/wp-content\/uploads\/2020\/03\/pg1-276x420.jpg 276w, https:\/\/sincomavi.org.br\/wp-content\/uploads\/2020\/03\/pg1-640x975.jpg 640w, https:\/\/sincomavi.org.br\/wp-content\/uploads\/2020\/03\/pg1-681x1038.jpg 681w, https:\/\/sincomavi.org.br\/wp-content\/uploads\/2020\/03\/pg1-scaled.jpg 1680w\" sizes=\"auto, (max-width: 672px) 100vw, 672px\" \/><\/figure>\n\n\n\n<figure class=\"wp-block-image size-large\"><img loading=\"lazy\" decoding=\"async\" width=\"672\" height=\"1024\" src=\"https:\/\/sincomavi.org.br\/wp-content\/uploads\/2020\/03\/pg2-672x1024.jpg\" alt=\"\" class=\"wp-image-2608\" srcset=\"https:\/\/sincomavi.org.br\/wp-content\/uploads\/2020\/03\/pg2-672x1024.jpg 672w, https:\/\/sincomavi.org.br\/wp-content\/uploads\/2020\/03\/pg2-197x300.jpg 197w, https:\/\/sincomavi.org.br\/wp-content\/uploads\/2020\/03\/pg2-768x1170.jpg 768w, https:\/\/sincomavi.org.br\/wp-content\/uploads\/2020\/03\/pg2-1008x1536.jpg 1008w, https:\/\/sincomavi.org.br\/wp-content\/uploads\/2020\/03\/pg2-1344x2048.jpg 1344w, https:\/\/sincomavi.org.br\/wp-content\/uploads\/2020\/03\/pg2-276x420.jpg 276w, https:\/\/sincomavi.org.br\/wp-content\/uploads\/2020\/03\/pg2-640x975.jpg 640w, https:\/\/sincomavi.org.br\/wp-content\/uploads\/2020\/03\/pg2-681x1038.jpg 681w, https:\/\/sincomavi.org.br\/wp-content\/uploads\/2020\/03\/pg2-scaled.jpg 1680w\" sizes=\"auto, (max-width: 672px) 100vw, 672px\" \/><\/figure>\n","protected":false},"excerpt":{"rendered":"<p>Todos os brasileiros est\u00e3o sentido o impacto gerado pela pandemia do Coronav\u00edrus, sobretudo os comerciantes de micro e pequeno portes. Por essa raz\u00e3o, Reinaldo Pedro Correa, presidente do Sincomavi, enviou of\u00edcio ao ministro da Economia Paulo Guedes, solicitando medidas pr\u00e1ticas para tentar minimizar os problemas enfrentados por empresas de todo o Pa\u00eds. Entre as a\u00e7\u00f5es [&hellip;]<\/p>\n","protected":false},"author":1,"featured_media":2609,"comment_status":"closed","ping_status":"open","sticky":false,"template":"","format":"standard","meta":{"tdm_status":"","tdm_grid_status":"","footnotes":""},"categories":[157],"tags":[349,267],"class_list":["post-2606","post","type-post","status-publish","format-standard","has-post-thumbnail","hentry","category-alerta","tag-coronavirus","tag-oficio"],"amp_enabled":true,"_links":{"self":[{"href":"https:\/\/sincomavi.org.br\/index.php?rest_route=\/wp\/v2\/posts\/2606","targetHints":{"allow":["GET"]}}],"collection":[{"href":"https:\/\/sincomavi.org.br\/index.php?rest_route=\/wp\/v2\/posts"}],"about":[{"href":"https:\/\/sincomavi.org.br\/index.php?rest_route=\/wp\/v2\/types\/post"}],"author":[{"embeddable":true,"href":"https:\/\/sincomavi.org.br\/index.php?rest_route=\/wp\/v2\/users\/1"}],"replies":[{"embeddable":true,"href":"https:\/\/sincomavi.org.br\/index.php?rest_route=%2Fwp%2Fv2%2Fcomments&post=2606"}],"version-history":[{"count":1,"href":"https:\/\/sincomavi.org.br\/index.php?rest_route=\/wp\/v2\/posts\/2606\/revisions"}],"predecessor-version":[{"id":2610,"href":"https:\/\/sincomavi.org.br\/index.php?rest_route=\/wp\/v2\/posts\/2606\/revisions\/2610"}],"wp:featuredmedia":[{"embeddable":true,"href":"https:\/\/sincomavi.org.br\/index.php?rest_route=\/wp\/v2\/media\/2609"}],"wp:attachment":[{"href":"https:\/\/sincomavi.org.br\/index.php?rest_route=%2Fwp%2Fv2%2Fmedia&parent=2606"}],"wp:term":[{"taxonomy":"category","embeddable":true,"href":"https:\/\/sincomavi.org.br\/index.php?rest_route=%2Fwp%2Fv2%2Fcategories&post=2606"},{"taxonomy":"post_tag","embeddable":true,"href":"https:\/\/sincomavi.org.br\/index.php?rest_route=%2Fwp%2Fv2%2Ftags&post=2606"}],"curies":[{"name":"wp","href":"https:\/\/api.w.org\/{rel}","templated":true}]}}