{"id":2589,"date":"2020-03-16T08:57:00","date_gmt":"2020-03-16T11:57:00","guid":{"rendered":"https:\/\/sincomavi.org.br\/?p=2589"},"modified":"2020-03-16T08:57:00","modified_gmt":"2020-03-16T11:57:00","slug":"o-mercado-imobiliario-aquecido-e-suas-oportunidades","status":"publish","type":"post","link":"https:\/\/sincomavi.org.br\/?p=2589","title":{"rendered":"O mercado imobili\u00e1rio aquecido e suas oportunidades"},"content":{"rendered":"\n<p>Realmente tem sido dif\u00edcil falar sobre algo da esfera econ\u00f4mica que n\u00e3o seja relacionado a atual esquizofrenia vivida pela conjuntura com os impactos do novo Coronav\u00edrus. S\u00e3o informa\u00e7\u00f5es latentes sobre a derrocada das bolsas de valores por todo mundo, derretimento das proje\u00e7\u00f5es positivas de nossa economia, crise do petr\u00f3leo, crise do com\u00e9rcio internacional, entre outros tantos cen\u00e1rios negativos que nos rondam, e pior, que devem se manter pelas pr\u00f3ximas semanas ou meses.<\/p>\n\n\n\n<p> A despeito deste cen\u00e1rio corrosivo e que nos imp\u00f5e aten\u00e7\u00e3o e a busca m\u00e1xima e perene de informa\u00e7\u00f5es macroecon\u00f4micas, setoriais e microecon\u00f4micas, cabe-nos destacar que \u00e9 necess\u00e1rio manter olhos abertos a condicionantes diretos de nosso desempenho como com\u00e9rcio varejista de materiais de constru\u00e7\u00e3o, tintas, vidros e demais mercadorias deste portf\u00f3lio. Neste sentido, estamos falando da melhora recente do mercado imobili\u00e1rio brasileiro. Este indicador t\u00e3o relevante ao varejo  citado foi um dos sustent\u00e1culos da recupera\u00e7\u00e3o mais forte das vendas do setor no \u00faltimo ano. \u00c9 um processo conhecido de milhares de fam\u00edlias que ao receberem seus im\u00f3veis buscam o varejo para melhorias, substitui\u00e7\u00f5es de pe\u00e7as e incremento de acordo com o projeto pessoal dos seus membros. <br> Dados rec\u00e9m-divulgados pela C\u00e2mara Brasileira da Ind\u00fastria da Constru\u00e7\u00e3o (CBIC) mostram que as vendas de im\u00f3veis residenciais no Brasil cresceram 9,7%, em 2019, na compara\u00e7\u00e3o com o ano anterior. Foram 130.434 unidades vendidas no ano, contra 118.893 em 2018.<\/p>\n\n\n\n<p>J\u00e1 o SecoviSP (Sindicato da Habita\u00e7\u00e3o) apresentou que na Regi\u00e3o Metropolitana de S\u00e3o Paulo (RMSP) o lan\u00e7amento de im\u00f3veis residenciais cresceu 37,6% em 2019 em rela\u00e7\u00e3o ao ano anterior. Foram 65.774 unidades. As vendas de im\u00f3veis residenciais novos na mesma regi\u00e3o, por sua vez, atingiu 54.665 unidades, aumento de 40% em rela\u00e7\u00e3o a 2018. E somente em janeiro de 2020 as vendas na cidade de S\u00e3o Paulo\/SP foram 42,7% maiores em n\u00famero de unidades na contraposi\u00e7\u00e3o ao primeiro m\u00eas de 2019. <br> Este cen\u00e1rio descrito ajuda a explicar por que o faturamento bruto corrente do varejo de materiais de constru\u00e7\u00e3o cresceu mais de 10% na RMSP em 2019. Esta conson\u00e2ncia de tend\u00eancias \u00e9 uma boa not\u00edcia, dado que se espera crescimento do mercado imobili\u00e1rio em torno de 10% em 2020. <\/p>\n\n\n\n<p>Logicamente, esta proje\u00e7\u00e3o atualmente est\u00e1 condicionada aos impactos das oscila\u00e7\u00f5es recentes e relevantes \u00e0 economia brasileira, \u00e0s empresas e consumo das fam\u00edlias. Mas ainda h\u00e1 boa perspectiva. Dada esta an\u00e1lise, roga-se aos empres\u00e1rios que eles se mantenham cautelosos \u00e0 conjuntura anacr\u00f4nica da economia mundial e nacional, acompanhando not\u00edcias e dados de desempenho. Mas, ao mesmo tempo, \u00e9 relevante ver este \u201cturbilh\u00e3o\u201d em perspectiva e direcionar esfor\u00e7os onde \u00e9 poss\u00edvel conseguir oportunidades, como as citadas acima na retomada de lan\u00e7amentos e vendas de im\u00f3veis. <\/p>\n\n\n\n<p><em><strong>Por Jaime Vasconcellos, analista econ\u00f4mico do Sincomavi<\/strong><\/em><\/p>\n","protected":false},"excerpt":{"rendered":"<p>Realmente tem sido dif\u00edcil falar sobre algo da esfera econ\u00f4mica que n\u00e3o seja relacionado a atual esquizofrenia vivida pela conjuntura com os impactos do novo Coronav\u00edrus. S\u00e3o informa\u00e7\u00f5es latentes sobre a derrocada das bolsas de valores por todo mundo, derretimento das proje\u00e7\u00f5es positivas de nossa economia, crise do petr\u00f3leo, crise do com\u00e9rcio internacional, entre outros [&hellip;]<\/p>\n","protected":false},"author":1,"featured_media":2590,"comment_status":"closed","ping_status":"open","sticky":false,"template":"","format":"standard","meta":{"tdm_status":"","tdm_grid_status":"","footnotes":""},"categories":[210],"tags":[289,158,350],"class_list":["post-2589","post","type-post","status-publish","format-standard","has-post-thumbnail","hentry","category-artigos","tag-construcao","tag-material-de-construcao","tag-oportunidade"],"amp_enabled":true,"_links":{"self":[{"href":"https:\/\/sincomavi.org.br\/index.php?rest_route=\/wp\/v2\/posts\/2589","targetHints":{"allow":["GET"]}}],"collection":[{"href":"https:\/\/sincomavi.org.br\/index.php?rest_route=\/wp\/v2\/posts"}],"about":[{"href":"https:\/\/sincomavi.org.br\/index.php?rest_route=\/wp\/v2\/types\/post"}],"author":[{"embeddable":true,"href":"https:\/\/sincomavi.org.br\/index.php?rest_route=\/wp\/v2\/users\/1"}],"replies":[{"embeddable":true,"href":"https:\/\/sincomavi.org.br\/index.php?rest_route=%2Fwp%2Fv2%2Fcomments&post=2589"}],"version-history":[{"count":1,"href":"https:\/\/sincomavi.org.br\/index.php?rest_route=\/wp\/v2\/posts\/2589\/revisions"}],"predecessor-version":[{"id":2591,"href":"https:\/\/sincomavi.org.br\/index.php?rest_route=\/wp\/v2\/posts\/2589\/revisions\/2591"}],"wp:featuredmedia":[{"embeddable":true,"href":"https:\/\/sincomavi.org.br\/index.php?rest_route=\/wp\/v2\/media\/2590"}],"wp:attachment":[{"href":"https:\/\/sincomavi.org.br\/index.php?rest_route=%2Fwp%2Fv2%2Fmedia&parent=2589"}],"wp:term":[{"taxonomy":"category","embeddable":true,"href":"https:\/\/sincomavi.org.br\/index.php?rest_route=%2Fwp%2Fv2%2Fcategories&post=2589"},{"taxonomy":"post_tag","embeddable":true,"href":"https:\/\/sincomavi.org.br\/index.php?rest_route=%2Fwp%2Fv2%2Ftags&post=2589"}],"curies":[{"name":"wp","href":"https:\/\/api.w.org\/{rel}","templated":true}]}}