{"id":2456,"date":"2020-02-27T08:42:26","date_gmt":"2020-02-27T11:42:26","guid":{"rendered":"https:\/\/sincomavi.org.br\/?p=2456"},"modified":"2020-02-27T08:42:27","modified_gmt":"2020-02-27T11:42:27","slug":"fgv-dados-da-construcao","status":"publish","type":"post","link":"https:\/\/sincomavi.org.br\/?p=2456","title":{"rendered":"FGV: dados da constru\u00e7\u00e3o"},"content":{"rendered":"\n<p>\nA\nFunda\u00e7\u00e3o Get\u00falio Vargas divulgou seus indicadores da constru\u00e7\u00e3o\nreferentes a fevereiro. O \u00cdndice\nNacional de Custo da Constru\u00e7\u00e3o &#8211; M (INCC-M) contou\ncom uma varia\u00e7\u00e3o positiva de 0,35%,\npercentual superior ao\nobtido em janeiro (0,26%).\nA taxa do \u00edndice relativo a Materiais, Equipamentos e Servi\u00e7os\nvariou 0,71% em fevereiro, ante 0,45% em janeiro. O \u00edndice referente\n\u00e0 M\u00e3o de Obra subiu\n0,04% em fevereiro, ap\u00f3s registrar 0,09% no m\u00eas anterior.<br>\n<br>\nJ\u00e1\no \u00cdndice\nde Confian\u00e7a da Constru\u00e7\u00e3o (ICST), da Funda\u00e7\u00e3o Getulio Vargas,\nsofreu\num recuo de 1,4\nponto em fevereiro, caindo\npara\n92,8 pontos. Apesar da queda pontual, o \u00edndice regista a nona alta\nem m\u00e9dias m\u00f3veis trimestrais, passando de 91,9 pontos em janeiro\npara 93,0 pontos. Ana\nMaria Castelo, Coordenadora de Projetos da Constru\u00e7\u00e3o da FGV IBRE,\ncomenta que, em fevereiro, o\n\u00cdndice de Expectativas, que havia avan\u00e7ado em ritmo forte nos meses\nanteriores, mostrou uma corre\u00e7\u00e3o no otimismo setorial. \u201cEssa\nmodera\u00e7\u00e3o pode ter muitas origens como uma frustra\u00e7\u00e3o com o ritmo\nda recupera\u00e7\u00e3o ou o aumento das incertezas em rela\u00e7\u00e3o \u00e0\ncontinuidade do Programa Habitacional. Ainda assim, os empres\u00e1rios\ndo setor apresentam uma confian\u00e7a superior \u00e0 alcan\u00e7ada no mesmo\nm\u00eas de 2019 e a percep\u00e7\u00e3o em rela\u00e7\u00e3o \u00e0 situa\u00e7\u00e3o corrente dos\nneg\u00f3cios continuou avan\u00e7ando e j\u00e1 est\u00e1 em patamar equivalente ao\ndo in\u00edcio de 2015, o que, por enquanto, validam as proje\u00e7\u00f5es de\ncrescimento para o ano\u201d.<br>\n<br>\nO resultado negativo do ICST em\nfevereiro refletiu a piora da percep\u00e7\u00e3o dos empres\u00e1rios em rela\u00e7\u00e3o\n\u00e0s expectativas para os pr\u00f3ximos tr\u00eas e seis meses. Vale\nlembrar ainda que ao\nlongo de 2019, os bancos foram anunciando sucessivas redu\u00e7\u00f5es na\ntaxa de juros dos financiamentos habitacionais. Assim, o cr\u00e9dito\nmais acess\u00edvel para as fam\u00edlias contribuiu\npara\num maior otimismo com as perspectivas das empresas da \u00e1rea de\nedifica\u00e7\u00f5es. A propor\u00e7\u00e3o de empresas que apontam dificuldade de\nacesso a cr\u00e9dito banc\u00e1rio, que chegou a 61% em maio de 2016, recuou\na 45,5% em fevereiro do ano passado e a 33% agora. \u201cPara a maioria\ndas empresas o acesso ao cr\u00e9dito ainda est\u00e1 dif\u00edcil\n\u2013 o\n\u00cdndice est\u00e1 abaixo de 100. No entanto, desde junho do ano passado o\nindicador subiu de forma expressiva, apontando menos dificuldades por\nparte das empresas para conseguir cr\u00e9dito, o que \u00e9 tamb\u00e9m um\nelemento importante no movimento de recupera\u00e7\u00e3o do mercado\u201d\nobserva Ana.<\/p>\n","protected":false},"excerpt":{"rendered":"<p>A Funda\u00e7\u00e3o Get\u00falio Vargas divulgou seus indicadores da constru\u00e7\u00e3o referentes a fevereiro. O \u00cdndice Nacional de Custo da Constru\u00e7\u00e3o &#8211; M (INCC-M) contou com uma varia\u00e7\u00e3o positiva de 0,35%, percentual superior ao obtido em janeiro (0,26%). A taxa do \u00edndice relativo a Materiais, Equipamentos e Servi\u00e7os variou 0,71% em fevereiro, ante 0,45% em janeiro. O [&hellip;]<\/p>\n","protected":false},"author":1,"featured_media":2457,"comment_status":"closed","ping_status":"open","sticky":false,"template":"","format":"standard","meta":{"tdm_status":"","tdm_grid_status":"","footnotes":""},"categories":[153],"tags":[309],"class_list":["post-2456","post","type-post","status-publish","format-standard","has-post-thumbnail","hentry","category-noticias","tag-fgv"],"amp_enabled":true,"_links":{"self":[{"href":"https:\/\/sincomavi.org.br\/index.php?rest_route=\/wp\/v2\/posts\/2456","targetHints":{"allow":["GET"]}}],"collection":[{"href":"https:\/\/sincomavi.org.br\/index.php?rest_route=\/wp\/v2\/posts"}],"about":[{"href":"https:\/\/sincomavi.org.br\/index.php?rest_route=\/wp\/v2\/types\/post"}],"author":[{"embeddable":true,"href":"https:\/\/sincomavi.org.br\/index.php?rest_route=\/wp\/v2\/users\/1"}],"replies":[{"embeddable":true,"href":"https:\/\/sincomavi.org.br\/index.php?rest_route=%2Fwp%2Fv2%2Fcomments&post=2456"}],"version-history":[{"count":1,"href":"https:\/\/sincomavi.org.br\/index.php?rest_route=\/wp\/v2\/posts\/2456\/revisions"}],"predecessor-version":[{"id":2458,"href":"https:\/\/sincomavi.org.br\/index.php?rest_route=\/wp\/v2\/posts\/2456\/revisions\/2458"}],"wp:featuredmedia":[{"embeddable":true,"href":"https:\/\/sincomavi.org.br\/index.php?rest_route=\/wp\/v2\/media\/2457"}],"wp:attachment":[{"href":"https:\/\/sincomavi.org.br\/index.php?rest_route=%2Fwp%2Fv2%2Fmedia&parent=2456"}],"wp:term":[{"taxonomy":"category","embeddable":true,"href":"https:\/\/sincomavi.org.br\/index.php?rest_route=%2Fwp%2Fv2%2Fcategories&post=2456"},{"taxonomy":"post_tag","embeddable":true,"href":"https:\/\/sincomavi.org.br\/index.php?rest_route=%2Fwp%2Fv2%2Ftags&post=2456"}],"curies":[{"name":"wp","href":"https:\/\/api.w.org\/{rel}","templated":true}]}}