{"id":2437,"date":"2020-02-21T09:11:05","date_gmt":"2020-02-21T12:11:05","guid":{"rendered":"https:\/\/sincomavi.org.br\/?p=2437"},"modified":"2020-02-21T09:11:05","modified_gmt":"2020-02-21T12:11:05","slug":"confianca-do-consumidor-recua-em-fevereiro","status":"publish","type":"post","link":"https:\/\/sincomavi.org.br\/?p=2437","title":{"rendered":"Confian\u00e7a do consumidor recua em fevereiro"},"content":{"rendered":"\n<p>O sentimento de otimismo dos consumidores em rela\u00e7\u00e3o \u00e0 economia brasileira sofreu uma queda em fevereiro. Isso \u00e9 o que aponta o \u00cdndice de Confian\u00e7a do Consumidor (ICC) da Funda\u00e7\u00e3o Getulio Vargas, que recuou 2,6 pontos este m\u00eas, para 87,8 pontos, o menor valor desde maio de 2019. No entanto, vale ressaltar, enquanto as avalia\u00e7\u00f5es sobre o presente melhoraram, as expectativas em rela\u00e7\u00e3o aos pr\u00f3ximos meses pioraram. O \u00cdndice de Situa\u00e7\u00e3o Atual (ISA) aumentou 2,2 pontos, para 80,9 pontos, o maior n\u00edvel desde janeiro de 2015 (81,6 pontos). J\u00e1 o \u00cdndice de Expectativas (IE) caiu pelo segundo m\u00eas consecutivo, variando -5,7 pontos de janeiro para fevereiro, retornando ao mesmo patamar de julho de 2018 (93,2 pontos).<\/p>\n\n\n\n<p>Viviane Seda, coordenadora das Sondagens do FGV IBRE, comenta que, apesar da revers\u00e3o da piora na percep\u00e7\u00e3o sobre a situa\u00e7\u00e3o no momento ocorrida no m\u00eas passado, h\u00e1 ainda um longo caminho de recupera\u00e7\u00e3o. \u201cAs perspectivas menos favor\u00e1veis sobre a situa\u00e7\u00e3o financeira familiar dos consumidores de renda mais baixa est\u00e3o relacionadas ao mercado de trabalho, e para os consumidores com renda mais alta, ao aumento de incerteza econ\u00f4mica, e \u00e0 alta do c\u00e2mbio, levando-os a postergar consumo\u201d.<\/p>\n\n\n\n<p>Houve perda de confian\u00e7a para consumidores de todas as classes de renda, principalmente para aqueles com renda familiar mensal acima de R$ 9,6 mil, cujo \u00edndice de confian\u00e7a recuou 3,0 pontos. Com exce\u00e7\u00e3o das fam\u00edlias de menor poder aquisitivo (at\u00e9 R$ 2,1 mil), a queda do ICC foi influenciada pela redu\u00e7\u00e3o no \u00edmpeto de compra de bens dur\u00e1veis.<\/p>\n","protected":false},"excerpt":{"rendered":"<p>O sentimento de otimismo dos consumidores em rela\u00e7\u00e3o \u00e0 economia brasileira sofreu uma queda em fevereiro. Isso \u00e9 o que aponta o \u00cdndice de Confian\u00e7a do Consumidor (ICC) da Funda\u00e7\u00e3o Getulio Vargas, que recuou 2,6 pontos este m\u00eas, para 87,8 pontos, o menor valor desde maio de 2019. No entanto, vale ressaltar, enquanto as avalia\u00e7\u00f5es [&hellip;]<\/p>\n","protected":false},"author":1,"featured_media":2438,"comment_status":"closed","ping_status":"open","sticky":false,"template":"","format":"standard","meta":{"tdm_status":"","tdm_grid_status":"","footnotes":""},"categories":[153],"tags":[204,205,309,160],"class_list":["post-2437","post","type-post","status-publish","format-standard","has-post-thumbnail","hentry","category-noticias","tag-confianca","tag-consumidor","tag-fgv","tag-pesquisa"],"amp_enabled":true,"_links":{"self":[{"href":"https:\/\/sincomavi.org.br\/index.php?rest_route=\/wp\/v2\/posts\/2437","targetHints":{"allow":["GET"]}}],"collection":[{"href":"https:\/\/sincomavi.org.br\/index.php?rest_route=\/wp\/v2\/posts"}],"about":[{"href":"https:\/\/sincomavi.org.br\/index.php?rest_route=\/wp\/v2\/types\/post"}],"author":[{"embeddable":true,"href":"https:\/\/sincomavi.org.br\/index.php?rest_route=\/wp\/v2\/users\/1"}],"replies":[{"embeddable":true,"href":"https:\/\/sincomavi.org.br\/index.php?rest_route=%2Fwp%2Fv2%2Fcomments&post=2437"}],"version-history":[{"count":1,"href":"https:\/\/sincomavi.org.br\/index.php?rest_route=\/wp\/v2\/posts\/2437\/revisions"}],"predecessor-version":[{"id":2439,"href":"https:\/\/sincomavi.org.br\/index.php?rest_route=\/wp\/v2\/posts\/2437\/revisions\/2439"}],"wp:featuredmedia":[{"embeddable":true,"href":"https:\/\/sincomavi.org.br\/index.php?rest_route=\/wp\/v2\/media\/2438"}],"wp:attachment":[{"href":"https:\/\/sincomavi.org.br\/index.php?rest_route=%2Fwp%2Fv2%2Fmedia&parent=2437"}],"wp:term":[{"taxonomy":"category","embeddable":true,"href":"https:\/\/sincomavi.org.br\/index.php?rest_route=%2Fwp%2Fv2%2Fcategories&post=2437"},{"taxonomy":"post_tag","embeddable":true,"href":"https:\/\/sincomavi.org.br\/index.php?rest_route=%2Fwp%2Fv2%2Ftags&post=2437"}],"curies":[{"name":"wp","href":"https:\/\/api.w.org\/{rel}","templated":true}]}}