{"id":2416,"date":"2020-02-17T10:37:34","date_gmt":"2020-02-17T13:37:34","guid":{"rendered":"https:\/\/sincomavi.org.br\/?p=2416"},"modified":"2020-02-17T10:37:35","modified_gmt":"2020-02-17T13:37:35","slug":"movimento-do-comercio-cresce-1-em-janeiro","status":"publish","type":"post","link":"https:\/\/sincomavi.org.br\/?p=2416","title":{"rendered":"Movimento do Com\u00e9rcio cresce 1% em janeiro"},"content":{"rendered":"\n<p>Dados coletados pela Boa Vista mostram que as vendas no\nvarejo nacional cresceram 1% em janeiro na compara\u00e7\u00e3o mensal dessazonalizada.\nNo acumulado dos \u00faltimos 12 meses, o indicador subiu 1,6%. J\u00e1 em rela\u00e7\u00e3o ao\nmesmo m\u00eas de 2019, o varejo contou com uma eleva\u00e7\u00e3o de 1,1%.<\/p>\n\n\n\n<p>Para os analistas da Boa Vista, as concess\u00f5es de cr\u00e9dito com recursos livres aos consumidores v\u00eam mantendo o crescimento, o que, somado ao n\u00edvel controlado de pre\u00e7os e ao resgate dos recursos do FGTS no fim do ano passado, parecem suportar o ritmo interanual do movimento do com\u00e9rcio nos \u00faltimos meses, iniciando o ano com alta ap\u00f3s registrar retra\u00e7\u00e3o em dezembro. Em rela\u00e7\u00e3o ao mercado de trabalho, a recupera\u00e7\u00e3o ainda se revela muito lenta, tendo como consequ\u00eancia o baixo crescimento da renda, o que tem resultado em aumento do endividamento e do comprometimento dos recursos da popula\u00e7\u00e3o, elevando-se, assim, o risco de algum aumento na inadimpl\u00eancia. \u201cApesar disso, ao menos a curto prazo, o cen\u00e1rio para o movimento do com\u00e9rcio continua sendo de uma recupera\u00e7\u00e3o gradual que tende a se repetir ao longo de 2020\u201d. <\/p>\n\n\n\n<figure class=\"wp-block-image size-large\"><img loading=\"lazy\" decoding=\"async\" width=\"500\" height=\"166\" src=\"https:\/\/sincomavi.org.br\/wp-content\/uploads\/2020\/02\/BOAVISTA.png\" alt=\"\" class=\"wp-image-2417\" srcset=\"https:\/\/sincomavi.org.br\/wp-content\/uploads\/2020\/02\/BOAVISTA.png 500w, https:\/\/sincomavi.org.br\/wp-content\/uploads\/2020\/02\/BOAVISTA-300x100.png 300w\" sizes=\"auto, (max-width: 500px) 100vw, 500px\" \/><\/figure>\n","protected":false},"excerpt":{"rendered":"<p>Dados coletados pela Boa Vista mostram que as vendas no varejo nacional cresceram 1% em janeiro na compara\u00e7\u00e3o mensal dessazonalizada. No acumulado dos \u00faltimos 12 meses, o indicador subiu 1,6%. J\u00e1 em rela\u00e7\u00e3o ao mesmo m\u00eas de 2019, o varejo contou com uma eleva\u00e7\u00e3o de 1,1%. Para os analistas da Boa Vista, as concess\u00f5es de [&hellip;]<\/p>\n","protected":false},"author":1,"featured_media":2418,"comment_status":"closed","ping_status":"open","sticky":false,"template":"","format":"standard","meta":{"tdm_status":"","tdm_grid_status":"","footnotes":""},"categories":[153],"tags":[200,75],"class_list":["post-2416","post","type-post","status-publish","format-standard","has-post-thumbnail","hentry","category-noticias","tag-varejo","tag-vendas"],"amp_enabled":true,"_links":{"self":[{"href":"https:\/\/sincomavi.org.br\/index.php?rest_route=\/wp\/v2\/posts\/2416","targetHints":{"allow":["GET"]}}],"collection":[{"href":"https:\/\/sincomavi.org.br\/index.php?rest_route=\/wp\/v2\/posts"}],"about":[{"href":"https:\/\/sincomavi.org.br\/index.php?rest_route=\/wp\/v2\/types\/post"}],"author":[{"embeddable":true,"href":"https:\/\/sincomavi.org.br\/index.php?rest_route=\/wp\/v2\/users\/1"}],"replies":[{"embeddable":true,"href":"https:\/\/sincomavi.org.br\/index.php?rest_route=%2Fwp%2Fv2%2Fcomments&post=2416"}],"version-history":[{"count":1,"href":"https:\/\/sincomavi.org.br\/index.php?rest_route=\/wp\/v2\/posts\/2416\/revisions"}],"predecessor-version":[{"id":2419,"href":"https:\/\/sincomavi.org.br\/index.php?rest_route=\/wp\/v2\/posts\/2416\/revisions\/2419"}],"wp:featuredmedia":[{"embeddable":true,"href":"https:\/\/sincomavi.org.br\/index.php?rest_route=\/wp\/v2\/media\/2418"}],"wp:attachment":[{"href":"https:\/\/sincomavi.org.br\/index.php?rest_route=%2Fwp%2Fv2%2Fmedia&parent=2416"}],"wp:term":[{"taxonomy":"category","embeddable":true,"href":"https:\/\/sincomavi.org.br\/index.php?rest_route=%2Fwp%2Fv2%2Fcategories&post=2416"},{"taxonomy":"post_tag","embeddable":true,"href":"https:\/\/sincomavi.org.br\/index.php?rest_route=%2Fwp%2Fv2%2Ftags&post=2416"}],"curies":[{"name":"wp","href":"https:\/\/api.w.org\/{rel}","templated":true}]}}