{"id":2408,"date":"2020-03-06T09:46:00","date_gmt":"2020-03-06T12:46:00","guid":{"rendered":"https:\/\/sincomavi.org.br\/?p=2408"},"modified":"2020-03-13T16:04:17","modified_gmt":"2020-03-13T19:04:17","slug":"16o-simposio-sincomavi","status":"publish","type":"post","link":"https:\/\/sincomavi.org.br\/?p=2408","title":{"rendered":"16\u00ba Simp\u00f3sio Sincomavi &#8211; ADIADO"},"content":{"rendered":"\n<h2 class=\"has-text-align-center wp-block-heading\"><strong>Pessoas + Tecnologia: A Transforma\u00e7\u00e3o do Varejo<\/strong><\/h2>\n\n\n\n<h3 class=\"has-luminous-vivid-orange-color has-text-color has-text-align-center wp-block-heading\"><strong>EVENTO GRATUITO<\/strong><\/h3>\n\n\n\n<p class=\"has-text-align-center\"><strong>ADIADO | S\u00e3o Paulo Expo &#8211; Mezanino Sala 211<\/strong><\/p>\n\n\n<style>.wp-block-kadence-advancedbtn.kb-btns_ac555d-cb{gap:var(--global-kb-gap-xs, 0.5rem );justify-content:center;align-items:center;}.kt-btns_ac555d-cb .kt-button{font-weight:normal;font-style:normal;}.kt-btns_ac555d-cb .kt-btn-wrap-0{margin-right:5px;}.wp-block-kadence-advancedbtn.kt-btns_ac555d-cb .kt-btn-wrap-0 .kt-button{color:#eeeeee;background:#ff6900;border-color:rgba(85, 85, 85, 0);}.wp-block-kadence-advancedbtn.kt-btns_ac555d-cb .kt-btn-wrap-0 .kt-button:hover, .wp-block-kadence-advancedbtn.kt-btns_ac555d-cb .kt-btn-wrap-0 .kt-button:focus{color:#ffffff;border-color:#444444;}.wp-block-kadence-advancedbtn.kt-btns_ac555d-cb .kt-btn-wrap-0 .kt-button::before{display:none;}.wp-block-kadence-advancedbtn.kt-btns_ac555d-cb .kt-btn-wrap-0 .kt-button:hover, .wp-block-kadence-advancedbtn.kt-btns_ac555d-cb .kt-btn-wrap-0 .kt-button:focus{background:#444444;}<\/style>\n<div class=\"wp-block-kadence-advancedbtn kt-btn-align-center kt-btn-tablet-align-inherit kt-btn-mobile-align-inherit kt-btns-wrap kt-btns_ac555d-cb\"><div class=\"kt-btn-wrap kt-btn-wrap-0\"><a class=\"kt-button button kt-btn-0-action kt-btn-size-standard kt-btn-style-basic kt-btn-svg-show-always kt-btn-has-text-true kt-btn-has-svg-false\" href=\"http:\/\/www.tcsdigital.com.br\/clientes\/sincomavisp\/digital\/inscricoes\/evento3.aspx?evento=86&amp;idativa=89710\"><span class=\"kt-btn-inner-text\"><strong>INSCRI\u00c7\u00c3O ONLINE<\/strong><\/span><\/a><\/div><\/div>\n\n\n\n<p>Ser\u00e1 apresentado na 16\u00aa edi\u00e7\u00e3o do Simp\u00f3sio Sincomavi o quadro atual do varejo de material de constru\u00e7\u00e3o, suas caracter\u00edsticas, defici\u00eancias e oportunidades, oferecendo uma abordagem focada nos desafios enfrentados pelo setor, os impactos das novas tecnologias nas opera\u00e7\u00f5es do com\u00e9rcio, os novos formatos de neg\u00f3cio adotados e o papel das pessoas neste cen\u00e1rio.<\/p>\n\n\n\n<ul class=\"wp-block-list\"><li>O mercado brasileiro de material de constru\u00e7\u00e3o;<br>&nbsp;<\/li><li>Principais tend\u00eancias do setor e do varejo;<br>&nbsp;<\/li><li>A expans\u00e3o do com\u00e9rcio eletr\u00f4nico e seu impacto no varejo f\u00edsico;&nbsp;<br>&nbsp;<\/li><li>As novas tecnologias empregadas pelo com\u00e9rcio;<br>&nbsp;<\/li><li>A&nbsp;import\u00e2ncia do desenvolvimento do capital humano num varejo cada vez mais tecnol\u00f3gico;<br>&nbsp;<\/li><li>\u200bOs novos modelos de neg\u00f3cios adotados no setor.<\/li><\/ul>\n\n\n<style>.wp-block-kadence-spacer.kt-block-spacer-_c98656-49 .kt-block-spacer{height:60px;}.wp-block-kadence-spacer.kt-block-spacer-_c98656-49 .kt-divider{border-top-width:1px;height:1px;border-top-color:#eee;width:80%;border-top-style:solid;}<\/style>\n<div class=\"wp-block-kadence-spacer aligncenter kt-block-spacer-_c98656-49\"><div class=\"kt-block-spacer kt-block-spacer-halign-center\" style=\"height:60px\"><hr class=\"kt-divider\" style=\"border-top-color:rgba(238, 238, 238, 1);border-top-width:1px;width:80%;border-top-style:solid\"\/><\/div><\/div>\n\n\n\n<figure class=\"wp-block-image size-large\"><img loading=\"lazy\" decoding=\"async\" width=\"825\" height=\"182\" src=\"https:\/\/sincomavi.org.br\/wp-content\/uploads\/2020\/02\/LOGO-16-SIMPOSIO-SINCOMAVI.png\" alt=\"\" class=\"wp-image-2461\" srcset=\"https:\/\/sincomavi.org.br\/wp-content\/uploads\/2020\/02\/LOGO-16-SIMPOSIO-SINCOMAVI.png 825w, https:\/\/sincomavi.org.br\/wp-content\/uploads\/2020\/02\/LOGO-16-SIMPOSIO-SINCOMAVI-300x66.png 300w, https:\/\/sincomavi.org.br\/wp-content\/uploads\/2020\/02\/LOGO-16-SIMPOSIO-SINCOMAVI-768x169.png 768w, https:\/\/sincomavi.org.br\/wp-content\/uploads\/2020\/02\/LOGO-16-SIMPOSIO-SINCOMAVI-640x141.png 640w, https:\/\/sincomavi.org.br\/wp-content\/uploads\/2020\/02\/LOGO-16-SIMPOSIO-SINCOMAVI-681x150.png 681w\" sizes=\"auto, (max-width: 825px) 100vw, 825px\" \/><\/figure>\n\n\n\n<h2 class=\"wp-block-heading\"><strong>Programa\u00e7\u00e3o<\/strong><\/h2>\n\n\n\n<div class=\"wp-block-media-text alignwide\" style=\"grid-template-columns:29% auto\"><figure class=\"wp-block-media-text__media\"><img loading=\"lazy\" decoding=\"async\" width=\"599\" height=\"850\" src=\"https:\/\/sincomavi.org.br\/wp-content\/uploads\/2020\/02\/REINALDO-PEDRO-CORREA.jpg\" alt=\"\" class=\"wp-image-2462\" srcset=\"https:\/\/sincomavi.org.br\/wp-content\/uploads\/2020\/02\/REINALDO-PEDRO-CORREA.jpg 599w, https:\/\/sincomavi.org.br\/wp-content\/uploads\/2020\/02\/REINALDO-PEDRO-CORREA-211x300.jpg 211w, https:\/\/sincomavi.org.br\/wp-content\/uploads\/2020\/02\/REINALDO-PEDRO-CORREA-296x420.jpg 296w\" sizes=\"auto, (max-width: 599px) 100vw, 599px\" \/><\/figure><div class=\"wp-block-media-text__content\">\n<p class=\"has-regular-font-size\"><strong>Boas-vindas e Abertura<\/strong><br>Reinaldo Pedro Correa, presidente do Sincomavi<\/p>\n<\/div><\/div>\n\n\n\n<div class=\"wp-block-media-text alignwide\" style=\"grid-template-columns:29% auto\"><figure class=\"wp-block-media-text__media\"><img loading=\"lazy\" decoding=\"async\" width=\"553\" height=\"870\" src=\"https:\/\/sincomavi.org.br\/wp-content\/uploads\/2020\/02\/ADRIANO-SA.jpg\" alt=\"\" class=\"wp-image-2463\" srcset=\"https:\/\/sincomavi.org.br\/wp-content\/uploads\/2020\/02\/ADRIANO-SA.jpg 553w, https:\/\/sincomavi.org.br\/wp-content\/uploads\/2020\/02\/ADRIANO-SA-191x300.jpg 191w, https:\/\/sincomavi.org.br\/wp-content\/uploads\/2020\/02\/ADRIANO-SA-267x420.jpg 267w\" sizes=\"auto, (max-width: 553px) 100vw, 553px\" \/><\/figure><div class=\"wp-block-media-text__content\">\n<p class=\"has-regular-font-size\"><strong>Mediador<\/strong><br><strong>Adriano S\u00e1 &#8211; <\/strong>Professor em Cursos de MBA, P\u00f3s Gradu\u00e7\u00e3o e In Company na FIA, FAAP, Saint Paul e Universidade Cat\u00f3lica de Petr\u00f3polis. Consultor da ADRIANO\/SA conectando resultados, consultoria em branding, marketing, comportamento do consumidor, mercado, vendas, varejo e marketing digital.Palestrante sobre marcas, marketing e comportamento do consumo e<br> varejo, inova\u00e7\u00e3o, tend\u00eancias e desafios.<\/p>\n\n\n\n<p><\/p>\n<\/div><\/div>\n\n\n\n<h3 class=\"has-text-align-center wp-block-heading\"> <strong>Painel &#8220;Como o Google ajuda a entender o <br>consumidor de constru\u00e7\u00e3o&#8221;<\/strong><\/h3>\n\n\n\n<div class=\"wp-block-media-text alignwide\" style=\"grid-template-columns:30% auto\"><figure class=\"wp-block-media-text__media\"><img loading=\"lazy\" decoding=\"async\" width=\"553\" height=\"870\" src=\"https:\/\/sincomavi.org.br\/wp-content\/uploads\/2020\/02\/CARRARI-CABRAL.jpg\" alt=\"\" class=\"wp-image-2464\" srcset=\"https:\/\/sincomavi.org.br\/wp-content\/uploads\/2020\/02\/CARRARI-CABRAL.jpg 553w, https:\/\/sincomavi.org.br\/wp-content\/uploads\/2020\/02\/CARRARI-CABRAL-191x300.jpg 191w, https:\/\/sincomavi.org.br\/wp-content\/uploads\/2020\/02\/CARRARI-CABRAL-267x420.jpg 267w\" sizes=\"auto, (max-width: 553px) 100vw, 553px\" \/><\/figure><div class=\"wp-block-media-text__content\">\n<p class=\"has-regular-font-size\"><strong>Vicente Carrari<\/strong> &#8211; Gerente de Ind\u00fastria para Varejo, h\u00e1 14 anos no Google e 20 anos de experi\u00eancia em marketing e neg\u00f3cios, gerencia times de consultoria de estrat\u00e9gia digital no Google. Formado na Universidade Mackenzie, possui p\u00f3s-gradua\u00e7\u00e3o no Insper e Duke University. <\/p>\n\n\n\n<p><strong>Nicolas Cabral<\/strong> &#8211; Executivo de Neg\u00f3cios para Varejo. Formado em Economia pela Unicamp. H\u00e1 7 anos no Google Brasil atendendo clientes do Mercado Imobili\u00e1rio, Educa\u00e7\u00e3o e B2B. Hoje busca levar as mais eficientes solu\u00e7\u00f5es de publicidade no Google para o seu portf\u00f3lio, composto primordialmente por varejistas de especialidades.&nbsp;<\/p>\n<\/div><\/div>\n\n\n\n<h3 class=\"has-text-align-center wp-block-heading\"><strong>Painel &#8220;Dados e Clientes: os maiores ativos do seu varejo&#8221;<\/strong><\/h3>\n\n\n\n<div class=\"wp-block-media-text alignwide\" style=\"grid-template-columns:30% auto\"><figure class=\"wp-block-media-text__media\"><img loading=\"lazy\" decoding=\"async\" width=\"553\" height=\"870\" src=\"https:\/\/sincomavi.org.br\/wp-content\/uploads\/2020\/02\/FLAVIA-PINI.jpg\" alt=\"\" class=\"wp-image-2465\" srcset=\"https:\/\/sincomavi.org.br\/wp-content\/uploads\/2020\/02\/FLAVIA-PINI.jpg 553w, https:\/\/sincomavi.org.br\/wp-content\/uploads\/2020\/02\/FLAVIA-PINI-191x300.jpg 191w, https:\/\/sincomavi.org.br\/wp-content\/uploads\/2020\/02\/FLAVIA-PINI-267x420.jpg 267w\" sizes=\"auto, (max-width: 553px) 100vw, 553px\" \/><\/figure><div class=\"wp-block-media-text__content\">\n<p class=\"has-regular-font-size\"><strong>Fl\u00e1via PINI<\/strong> \u2013 Publicit\u00e1ria, especializada em Marketing Digital pela Escola Superior de Propaganda e Marketing (ESPM). S\u00f3cia da HiPartners Capital &amp; Work, grupo de empres\u00e1rios focado em empresas inovadoras e com alto potencial de crescimento dentro do conceito de New Retail. Hoje atua como CEO na FX Retail Analytics, empresa que viabiliza o acompanhamento da jornada e o reconhecimento do consumidor no ambiente f\u00edsico. Articulista de portais como E-commerce Brasil e palestrante, colocando em foco assuntos que englobam o ecossistema da Transforma\u00e7\u00e3o Digital do Varejo.&nbsp;<\/p>\n<\/div><\/div>\n\n\n\n<h3 class=\"has-text-align-center wp-block-heading\"><strong>Painel &#8220;Transforma\u00e7\u00e3o do setor do material de constru\u00e7\u00e3o&#8221;<\/strong><\/h3>\n\n\n\n<div class=\"wp-block-media-text alignwide\" style=\"grid-template-columns:30% auto\"><figure class=\"wp-block-media-text__media\"><img loading=\"lazy\" decoding=\"async\" width=\"553\" height=\"870\" src=\"https:\/\/sincomavi.org.br\/wp-content\/uploads\/2020\/02\/PATRICIA-COTTI.jpg\" alt=\"\" class=\"wp-image-2466\" srcset=\"https:\/\/sincomavi.org.br\/wp-content\/uploads\/2020\/02\/PATRICIA-COTTI.jpg 553w, https:\/\/sincomavi.org.br\/wp-content\/uploads\/2020\/02\/PATRICIA-COTTI-191x300.jpg 191w, https:\/\/sincomavi.org.br\/wp-content\/uploads\/2020\/02\/PATRICIA-COTTI-267x420.jpg 267w\" sizes=\"auto, (max-width: 553px) 100vw, 553px\" \/><\/figure><div class=\"wp-block-media-text__content\">\n<p class=\"has-regular-font-size\"><strong>Professora Patricia Cotti<\/strong> &#8211; Head de Planejamento da Driven.Cx, Diretora Executiva do IBEVAR. Doutoranda e Mestre em Administra\u00e7\u00e3o foco em Gest\u00e3o de Varejo pela FEA\/USP; MBA de Gest\u00e3o de Neg\u00f3cios de Varejo pelo PROVAR\/FIA; Extens\u00e3o em Varejo Europeu \u2013 PROVAR\/FIA, Grenoble Ecole Management (FR) e Exeter University (UK); P\u00f3s-Gradua\u00e7\u00e3o em Direito Tribut\u00e1rio pelo IBET \u2013 Instituto Brasileiro de Estudos Tribut\u00e1rios; Professora dos Cursos de MBA, P\u00f3s-Gradua\u00e7\u00e3o do PROVAR\/FIA. Especialista nas \u00e1reas de modelos de neg\u00f3cios de varejo, comportamento do consumidor, inova\u00e7\u00f5es e mercado f\u00edsico-digital.<\/p>\n<\/div><\/div>\n\n\n\n<h3 class=\"has-text-align-center wp-block-heading\"><strong>Painel &#8220;O desafio da transforma\u00e7\u00e3o \u00e9 humana!&#8221; <\/strong><\/h3>\n\n\n\n<div class=\"wp-block-media-text alignwide\" style=\"grid-template-columns:30% auto\"><figure class=\"wp-block-media-text__media\"><img loading=\"lazy\" decoding=\"async\" width=\"553\" height=\"870\" src=\"https:\/\/sincomavi.org.br\/wp-content\/uploads\/2020\/02\/OLEGARIO-ARAUJO.jpg\" alt=\"\" class=\"wp-image-2467\" srcset=\"https:\/\/sincomavi.org.br\/wp-content\/uploads\/2020\/02\/OLEGARIO-ARAUJO.jpg 553w, https:\/\/sincomavi.org.br\/wp-content\/uploads\/2020\/02\/OLEGARIO-ARAUJO-191x300.jpg 191w, https:\/\/sincomavi.org.br\/wp-content\/uploads\/2020\/02\/OLEGARIO-ARAUJO-267x420.jpg 267w\" sizes=\"auto, (max-width: 553px) 100vw, 553px\" \/><\/figure><div class=\"wp-block-media-text__content\">\n<p class=\"has-regular-font-size\"> <strong>Oleg\u00e1rio Ara\u00fajo<\/strong> \u2013 Administrador formado pela PUC-SP, tem MBA em Gest\u00e3o de Empresas pela FIA-USP, com extens\u00e3o em varejo pela Youngstown State University, e mestrado pela FGV EAESP em Mercadologia. Especialista em varejo, pesquisador do FGVcev (Centro de Excel\u00eancia em Varejo da FGV EAESP) e Cofundador da Intelig\u00eancia360, empresa de consultoria que atua na estrutura\u00e7\u00e3o da \u00e1rea de intelig\u00eancia empresarial e apoio para que os l\u00edderes coloquem o ser humano no centro das decis\u00f5es e que suas decis\u00f5es sejam orientadas por dados dentro de uma perspectiva hol\u00edstica. Participa da SCIP, que re\u00fane profissionais que atuam em Intelig\u00eancia Competitiva, \u00e9 palestrante, curador de conte\u00fado e professor de p\u00f3s-gradua\u00e7\u00e3o em varejo no SENAC, na Saint Paul escola de neg\u00f3cios e de workshops na FGV EASESP.<\/p>\n<\/div><\/div>\n\n\n\n<h2 class=\"has-text-align-center wp-block-heading\"><strong>Case:  Casa do Construtor <\/strong><\/h2>\n\n\n\n<div class=\"wp-block-media-text alignwide\" style=\"grid-template-columns:30% auto\"><figure class=\"wp-block-media-text__media\"><img loading=\"lazy\" decoding=\"async\" width=\"553\" height=\"870\" src=\"https:\/\/sincomavi.org.br\/wp-content\/uploads\/2020\/02\/ALTINO-JUNIOR.jpg\" alt=\"\" class=\"wp-image-2468\" srcset=\"https:\/\/sincomavi.org.br\/wp-content\/uploads\/2020\/02\/ALTINO-JUNIOR.jpg 553w, https:\/\/sincomavi.org.br\/wp-content\/uploads\/2020\/02\/ALTINO-JUNIOR-191x300.jpg 191w, https:\/\/sincomavi.org.br\/wp-content\/uploads\/2020\/02\/ALTINO-JUNIOR-267x420.jpg 267w\" sizes=\"auto, (max-width: 553px) 100vw, 553px\" \/><\/figure><div class=\"wp-block-media-text__content\">\n<p><strong>Altino&nbsp;Cristofoletti Junior<\/strong> &#8211;  Engenheiro civil pela EEP &#8211; Escola de Engenharia de Piracicaba, MBA em franquias pela FIA em 2012, s\u00f3cio-fundador da Casa do Construtor, membro do conselho da ABF \u2013 Associa\u00e7\u00e3o Brasileira de Franchising, Empreendedor Endeavor. Ministra palestras sobre empreendedorismo e franchising.<\/p>\n<\/div><\/div>\n\n\n\n<h2 class=\"has-text-align-center wp-block-heading\"><strong>Case: MadeiraMadeira<\/strong><\/h2>\n\n\n\n<div class=\"wp-block-media-text alignwide\" style=\"grid-template-columns:31% auto\"><figure class=\"wp-block-media-text__media\"><img loading=\"lazy\" decoding=\"async\" width=\"553\" height=\"870\" src=\"https:\/\/sincomavi.org.br\/wp-content\/uploads\/2020\/02\/ANA-GABARDO.jpg\" alt=\"\" class=\"wp-image-2469\" srcset=\"https:\/\/sincomavi.org.br\/wp-content\/uploads\/2020\/02\/ANA-GABARDO.jpg 553w, https:\/\/sincomavi.org.br\/wp-content\/uploads\/2020\/02\/ANA-GABARDO-191x300.jpg 191w, https:\/\/sincomavi.org.br\/wp-content\/uploads\/2020\/02\/ANA-GABARDO-267x420.jpg 267w\" sizes=\"auto, (max-width: 553px) 100vw, 553px\" \/><\/figure><div class=\"wp-block-media-text__content\">\n<p class=\"has-regular-font-size\"><strong>Ana Gabardo &#8211; <\/strong>Head de Marketplace da MadeiraMadeira &#8211; a startup&nbsp;l\u00edder no segmento de home&amp;decor no Brasil.  Especialista no ramo e foca no desenvolvimento e gerenciamento de equipes de alta performance. Apaixonada por disseminar os princ\u00edpios da MadeiraMadeira&nbsp;a todos ao seu redor.<\/p>\n<\/div><\/div>\n\n\n\n<h2 class=\"wp-block-heading\"><strong>Encerramento<\/strong><\/h2>\n\n\n\n<h3 class=\"has-luminous-vivid-orange-color has-text-color wp-block-heading\"><strong>Informa\u00e7\u00f5es e inscri\u00e7\u00f5es<\/strong><br>Telefone (11) 3488-8200 | feira@sincomavi.org.br<\/h3>\n\n\n<style>.wp-block-kadence-advancedbtn.kb-btns_758526-3d{gap:var(--global-kb-gap-xs, 0.5rem );justify-content:center;align-items:center;}.kt-btns_758526-3d .kt-button{font-weight:normal;font-style:normal;}.kt-btns_758526-3d .kt-btn-wrap-0{margin-right:5px;}.wp-block-kadence-advancedbtn.kt-btns_758526-3d .kt-btn-wrap-0 .kt-button{color:#555555;border-color:#555555;}.wp-block-kadence-advancedbtn.kt-btns_758526-3d .kt-btn-wrap-0 .kt-button:hover, .wp-block-kadence-advancedbtn.kt-btns_758526-3d .kt-btn-wrap-0 .kt-button:focus{color:#ffffff;border-color:#444444;}.wp-block-kadence-advancedbtn.kt-btns_758526-3d .kt-btn-wrap-0 .kt-button::before{display:none;}.wp-block-kadence-advancedbtn.kt-btns_758526-3d .kt-btn-wrap-0 .kt-button:hover, .wp-block-kadence-advancedbtn.kt-btns_758526-3d .kt-btn-wrap-0 .kt-button:focus{background:#444444;}<\/style>\n<div class=\"wp-block-kadence-advancedbtn kt-btn-align-center kt-btn-tablet-align-inherit kt-btn-mobile-align-inherit kt-btns-wrap kt-btns_758526-3d\"><div class=\"kt-btn-wrap kt-btn-wrap-0\"><a class=\"kt-button button kt-btn-0-action kt-btn-size-standard kt-btn-style-basic kt-btn-svg-show-always kt-btn-has-text-true kt-btn-has-svg-false\" href=\"http:\/\/www.tcsdigital.com.br\/clientes\/sincomavisp\/digital\/inscricoes\/evento3.aspx?evento=86&amp;idativa=89710\"><span class=\"kt-btn-inner-text\"><strong>INSCRI\u00c7\u00c3O ONLINE<\/strong><\/span><\/a><\/div><\/div>\n\n\n\n<p><em>N\u00e3o se esque\u00e7a: para ter acesso ao 16\u00ba Simp\u00f3sio Sincomavi \u00e9 necess\u00e1rio portar a credencial da Feicon Batimat.<\/em> <a href=\"https:\/\/congresso.reedalcantara.com.br\/feicon_2020.html?event=MjR8MTbCqiBlZGnDp8OjbyBkbyBTaW1ww7NzaW8gU2luY29tYXZpIC0gUGVzc29hcyArIFRlY25vbG9naWE6IEEgVHJhbnNmb3JtYcOnw6NvIGRvIFZhcmVqbw==\" target=\"_blank\" rel=\"noreferrer noopener\" aria-label=\"Clique aqui para fazer o credenciamento. (abre numa nova aba)\"><strong>Clique aqui para fazer o credenciamento.<\/strong><\/a><\/p>\n\n\n\n<h2 class=\"wp-block-heading\"><strong>Realiza\u00e7\u00e3o<\/strong><\/h2>\n\n\n\n<figure class=\"wp-block-image size-large is-resized\"><img loading=\"lazy\" decoding=\"async\" src=\"https:\/\/sincomavi.org.br\/wp-content\/uploads\/2019\/08\/sincomavi-1024x347.png\" alt=\"\" class=\"wp-image-687\" width=\"415\" height=\"140\" srcset=\"https:\/\/sincomavi.org.br\/wp-content\/uploads\/2019\/08\/sincomavi-1024x347.png 1024w, https:\/\/sincomavi.org.br\/wp-content\/uploads\/2019\/08\/sincomavi-300x102.png 300w, https:\/\/sincomavi.org.br\/wp-content\/uploads\/2019\/08\/sincomavi-768x260.png 768w, https:\/\/sincomavi.org.br\/wp-content\/uploads\/2019\/08\/sincomavi-1240x420.png 1240w, https:\/\/sincomavi.org.br\/wp-content\/uploads\/2019\/08\/sincomavi-640x217.png 640w, https:\/\/sincomavi.org.br\/wp-content\/uploads\/2019\/08\/sincomavi-681x231.png 681w\" sizes=\"auto, (max-width: 415px) 100vw, 415px\" \/><\/figure>\n\n\n\n<h2 class=\"wp-block-heading\"><strong>Apoio<\/strong><\/h2>\n\n\n\n<figure class=\"wp-block-image size-large\"><img loading=\"lazy\" decoding=\"async\" width=\"800\" height=\"600\" src=\"https:\/\/sincomavi.org.br\/wp-content\/uploads\/2020\/02\/APOIADORES.jpg\" alt=\"\" class=\"wp-image-2473\" srcset=\"https:\/\/sincomavi.org.br\/wp-content\/uploads\/2020\/02\/APOIADORES.jpg 800w, https:\/\/sincomavi.org.br\/wp-content\/uploads\/2020\/02\/APOIADORES-300x225.jpg 300w, https:\/\/sincomavi.org.br\/wp-content\/uploads\/2020\/02\/APOIADORES-768x576.jpg 768w, https:\/\/sincomavi.org.br\/wp-content\/uploads\/2020\/02\/APOIADORES-560x420.jpg 560w, https:\/\/sincomavi.org.br\/wp-content\/uploads\/2020\/02\/APOIADORES-80x60.jpg 80w, https:\/\/sincomavi.org.br\/wp-content\/uploads\/2020\/02\/APOIADORES-100x75.jpg 100w, https:\/\/sincomavi.org.br\/wp-content\/uploads\/2020\/02\/APOIADORES-180x135.jpg 180w, https:\/\/sincomavi.org.br\/wp-content\/uploads\/2020\/02\/APOIADORES-238x178.jpg 238w, https:\/\/sincomavi.org.br\/wp-content\/uploads\/2020\/02\/APOIADORES-265x198.jpg 265w, https:\/\/sincomavi.org.br\/wp-content\/uploads\/2020\/02\/APOIADORES-640x480.jpg 640w, https:\/\/sincomavi.org.br\/wp-content\/uploads\/2020\/02\/APOIADORES-681x511.jpg 681w\" sizes=\"auto, (max-width: 800px) 100vw, 800px\" \/><\/figure>\n","protected":false},"excerpt":{"rendered":"<p>Pessoas + Tecnologia: A Transforma\u00e7\u00e3o do Varejo EVENTO GRATUITO ADIADO | S\u00e3o Paulo Expo &#8211; Mezanino Sala 211 Ser\u00e1 apresentado na 16\u00aa edi\u00e7\u00e3o do Simp\u00f3sio Sincomavi o quadro atual do varejo de material de constru\u00e7\u00e3o, suas caracter\u00edsticas, defici\u00eancias e oportunidades, oferecendo uma abordagem focada nos desafios enfrentados pelo setor, os impactos das novas tecnologias nas [&hellip;]<\/p>\n","protected":false},"author":1,"featured_media":2409,"comment_status":"closed","ping_status":"open","sticky":false,"template":"","format":"standard","meta":{"tdm_status":"","tdm_grid_status":"","footnotes":""},"categories":[175,157],"tags":[259],"class_list":["post-2408","post","type-post","status-publish","format-standard","has-post-thumbnail","hentry","category-agenda","category-alerta","tag-simposio-sincomavi"],"amp_enabled":true,"_links":{"self":[{"href":"https:\/\/sincomavi.org.br\/index.php?rest_route=\/wp\/v2\/posts\/2408","targetHints":{"allow":["GET"]}}],"collection":[{"href":"https:\/\/sincomavi.org.br\/index.php?rest_route=\/wp\/v2\/posts"}],"about":[{"href":"https:\/\/sincomavi.org.br\/index.php?rest_route=\/wp\/v2\/types\/post"}],"author":[{"embeddable":true,"href":"https:\/\/sincomavi.org.br\/index.php?rest_route=\/wp\/v2\/users\/1"}],"replies":[{"embeddable":true,"href":"https:\/\/sincomavi.org.br\/index.php?rest_route=%2Fwp%2Fv2%2Fcomments&post=2408"}],"version-history":[{"count":11,"href":"https:\/\/sincomavi.org.br\/index.php?rest_route=\/wp\/v2\/posts\/2408\/revisions"}],"predecessor-version":[{"id":2582,"href":"https:\/\/sincomavi.org.br\/index.php?rest_route=\/wp\/v2\/posts\/2408\/revisions\/2582"}],"wp:featuredmedia":[{"embeddable":true,"href":"https:\/\/sincomavi.org.br\/index.php?rest_route=\/wp\/v2\/media\/2409"}],"wp:attachment":[{"href":"https:\/\/sincomavi.org.br\/index.php?rest_route=%2Fwp%2Fv2%2Fmedia&parent=2408"}],"wp:term":[{"taxonomy":"category","embeddable":true,"href":"https:\/\/sincomavi.org.br\/index.php?rest_route=%2Fwp%2Fv2%2Fcategories&post=2408"},{"taxonomy":"post_tag","embeddable":true,"href":"https:\/\/sincomavi.org.br\/index.php?rest_route=%2Fwp%2Fv2%2Ftags&post=2408"}],"curies":[{"name":"wp","href":"https:\/\/api.w.org\/{rel}","templated":true}]}}