{"id":2182,"date":"2020-02-28T13:00:00","date_gmt":"2020-02-28T16:00:00","guid":{"rendered":"https:\/\/sincomavi.org.br\/?p=2182"},"modified":"2020-03-13T16:07:58","modified_gmt":"2020-03-13T19:07:58","slug":"nucleo-de-conteudo-feicon-batimat-31-03-e-02-04","status":"publish","type":"post","link":"https:\/\/sincomavi.org.br\/?p=2182","title":{"rendered":"N\u00facleo de Conte\u00fado Feicon Batimat &#8211; ADIADO"},"content":{"rendered":"\n<p>O Sincomavi informa que a programa\u00e7\u00e3o do N\u00facleo de Conte\u00fado Feicon Batimat foi adiada para o segundo semestre, em raz\u00e3o da dissemina\u00e7\u00e3o do Coronav\u00edrus. T\u00e3o logo datas e programa\u00e7\u00f5es sejam confirmadas, o Sincomavi comunicar\u00e1 a todos os interessados.<\/p>\n\n\n<style>.wp-block-kadence-advancedbtn.kb-btns_cf6001-58{gap:var(--global-kb-gap-xs, 0.5rem );justify-content:center;align-items:center;}.kt-btns_cf6001-58 .kt-button{font-weight:normal;font-style:normal;}.kt-btns_cf6001-58 .kt-btn-wrap-0{margin-right:5px;}.wp-block-kadence-advancedbtn.kt-btns_cf6001-58 .kt-btn-wrap-0 .kt-button{color:#555555;border-color:#555555;}.wp-block-kadence-advancedbtn.kt-btns_cf6001-58 .kt-btn-wrap-0 .kt-button:hover, .wp-block-kadence-advancedbtn.kt-btns_cf6001-58 .kt-btn-wrap-0 .kt-button:focus{color:#ffffff;border-color:#444444;}.wp-block-kadence-advancedbtn.kt-btns_cf6001-58 .kt-btn-wrap-0 .kt-button::before{display:none;}.wp-block-kadence-advancedbtn.kt-btns_cf6001-58 .kt-btn-wrap-0 .kt-button:hover, .wp-block-kadence-advancedbtn.kt-btns_cf6001-58 .kt-btn-wrap-0 .kt-button:focus{background:#444444;}<\/style>\n<div class=\"wp-block-kadence-advancedbtn kt-btn-align-center kt-btn-tablet-align-inherit kt-btn-mobile-align-inherit kt-btns-wrap kt-btns_cf6001-58\"><div class=\"kt-btn-wrap kt-btn-wrap-0\"><a class=\"kt-button button kt-btn-0-action kt-btn-size-standard kt-btn-style-basic kt-btn-svg-show-always kt-btn-has-text-true kt-btn-has-svg-false\" href=\"https:\/\/www.feicon.com.br\/pt-br\/credenciamento.html\"><span class=\"kt-btn-inner-text\">CLIQUE AQUI<\/span><\/a><\/div><\/div>\n\n\n<style>.wp-block-kadence-spacer.kt-block-spacer-_c32083-f9 .kt-block-spacer{height:60px;}.wp-block-kadence-spacer.kt-block-spacer-_c32083-f9 .kt-divider{border-top-width:1px;height:1px;border-top-color:#eee;width:80%;border-top-style:solid;}<\/style>\n<div class=\"wp-block-kadence-spacer aligncenter kt-block-spacer-_c32083-f9\"><div class=\"kt-block-spacer kt-block-spacer-halign-center\" style=\"height:60px\"><hr class=\"kt-divider\" style=\"border-top-color:rgba(238, 238, 238, 1);border-top-width:1px;width:80%;border-top-style:solid\"\/><\/div><\/div>\n\n\n\n<h4 class=\"has-vivid-cyan-blue-color has-text-color wp-block-heading\"><strong>Mais informa\u00e7\u00f5es:<\/strong><br>telefone (11) 3488-8200 | cursos@sincomavi.org.br<\/h4>\n\n\n\n<figure class=\"wp-block-table is-style-stripes\"><table class=\"has-fixed-layout\"><thead><tr><th><\/th><th><\/th><th><\/th><th><\/th><\/tr><\/thead><tbody><tr><td><strong>DIA<\/strong><\/td><td> <strong>Hor\u00e1rio<\/strong><\/td><td><strong>Tema<\/strong><\/td><td><strong>Palestrante<\/strong><\/td><\/tr><tr><td><strong>ADIADO<\/strong><\/td><td>14h<\/td><td><a href=\"https:\/\/sincomavi.org.br\/palestra-marketing-de-conteudo-funil-de-vendas\/\"><strong>Marketing de Conte\u00fado &#8211;&nbsp; Funil de vendas <\/strong><\/a><\/td><td>Naiade Barbosa,<br>Obramax <\/td><\/tr><tr><td><strong>ADIADO<\/strong><\/td><td>15h<\/td><td><a href=\"https:\/\/sincomavi.org.br\/palestra-vendas-306\/\"><strong>Vendas 360\u00b0 <\/strong><\/a><\/td><td>Marcello Miranda,<br>Center Mega <\/td><\/tr><tr><td><strong>ADIADO<\/strong><\/td><td>16h<\/td><td><a href=\"https:\/\/sincomavi.org.br\/palestra-empresa-tradicional-x-empresa-digital\/\"><strong>Empresa tradicional x empresa digital <\/strong><\/a><\/td><td>Andr\u00e9 Garcia,<br>Estoque Parado <\/td><\/tr><tr><td><strong>ADIADO<\/strong><\/td><td>17h<\/td><td><a href=\"https:\/\/sincomavi.org.br\/palestra-como-vender-no-varejo-usando-as-redes-sociais\/\"><strong>Como Vender no Varejo Usando as Redes Sociais<\/strong><\/a> <\/td><td>Igor Medeiros,<br>Ucontent <\/td><\/tr><tr><td><strong>ADIADO<\/strong><\/td><td>18h<\/td><td><a href=\"https:\/\/sincomavi.org.br\/palestra-atraia-leads-qualificados-com-estrategia-de-conteudos-digitais\/\"><strong>Atraia leads qualificados com estrat\u00e9gia de conte\u00fados digitais <\/strong><\/a><\/td><td>Jo\u00e3o Carrilho,<br>Curseduca <\/td><\/tr><tr><td><strong>ADIADO<\/strong><\/td><td>14h<\/td><td><a href=\"https:\/\/sincomavi.org.br\/palestra-planejando-estrategicamente-o-futuro-do-seu-negocio\/\"><strong>Planejando estrategicamente o futuro do seu neg\u00f3cio <\/strong><\/a><\/td><td>Nina de Oliveira,<br>DNA Ideias e Solu\u00e7\u00f5es <\/td><\/tr><tr><td><strong>ADIADO<\/strong><\/td><td>15h<\/td><td><a href=\"https:\/\/sincomavi.org.br\/palestra-lideranca-4-0-modelo-de-gestao-na-era-digital\/\"><strong>Lideran\u00e7a 4.0: modelo de gest\u00e3o na era digital <\/strong><\/a><\/td><td>Ana Penarotti,<br>Ciclo 85 Treinamento e Desenvolvimento <\/td><\/tr><tr><td><strong>ADIADO<\/strong><\/td><td>16h<\/td><td><a href=\"https:\/\/sincomavi.org.br\/palestra-informacao-e-tecnologia-na-relacao-industria-e-varejo-o-fim-do-empurrometro\/\"><strong>Informa\u00e7\u00e3o e tecnologia na rela\u00e7\u00e3o: Ind\u00fastria e Varejo.<br>O fim do empurr\u00f4metro? <\/strong><\/a><\/td><td>Maur\u00edcio Gasperini,<br>Construe <\/td><\/tr><tr><td><strong>ADIADO<\/strong><\/td><td>17h<\/td><td><a href=\"https:\/\/sincomavi.org.br\/palestra-marketing-e-vendas-no-varejo\/\"><strong>Marketing e vendas no varejo <\/strong><\/a><\/td><td>Vitor Peixoto,<br>Multipliko <\/td><\/tr><tr><td><strong>ADIADO<\/strong><\/td><td>18h<\/td><td><a href=\"https:\/\/sincomavi.org.br\/palestra-eficiencia-operacional-buscando-maior-produtividade\/\"><strong>Efici\u00eancia Operacional: buscando maior produtividade<\/strong><\/a><\/td><td>Raphael Menechini,<br>Sodimac <\/td><\/tr><\/tbody><tfoot><tr><td><\/td><td><\/td><td><\/td><td><\/td><\/tr><\/tfoot><\/table><\/figure>\n\n\n<style>.wp-block-kadence-spacer.kt-block-spacer-_3cb1a2-3d .kt-block-spacer{height:60px;}.wp-block-kadence-spacer.kt-block-spacer-_3cb1a2-3d .kt-divider{border-top-width:1px;height:1px;border-top-color:#eee;width:80%;border-top-style:solid;}<\/style>\n<div class=\"wp-block-kadence-spacer aligncenter kt-block-spacer-_3cb1a2-3d\"><div class=\"kt-block-spacer kt-block-spacer-halign-center\" style=\"height:60px\"><hr class=\"kt-divider\" style=\"border-top-color:rgba(238, 238, 238, 1);border-top-width:1px;width:80%;border-top-style:solid\"\/><\/div><\/div>\n","protected":false},"excerpt":{"rendered":"<p>O Sincomavi informa que a programa\u00e7\u00e3o do N\u00facleo de Conte\u00fado Feicon Batimat foi adiada para o segundo semestre, em raz\u00e3o da dissemina\u00e7\u00e3o do Coronav\u00edrus. T\u00e3o logo datas e programa\u00e7\u00f5es sejam confirmadas, o Sincomavi comunicar\u00e1 a todos os interessados. Mais informa\u00e7\u00f5es:telefone (11) 3488-8200 | cursos@sincomavi.org.br DIA Hor\u00e1rio Tema Palestrante ADIADO 14h Marketing de Conte\u00fado &#8211;&nbsp; Funil [&hellip;]<\/p>\n","protected":false},"author":1,"featured_media":2183,"comment_status":"closed","ping_status":"open","sticky":false,"template":"","format":"standard","meta":{"tdm_status":"","tdm_grid_status":"","footnotes":""},"categories":[175,157],"tags":[336,335],"class_list":["post-2182","post","type-post","status-publish","format-standard","has-post-thumbnail","hentry","category-agenda","category-alerta","tag-feicon-batimat-2020","tag-nucleo-de-conteudo"],"amp_enabled":true,"_links":{"self":[{"href":"https:\/\/sincomavi.org.br\/index.php?rest_route=\/wp\/v2\/posts\/2182","targetHints":{"allow":["GET"]}}],"collection":[{"href":"https:\/\/sincomavi.org.br\/index.php?rest_route=\/wp\/v2\/posts"}],"about":[{"href":"https:\/\/sincomavi.org.br\/index.php?rest_route=\/wp\/v2\/types\/post"}],"author":[{"embeddable":true,"href":"https:\/\/sincomavi.org.br\/index.php?rest_route=\/wp\/v2\/users\/1"}],"replies":[{"embeddable":true,"href":"https:\/\/sincomavi.org.br\/index.php?rest_route=%2Fwp%2Fv2%2Fcomments&post=2182"}],"version-history":[{"count":18,"href":"https:\/\/sincomavi.org.br\/index.php?rest_route=\/wp\/v2\/posts\/2182\/revisions"}],"predecessor-version":[{"id":2584,"href":"https:\/\/sincomavi.org.br\/index.php?rest_route=\/wp\/v2\/posts\/2182\/revisions\/2584"}],"wp:featuredmedia":[{"embeddable":true,"href":"https:\/\/sincomavi.org.br\/index.php?rest_route=\/wp\/v2\/media\/2183"}],"wp:attachment":[{"href":"https:\/\/sincomavi.org.br\/index.php?rest_route=%2Fwp%2Fv2%2Fmedia&parent=2182"}],"wp:term":[{"taxonomy":"category","embeddable":true,"href":"https:\/\/sincomavi.org.br\/index.php?rest_route=%2Fwp%2Fv2%2Fcategories&post=2182"},{"taxonomy":"post_tag","embeddable":true,"href":"https:\/\/sincomavi.org.br\/index.php?rest_route=%2Fwp%2Fv2%2Ftags&post=2182"}],"curies":[{"name":"wp","href":"https:\/\/api.w.org\/{rel}","templated":true}]}}