{"id":2171,"date":"2020-02-04T15:32:40","date_gmt":"2020-02-04T17:32:40","guid":{"rendered":"https:\/\/sincomavi.org.br\/?p=2171"},"modified":"2020-02-04T15:33:04","modified_gmt":"2020-02-04T17:33:04","slug":"informatica-cuidado-com-a-venda-de-produtos-com-windows-7","status":"publish","type":"post","link":"https:\/\/sincomavi.org.br\/?p=2171","title":{"rendered":"Inform\u00e1tica: cuidado com a venda de produtos com Windows 7"},"content":{"rendered":"\n<p>O Procon-SP notificou, em 31 de janeiro, a Via Varejo\nem raz\u00e3o da comercializa\u00e7\u00e3o de microcomputadores que n\u00e3o contar\u00e3o mais com\natualiza\u00e7\u00e3o em seus sistemas operacionais. Como o Windows 7 n\u00e3o ter\u00e1 mais\natualiza\u00e7\u00f5es cont\u00ednuas de software e seguran\u00e7a, de acordo com comunicados da\nMicrosoft, o Procon-SP exigiu da&nbsp;Via Varejo informa\u00e7\u00f5es sobre as vendas e como\ntem sido a comunica\u00e7\u00e3o desse fato aos compradores.&nbsp; Al\u00e9m disso, dever\u00e1 explicar como se d\u00e1 a\ninforma\u00e7\u00e3o sobre a necessidade ou possibilidade de atualiza\u00e7\u00e3o tamb\u00e9m dos\nsoftwares comercializados pela empresa.<\/p>\n\n\n\n<p>O Departamento Jur\u00eddico do Sincomavi recomenda \u00e0s\nempresas de inform\u00e1tica m\u00e1xima aten\u00e7\u00e3o na venda desses produtos com\nprevisibilidade de desatualiza\u00e7\u00e3o de sistemas operacionais e aplicativos,\nfornecendo aos interessados, de modo claro e de f\u00e1cil visualiza\u00e7\u00e3o, essas\ninforma\u00e7\u00f5es, inclusive nos seus meios de venda \u00e0 dist\u00e2ncia, pois o Procon-SP,\nal\u00e9m de receber den\u00fancia sobre a comercializa\u00e7\u00e3o de produtos, faz pesquisas peri\u00f3dicas\nnas lojas virtuais das empresas.<\/p>\n","protected":false},"excerpt":{"rendered":"<p>O Procon-SP notificou, em 31 de janeiro, a Via Varejo em raz\u00e3o da comercializa\u00e7\u00e3o de microcomputadores que n\u00e3o contar\u00e3o mais com atualiza\u00e7\u00e3o em seus sistemas operacionais. Como o Windows 7 n\u00e3o ter\u00e1 mais atualiza\u00e7\u00f5es cont\u00ednuas de software e seguran\u00e7a, de acordo com comunicados da Microsoft, o Procon-SP exigiu da&nbsp;Via Varejo informa\u00e7\u00f5es sobre as vendas e [&hellip;]<\/p>\n","protected":false},"author":1,"featured_media":2172,"comment_status":"closed","ping_status":"open","sticky":false,"template":"","format":"standard","meta":{"tdm_status":"","tdm_grid_status":"","footnotes":""},"categories":[153],"tags":[96,71],"class_list":["post-2171","post","type-post","status-publish","format-standard","has-post-thumbnail","hentry","category-noticias","tag-fiscalizacao","tag-procon"],"amp_enabled":true,"_links":{"self":[{"href":"https:\/\/sincomavi.org.br\/index.php?rest_route=\/wp\/v2\/posts\/2171","targetHints":{"allow":["GET"]}}],"collection":[{"href":"https:\/\/sincomavi.org.br\/index.php?rest_route=\/wp\/v2\/posts"}],"about":[{"href":"https:\/\/sincomavi.org.br\/index.php?rest_route=\/wp\/v2\/types\/post"}],"author":[{"embeddable":true,"href":"https:\/\/sincomavi.org.br\/index.php?rest_route=\/wp\/v2\/users\/1"}],"replies":[{"embeddable":true,"href":"https:\/\/sincomavi.org.br\/index.php?rest_route=%2Fwp%2Fv2%2Fcomments&post=2171"}],"version-history":[{"count":2,"href":"https:\/\/sincomavi.org.br\/index.php?rest_route=\/wp\/v2\/posts\/2171\/revisions"}],"predecessor-version":[{"id":2174,"href":"https:\/\/sincomavi.org.br\/index.php?rest_route=\/wp\/v2\/posts\/2171\/revisions\/2174"}],"wp:featuredmedia":[{"embeddable":true,"href":"https:\/\/sincomavi.org.br\/index.php?rest_route=\/wp\/v2\/media\/2172"}],"wp:attachment":[{"href":"https:\/\/sincomavi.org.br\/index.php?rest_route=%2Fwp%2Fv2%2Fmedia&parent=2171"}],"wp:term":[{"taxonomy":"category","embeddable":true,"href":"https:\/\/sincomavi.org.br\/index.php?rest_route=%2Fwp%2Fv2%2Fcategories&post=2171"},{"taxonomy":"post_tag","embeddable":true,"href":"https:\/\/sincomavi.org.br\/index.php?rest_route=%2Fwp%2Fv2%2Ftags&post=2171"}],"curies":[{"name":"wp","href":"https:\/\/api.w.org\/{rel}","templated":true}]}}