{"id":2153,"date":"2020-01-31T08:57:00","date_gmt":"2020-01-31T10:57:00","guid":{"rendered":"https:\/\/sincomavi.org.br\/?p=2153"},"modified":"2020-02-05T13:02:45","modified_gmt":"2020-02-05T15:02:45","slug":"nao-perca-sincomavi-na-feicon-batimat-2020","status":"publish","type":"post","link":"https:\/\/sincomavi.org.br\/?p=2153","title":{"rendered":"N\u00e3o perca: Sincomavi na Feicon Batimat 2020"},"content":{"rendered":"\n<p>O Sincomavi preparou uma programa\u00e7\u00e3o recheada de temas\nde interesse dos comerciantes do setor para a Feicon Batimat 2020, que ser\u00e1\nrealizada entre os dias 31 de mar\u00e7o e 03 de abril, no S\u00e3o Paulo Expo, S\u00e3o Paulo\n(SP). Al\u00e9m da 16\u00aa edi\u00e7\u00e3o do Simp\u00f3sio Sincomavi, que contar\u00e1 com o tema \u201cPessoas\n+ Tecnologia: A Transforma\u00e7\u00e3o do Varejo\u201d, o Sincomavi ficar\u00e1 ainda respons\u00e1vel\npela curadoria do N\u00facleo de Conte\u00fado Feicon Batimat em duas datas, 31 de mar\u00e7o\ne 02 de abril, e promover\u00e1 ainda o workshop \u2018A efici\u00eancia energ\u00e9tica do vidro\u2019,\nespecialmente concebido para os profissionais de arquitetura.<\/p>\n\n\n\n<p>Com o apoio da Reed Alcantara Machado e GS&amp;MD, o\n16\u00ba Simp\u00f3sio Sincomavi, programado para 02 de abril, das 8:30 \u00e0s 13:00h, no S\u00e3o\nPaulo Expo \u2013 Mezanino \u2013 Sala 211, buscar\u00e1 oferecer ao empres\u00e1rio do segmento o\nquadro atual do mercado de varejo de\nmaterial de constru\u00e7\u00e3o, suas caracter\u00edsticas, defici\u00eancias e oportunidades, com\numa abordagem focada nos desafios enfrentados pelo setor, os impactos das novas\ntecnologias nas opera\u00e7\u00f5es do com\u00e9rcio, os novos formatos de neg\u00f3cio adotados e\no papel das pessoas neste cen\u00e1rio. <\/p>\n\n\n\n<div class=\"wp-block-image\"><figure class=\"aligncenter size-large is-resized\"><img loading=\"lazy\" decoding=\"async\" src=\"https:\/\/sincomavi.org.br\/wp-content\/uploads\/2020\/01\/LOGO-16-SIMPOSIO-SINCOMAVI-1024x247.jpg\" alt=\"\" class=\"wp-image-2154\" width=\"569\" height=\"136\" srcset=\"https:\/\/sincomavi.org.br\/wp-content\/uploads\/2020\/01\/LOGO-16-SIMPOSIO-SINCOMAVI-1024x247.jpg 1024w, https:\/\/sincomavi.org.br\/wp-content\/uploads\/2020\/01\/LOGO-16-SIMPOSIO-SINCOMAVI-300x72.jpg 300w, https:\/\/sincomavi.org.br\/wp-content\/uploads\/2020\/01\/LOGO-16-SIMPOSIO-SINCOMAVI-768x185.jpg 768w, https:\/\/sincomavi.org.br\/wp-content\/uploads\/2020\/01\/LOGO-16-SIMPOSIO-SINCOMAVI-1536x371.jpg 1536w, https:\/\/sincomavi.org.br\/wp-content\/uploads\/2020\/01\/LOGO-16-SIMPOSIO-SINCOMAVI-1741x420.jpg 1741w, https:\/\/sincomavi.org.br\/wp-content\/uploads\/2020\/01\/LOGO-16-SIMPOSIO-SINCOMAVI-640x154.jpg 640w, https:\/\/sincomavi.org.br\/wp-content\/uploads\/2020\/01\/LOGO-16-SIMPOSIO-SINCOMAVI-681x164.jpg 681w, https:\/\/sincomavi.org.br\/wp-content\/uploads\/2020\/01\/LOGO-16-SIMPOSIO-SINCOMAVI.jpg 1811w\" sizes=\"auto, (max-width: 569px) 100vw, 569px\" \/><\/figure><\/div>\n\n\n\n<h2 class=\"has-text-align-center wp-block-heading\"><strong>Pessoas + Tecnologia: A Transforma\u00e7\u00e3o do Varejo<\/strong><\/h2>\n\n\n\n<p class=\"has-text-align-center\"><strong>02.04.20 | 8:30 \u00e0s 13:00h | Local: S\u00e3o Paulo Expo \u2013 Mezanino \u2013 Sala 211<\/strong><\/p>\n\n\n\n<ul class=\"wp-block-list\"><li>O mercado brasileiro de material de\nconstru\u00e7\u00e3o;<\/li><li>Principais tend\u00eancias do setor e do varejo;<\/li><li>A expans\u00e3o do com\u00e9rcio eletr\u00f4nico e seu\nimpacto no varejo f\u00edsico;<\/li><li>As novas tecnologias empregadas pelo com\u00e9rcio;<\/li><li>A import\u00e2ncia do desenvolvimento do capital\nhumano num varejo cada vez mais tecnol\u00f3gico;<\/li><li>Os novos modelos de neg\u00f3cios adotados no\nsetor.<\/li><\/ul>\n\n\n\n<p>As inscri\u00e7\u00f5es para o 16\u00ba Simp\u00f3sio Sincomavi j\u00e1 est\u00e3o abertas e podem ser feitas de forma gratuita.<\/p>\n\n\n<style>.wp-block-kadence-advancedbtn.kb-btns_13a0d4-ab{gap:var(--global-kb-gap-xs, 0.5rem );justify-content:center;align-items:center;}.kt-btns_13a0d4-ab .kt-button{font-weight:normal;font-style:normal;}.kt-btns_13a0d4-ab .kt-btn-wrap-0{margin-right:5px;}.wp-block-kadence-advancedbtn.kt-btns_13a0d4-ab .kt-btn-wrap-0 .kt-button{color:#555555;border-color:#555555;}.wp-block-kadence-advancedbtn.kt-btns_13a0d4-ab .kt-btn-wrap-0 .kt-button:hover, .wp-block-kadence-advancedbtn.kt-btns_13a0d4-ab .kt-btn-wrap-0 .kt-button:focus{color:#ffffff;border-color:#444444;}.wp-block-kadence-advancedbtn.kt-btns_13a0d4-ab .kt-btn-wrap-0 .kt-button::before{display:none;}.wp-block-kadence-advancedbtn.kt-btns_13a0d4-ab .kt-btn-wrap-0 .kt-button:hover, .wp-block-kadence-advancedbtn.kt-btns_13a0d4-ab .kt-btn-wrap-0 .kt-button:focus{background:#444444;}<\/style>\n<div class=\"wp-block-kadence-advancedbtn kt-btn-align-center kt-btn-tablet-align-inherit kt-btn-mobile-align-inherit kt-btns-wrap kt-btns_13a0d4-ab\"><div class=\"kt-btn-wrap kt-btn-wrap-0\"><a class=\"kt-button button kt-btn-0-action kt-btn-size-standard kt-btn-style-basic kt-btn-svg-show-always kt-btn-has-text-true kt-btn-has-svg-false\" href=\"http:\/\/www.tcsdigital.com.br\/clientes\/sincomavisp\/digital\/inscricoes\/evento3.aspx?evento=86&amp;idativa=89710\"><span class=\"kt-btn-inner-text\"><strong>CLIQUE AQUI<\/strong><\/span><\/a><\/div><\/div>\n\n\n\n<h2 class=\"wp-block-heading\">N\u00facleo e worshop<\/h2>\n\n\n\n<p>A programa\u00e7\u00e3o com curadoria do Sincomavi no N\u00facleo de Conte\u00fado Feicon Batimat contar\u00e1 com palestras gratuitas com assuntos sens\u00edveis ao empresariado do setor, como marketing digital, vendas, planejamento, lideran\u00e7a e opera\u00e7\u00e3o de loja (veja abaixo). As vagas s\u00e3o por ordem de chegada e a sala tem a capacidade para atender 60 pessoas sentadas. Para participar, basta possuir a credencial da Feicon Batimat 2020.<\/p>\n\n\n<style>.wp-block-kadence-advancedbtn.kb-btns_7db27f-75{gap:var(--global-kb-gap-xs, 0.5rem );justify-content:center;align-items:center;}.kt-btns_7db27f-75 .kt-button{font-weight:normal;font-style:normal;}.kt-btns_7db27f-75 .kt-btn-wrap-0{margin-right:5px;}.wp-block-kadence-advancedbtn.kt-btns_7db27f-75 .kt-btn-wrap-0 .kt-button{color:#555555;border-color:#555555;}.wp-block-kadence-advancedbtn.kt-btns_7db27f-75 .kt-btn-wrap-0 .kt-button:hover, .wp-block-kadence-advancedbtn.kt-btns_7db27f-75 .kt-btn-wrap-0 .kt-button:focus{color:#ffffff;border-color:#444444;}.wp-block-kadence-advancedbtn.kt-btns_7db27f-75 .kt-btn-wrap-0 .kt-button::before{display:none;}.wp-block-kadence-advancedbtn.kt-btns_7db27f-75 .kt-btn-wrap-0 .kt-button:hover, .wp-block-kadence-advancedbtn.kt-btns_7db27f-75 .kt-btn-wrap-0 .kt-button:focus{background:#444444;}<\/style>\n<div class=\"wp-block-kadence-advancedbtn kt-btn-align-center kt-btn-tablet-align-inherit kt-btn-mobile-align-inherit kt-btns-wrap kt-btns_7db27f-75\"><div class=\"kt-btn-wrap kt-btn-wrap-0\"><a class=\"kt-button button kt-btn-0-action kt-btn-size-standard kt-btn-style-basic kt-btn-svg-show-always kt-btn-has-text-true kt-btn-has-svg-false\" href=\"https:\/\/www.feicon.com.br\/pt-br\/credenciamento.html.\"><span class=\"kt-btn-inner-text\"><strong>CLIQUE AQUI<\/strong><\/span><\/a><\/div><\/div>\n\n\n\n<figure class=\"wp-block-table aligncenter is-style-stripes\"><table class=\"has-fixed-layout\"><thead><tr><th><\/th><th class=\"has-text-align-center\" data-align=\"center\"><\/th><th class=\"has-text-align-left\" data-align=\"left\"><\/th><th><\/th><\/tr><\/thead><tbody><tr><td><strong>DIA<\/strong><\/td><td class=\"has-text-align-center\" data-align=\"center\"><strong>Hor\u00e1rio<\/strong><\/td><td class=\"has-text-align-left\" data-align=\"left\"><strong>Tema<\/strong><\/td><td><strong>Palestrante<\/strong><\/td><\/tr><tr><td><strong>31 de mar\u00e7o<\/strong><\/td><td class=\"has-text-align-center\" data-align=\"center\">14h<\/td><td class=\"has-text-align-left\" data-align=\"left\">Transforma\u00e7\u00e3o Digital<\/td><td>Naiade Barbosa,<br>Obramax<\/td><\/tr><tr><td><strong>31 de mar\u00e7o<\/strong><\/td><td class=\"has-text-align-center\" data-align=\"center\">15h<\/td><td class=\"has-text-align-left\" data-align=\"left\">Vendas 360\u00b0<\/td><td>Marcelo Miranda,<br>Center Mega<\/td><\/tr><tr><td><strong>31 de mar\u00e7o<\/strong><\/td><td class=\"has-text-align-center\" data-align=\"center\">16h<\/td><td class=\"has-text-align-left\" data-align=\"left\">Empresa tradicional x empresa digital<\/td><td>Andr\u00e9 Garcia,<br>Estoque Parado<\/td><\/tr><tr><td><strong>31 de mar\u00e7o<\/strong><\/td><td class=\"has-text-align-center\" data-align=\"center\">17h<\/td><td class=\"has-text-align-left\" data-align=\"left\">Turbine suas vendas com as Redes Sociais<\/td><td>Igor Medeiros,<br>Ucontent<\/td><\/tr><tr><td><strong>31 de mar\u00e7o<\/strong><\/td><td class=\"has-text-align-center\" data-align=\"center\">18h<\/td><td class=\"has-text-align-left\" data-align=\"left\">Atraia leads qualificados com estrat\u00e9gia de conte\u00fados digitais<\/td><td>Jo\u00e3o Carrilho,<br>Curseduca<\/td><\/tr><tr><td><strong>02 de abril<\/strong><\/td><td class=\"has-text-align-center\" data-align=\"center\">14h<\/td><td class=\"has-text-align-left\" data-align=\"left\">Planejando estrategicamente o futuro do seu neg\u00f3cio<\/td><td>Nina de Oliveira,<br>DNA Ideias e Solu\u00e7\u00f5es<\/td><\/tr><tr><td><strong>02 de abril<\/strong><\/td><td class=\"has-text-align-center\" data-align=\"center\">15h<\/td><td class=\"has-text-align-left\" data-align=\"left\">Lideran\u00e7a 4.0: modelo de gest\u00e3o na era digital<\/td><td>Ana Penarotti,<br>Ciclo 85 Treinamento e Desenvolvimento<\/td><\/tr><tr><td><strong>02 de abril<\/strong><\/td><td class=\"has-text-align-center\" data-align=\"center\">16h<\/td><td class=\"has-text-align-left\" data-align=\"left\">Saiba o que o consumidor procura em sua loja<\/td><td>Sandra S\u00edlvia Sampaio,<br>Construe<\/td><\/tr><tr><td><strong>02 de abril<\/strong><\/td><td class=\"has-text-align-center\" data-align=\"center\">17h<\/td><td class=\"has-text-align-left\" data-align=\"left\">Marketing e vendas no varejo<\/td><td>Vitor Peixoto,<br>Multipliko<\/td><\/tr><tr><td><strong>02 de abril<\/strong><\/td><td class=\"has-text-align-center\" data-align=\"center\">16h<\/td><td class=\"has-text-align-left\" data-align=\"left\">Opera\u00e7\u00f5es de loja: como ser mais eficiente e produtivo<\/td><td>Raphael Menechini,<br>Sodimac<\/td><\/tr><\/tbody><tfoot><tr><td><\/td><td class=\"has-text-align-center\" data-align=\"center\"><\/td><td class=\"has-text-align-left\" data-align=\"left\"><\/td><td><\/td><\/tr><\/tfoot><\/table><\/figure>\n\n\n\n<p>Por fim, o Sincomavi promover\u00e1 o workshop gratuito \u201cA efici\u00eancia energ\u00e9tica do vidro\u201d, desenvolvido exclusivamente para profissionais de arquitetura. O evento, ainda com data a definir, ter\u00e1 como palestrante o professor Fernando Simon Westphal, Dr. Eng. Coordenador &#8211; P\u00f3s-Gradua\u00e7\u00e3o em Arquitetura e Urbanismo (P\u00f3sARQ) Universidade Federal de Santa Catarina (UFSC). A ideia \u00e9 mostrar aos participantes alternativas de composi\u00e7\u00e3o de fachada que possibilitem a efici\u00eancia energ\u00e9tica em novos projetos construtivos. A exig\u00eancia por esse tipo de solu\u00e7\u00e3o tem sido cada vez maior por parte dos consumidores, sejam pr\u00e9dios de cunho comercial, industrial ou residencial. O evento conta com o apoio da Reed Alcantara Machado e Associa\u00e7\u00e3o Brasileira das Ind\u00fastrias de Vidros e o patroc\u00ednio de AGC, Cebrace, Guardian, Saint Gobain e Vivix.<\/p>\n\n\n\n<p>Vale lembrar que para participar em qualquer um dos eventos realizados pelo Sincomavi \u00e9 necess\u00e1rio possuir a credencial da Feicon Batimat 2020.<\/p>\n\n\n<style>.wp-block-kadence-advancedbtn.kb-btns_9f0aad-50{gap:var(--global-kb-gap-xs, 0.5rem );justify-content:center;align-items:center;}.kt-btns_9f0aad-50 .kt-button{font-weight:normal;font-style:normal;}.kt-btns_9f0aad-50 .kt-btn-wrap-0{margin-right:5px;}.wp-block-kadence-advancedbtn.kt-btns_9f0aad-50 .kt-btn-wrap-0 .kt-button{color:#555555;border-color:#555555;}.wp-block-kadence-advancedbtn.kt-btns_9f0aad-50 .kt-btn-wrap-0 .kt-button:hover, .wp-block-kadence-advancedbtn.kt-btns_9f0aad-50 .kt-btn-wrap-0 .kt-button:focus{color:#ffffff;border-color:#444444;}.wp-block-kadence-advancedbtn.kt-btns_9f0aad-50 .kt-btn-wrap-0 .kt-button::before{display:none;}.wp-block-kadence-advancedbtn.kt-btns_9f0aad-50 .kt-btn-wrap-0 .kt-button:hover, .wp-block-kadence-advancedbtn.kt-btns_9f0aad-50 .kt-btn-wrap-0 .kt-button:focus{background:#444444;}<\/style>\n<div class=\"wp-block-kadence-advancedbtn kt-btn-align-center kt-btn-tablet-align-inherit kt-btn-mobile-align-inherit kt-btns-wrap kt-btns_9f0aad-50\"><div class=\"kt-btn-wrap kt-btn-wrap-0\"><a class=\"kt-button button kt-btn-0-action kt-btn-size-standard kt-btn-style-basic kt-btn-svg-show-always kt-btn-has-text-true kt-btn-has-svg-false\" href=\"https:\/\/www.feicon.com.br\/pt-br\/credenciamento.html\"><span class=\"kt-btn-inner-text\"><strong>CLIQUE AQUI<\/strong><\/span><\/a><\/div><\/div>\n\n\n\n<h2 class=\"has-vivid-cyan-blue-color has-text-color wp-block-heading\"><strong>Mais informa\u00e7\u00f5es:<\/strong><br>telefone (11) 3488-8200 | feiras@sincomavi.org.br<\/h2>\n","protected":false},"excerpt":{"rendered":"<p>O Sincomavi preparou uma programa\u00e7\u00e3o recheada de temas de interesse dos comerciantes do setor para a Feicon Batimat 2020, que ser\u00e1 realizada entre os dias 31 de mar\u00e7o e 03 de abril, no S\u00e3o Paulo Expo, S\u00e3o Paulo (SP). Al\u00e9m da 16\u00aa edi\u00e7\u00e3o do Simp\u00f3sio Sincomavi, que contar\u00e1 com o tema \u201cPessoas + Tecnologia: A [&hellip;]<\/p>\n","protected":false},"author":1,"featured_media":2155,"comment_status":"closed","ping_status":"open","sticky":false,"template":"","format":"standard","meta":{"tdm_status":"","tdm_grid_status":"","footnotes":""},"categories":[153],"tags":[],"class_list":["post-2153","post","type-post","status-publish","format-standard","has-post-thumbnail","hentry","category-noticias"],"amp_enabled":true,"_links":{"self":[{"href":"https:\/\/sincomavi.org.br\/index.php?rest_route=\/wp\/v2\/posts\/2153","targetHints":{"allow":["GET"]}}],"collection":[{"href":"https:\/\/sincomavi.org.br\/index.php?rest_route=\/wp\/v2\/posts"}],"about":[{"href":"https:\/\/sincomavi.org.br\/index.php?rest_route=\/wp\/v2\/types\/post"}],"author":[{"embeddable":true,"href":"https:\/\/sincomavi.org.br\/index.php?rest_route=\/wp\/v2\/users\/1"}],"replies":[{"embeddable":true,"href":"https:\/\/sincomavi.org.br\/index.php?rest_route=%2Fwp%2Fv2%2Fcomments&post=2153"}],"version-history":[{"count":4,"href":"https:\/\/sincomavi.org.br\/index.php?rest_route=\/wp\/v2\/posts\/2153\/revisions"}],"predecessor-version":[{"id":2159,"href":"https:\/\/sincomavi.org.br\/index.php?rest_route=\/wp\/v2\/posts\/2153\/revisions\/2159"}],"wp:featuredmedia":[{"embeddable":true,"href":"https:\/\/sincomavi.org.br\/index.php?rest_route=\/wp\/v2\/media\/2155"}],"wp:attachment":[{"href":"https:\/\/sincomavi.org.br\/index.php?rest_route=%2Fwp%2Fv2%2Fmedia&parent=2153"}],"wp:term":[{"taxonomy":"category","embeddable":true,"href":"https:\/\/sincomavi.org.br\/index.php?rest_route=%2Fwp%2Fv2%2Fcategories&post=2153"},{"taxonomy":"post_tag","embeddable":true,"href":"https:\/\/sincomavi.org.br\/index.php?rest_route=%2Fwp%2Fv2%2Ftags&post=2153"}],"curies":[{"name":"wp","href":"https:\/\/api.w.org\/{rel}","templated":true}]}}