{"id":2012,"date":"2020-01-07T13:41:16","date_gmt":"2020-01-07T15:41:16","guid":{"rendered":"https:\/\/sincomavi.org.br\/?p=2012"},"modified":"2020-09-09T14:47:05","modified_gmt":"2020-09-09T17:47:05","slug":"novo-cronograma-do-esocial","status":"publish","type":"post","link":"https:\/\/sincomavi.org.br\/?p=2012","title":{"rendered":"Novo cronograma do eSocial"},"content":{"rendered":"<style>.wp-block-kadence-spacer.kt-block-spacer-_4ddaef-86 .kt-block-spacer{height:60px;}.wp-block-kadence-spacer.kt-block-spacer-_4ddaef-86 .kt-divider{border-top-width:1px;height:1px;border-top-color:#eee;width:80%;border-top-style:solid;}<\/style>\n<div class=\"wp-block-kadence-spacer aligncenter kt-block-spacer-_4ddaef-86\"><div class=\"kt-block-spacer kt-block-spacer-halign-center\" style=\"height:60px\"><hr class=\"kt-divider\" style=\"border-top-color:rgba(238, 238, 238, 1);border-top-width:1px;width:80%;border-top-style:solid\"\/><\/div><\/div>\n\n\n\n<p>No dia 24 de dezembro de 2019 foi publicada a Portaria n\u00ba 1.419, editada pela Secretaria de Previd\u00eancia e Trabalho, que disp\u00f5e sobre o cronograma de implanta\u00e7\u00e3o do Sistema de Escritura\u00e7\u00e3o Digital das Obriga\u00e7\u00f5es Fiscais, Previdenci\u00e1rias e Trabalhistas (eSocial).<\/p>\n\n\n\n<p>Os eventos que seriam obrigat\u00f3rios a partir de janeiro de 2020, eventos peri\u00f3dicos para o grupo 3 e eventos de SST para o grupo 1, foram prorrogados.<\/p>\n\n\n\n<h2 class=\"wp-block-heading\"> Desmembramento do Grupo dos \u00d3rg\u00e3os P\u00fablicos<\/h2>\n\n\n\n<p><br> O grupo 4 \u2013 \u00f3rg\u00e3os p\u00fablicos, foram desmembrados em tr\u00eas grupos. Agora o grupo 4 compreende os entes p\u00fablicos federais e as organiza\u00e7\u00f5es internacionais, o grupo 5 os entes p\u00fablicos estaduais e o Distrito Federal e o grupo 6 os entes p\u00fablicos municipais, as comiss\u00f5es polinacionais e os cons\u00f3rcios p\u00fablicos.<\/p>\n\n\n\n<p> Dessa forma, os grupos do eSocial est\u00e3o assim definidos:<\/p>\n\n\n\n<p> \u2022    Grupo 1: entidades empresariais com faturamento anual em 2016 acima de R$ 78 milh\u00f5es;<br> \u2022    Grupo 2: entidades empresariais com faturamento anual em 2016 inferior a R$ 78 milh\u00f5es e n\u00e3o optantes pelo Simples Nacional (situa\u00e7\u00e3o em 01\/07\/2018);<br> \u2022    Grupo 3: optante do Simples Nacional (ME ou EPP), MEI, empregador pessoa f\u00edsica (exceto dom\u00e9stico), entidades sem fins lucrativos;<br> \u2022    Grupo 4: entes p\u00fablicos federais e as organiza\u00e7\u00f5es internacionais;<br> \u2022    Grupo 5: entes p\u00fablicos estaduais e o Distrito Federal; e,<br> \u2022    Grupo 6: entes p\u00fablicos municipais, as comiss\u00f5es polinacionais e os cons\u00f3rcios p\u00fablicos. <\/p>\n\n\n\n<h2 class=\"wp-block-heading\">Desmembramento da Implanta\u00e7\u00e3o da Fase 3 para o Grupo 3 <\/h2>\n\n\n\n<p>Considerando o grande n\u00famero de empresas pertencentes ao grupo 3, foi estabelecido um escalonamento para a obrigatoriedade dos eventos peri\u00f3dicos (folha de pagamento), definido pelo \u00faltimo d\u00edgito do CNPJ b\u00e1sico (8 posi\u00e7\u00f5es), conforme prazos descritos a seguir:<\/p>\n\n\n\n<p> \u2022    a partir das 8h de 8 de setembro de 2020, referentes aos fatos ocorridos a partir de 1\u00ba de setembro de 2020 pelas pessoas jur\u00eddicas cujo \u00faltimo d\u00edgito do CNPJ b\u00e1sico termine com &#8220;0&#8221;, &#8220;1&#8221;, &#8220;2&#8221; ou &#8220;3&#8221;;<br> \u2022    a partir das 8h de 8 de outubro de 2020, referentes aos fatos ocorridos a partir de 1\u00ba de outubro de 2020 pelas pessoas jur\u00eddicas cujo \u00faltimo d\u00edgito do CNPJ b\u00e1sico termine com &#8220;4&#8221;, &#8220;5&#8221;, &#8220;6&#8221; ou &#8220;7&#8221;;<br> \u2022    a partir das 8h de 9 de novembro de 2020, referentes aos fatos ocorridos a partir de 1\u00ba de novembro de 2020 pelas pessoas jur\u00eddicas cujo \u00faltimo d\u00edgito do CNPJ b\u00e1sico termine com &#8220;8&#8221; ou &#8220;9&#8221; e pelas pessoas f\u00edsicas. <\/p>\n\n\n\n<p><em>Fonte: FecomercioSP<\/em><\/p>\n\n\n\n<p><strong>Leia tamb\u00e9m<\/strong><\/p>\n\n\n\n<ul class=\"wp-block-list\"><li><strong><a href=\"https:\/\/sincomavi.org.br\/e-social-suspenso-cronograma\/\" target=\"_blank\" rel=\"noreferrer noopener\">Importante: e-Social \u2013 suspenso cronograma<\/a><\/strong><br>08\/09\/2020<\/li><\/ul>\n\n\n<style>.wp-block-kadence-spacer.kt-block-spacer-_e415d8-be .kt-block-spacer{height:60px;}.wp-block-kadence-spacer.kt-block-spacer-_e415d8-be .kt-divider{border-top-width:1px;height:1px;border-top-color:#eee;width:80%;border-top-style:solid;}<\/style>\n<div class=\"wp-block-kadence-spacer aligncenter kt-block-spacer-_e415d8-be\"><div class=\"kt-block-spacer kt-block-spacer-halign-center\" style=\"height:60px\"><hr class=\"kt-divider\" style=\"border-top-color:rgba(238, 238, 238, 1);border-top-width:1px;width:80%;border-top-style:solid\"\/><\/div><\/div>\n","protected":false},"excerpt":{"rendered":"<p>No dia 24 de dezembro de 2019 foi publicada a Portaria n\u00ba 1.419, editada pela Secretaria de Previd\u00eancia e Trabalho, que disp\u00f5e sobre o cronograma de implanta\u00e7\u00e3o do Sistema de Escritura\u00e7\u00e3o Digital das Obriga\u00e7\u00f5es Fiscais, Previdenci\u00e1rias e Trabalhistas (eSocial). Os eventos que seriam obrigat\u00f3rios a partir de janeiro de 2020, eventos peri\u00f3dicos para o grupo [&hellip;]<\/p>\n","protected":false},"author":1,"featured_media":2013,"comment_status":"closed","ping_status":"open","sticky":false,"template":"","format":"standard","meta":{"tdm_status":"","tdm_grid_status":"","footnotes":""},"categories":[153],"tags":[112],"class_list":["post-2012","post","type-post","status-publish","format-standard","has-post-thumbnail","hentry","category-noticias","tag-esocial"],"amp_enabled":true,"_links":{"self":[{"href":"https:\/\/sincomavi.org.br\/index.php?rest_route=\/wp\/v2\/posts\/2012","targetHints":{"allow":["GET"]}}],"collection":[{"href":"https:\/\/sincomavi.org.br\/index.php?rest_route=\/wp\/v2\/posts"}],"about":[{"href":"https:\/\/sincomavi.org.br\/index.php?rest_route=\/wp\/v2\/types\/post"}],"author":[{"embeddable":true,"href":"https:\/\/sincomavi.org.br\/index.php?rest_route=\/wp\/v2\/users\/1"}],"replies":[{"embeddable":true,"href":"https:\/\/sincomavi.org.br\/index.php?rest_route=%2Fwp%2Fv2%2Fcomments&post=2012"}],"version-history":[{"count":2,"href":"https:\/\/sincomavi.org.br\/index.php?rest_route=\/wp\/v2\/posts\/2012\/revisions"}],"predecessor-version":[{"id":4918,"href":"https:\/\/sincomavi.org.br\/index.php?rest_route=\/wp\/v2\/posts\/2012\/revisions\/4918"}],"wp:featuredmedia":[{"embeddable":true,"href":"https:\/\/sincomavi.org.br\/index.php?rest_route=\/wp\/v2\/media\/2013"}],"wp:attachment":[{"href":"https:\/\/sincomavi.org.br\/index.php?rest_route=%2Fwp%2Fv2%2Fmedia&parent=2012"}],"wp:term":[{"taxonomy":"category","embeddable":true,"href":"https:\/\/sincomavi.org.br\/index.php?rest_route=%2Fwp%2Fv2%2Fcategories&post=2012"},{"taxonomy":"post_tag","embeddable":true,"href":"https:\/\/sincomavi.org.br\/index.php?rest_route=%2Fwp%2Fv2%2Ftags&post=2012"}],"curies":[{"name":"wp","href":"https:\/\/api.w.org\/{rel}","templated":true}]}}