{"id":1986,"date":"2019-12-16T06:36:00","date_gmt":"2019-12-16T08:36:00","guid":{"rendered":"https:\/\/sincomavi.org.br\/?p=1986"},"modified":"2019-12-16T09:41:43","modified_gmt":"2019-12-16T11:41:43","slug":"carta-de-conjuntura-dezembro-de-2019","status":"publish","type":"post","link":"https:\/\/sincomavi.org.br\/?p=1986","title":{"rendered":"Carta de Conjuntura  &#8211; dezembro de 2019"},"content":{"rendered":"\n<p>Esta \u00e9 a \u00faltima edi\u00e7\u00e3o de nossa carta\nde conjuntural em 2019. N\u00e3o foi um ano f\u00e1cil, por mais que fosse necess\u00e1rio\npara nossa economia tomar ritmo. Obviamente, quando se recorda que havia\nproje\u00e7\u00e3o do nosso PIB crescer 3%, e n\u00e3o chegaremos nem a metade deste\npercentual, h\u00e1 de se avaliar com frustra\u00e7\u00e3o. O mesmo ocorre quando observamos a\nquantidade de desempregados e desalentados que ainda existem em nossa\nsociedade. A realidade ainda \u00e9 desafiadora. Mas tivemos pontos de alento, e\nmuito significativos. <\/p>\n\n\n\n<p>A economia continuou a crescer. O\njuros b\u00e1sicos, medido por meio da Selic, est\u00e3o em seu menor n\u00edvel da hist\u00f3ria.\nA infla\u00e7\u00e3o segue controlada. H\u00e1 gera\u00e7\u00e3o de emprego com carteira assinada e ocorreu\na aprova\u00e7\u00e3o de uma reforma previdenci\u00e1ria que nos trar\u00e1 economia de mais de R$\n800 bilh\u00f5es ao longo dos pr\u00f3ximos anos. Recorde em bolsa de valores, avan\u00e7os em\nmedidas calcadas em liberdade econ\u00f4mica, redu\u00e7\u00e3o (ainda residual) dos gastos\np\u00fablicos, entre outros pontos de menor impacto que foram colocados em pauta. <\/p>\n\n\n\n<p>\u00c9 o suficiente? Nem de longe. Mas um\nbom caminho para possibilitar continuidade. \u00c9 preciso seguir reformando,\nprincipalmente a esfera administrativa e tribut\u00e1ria. \u00c9 necess\u00e1ria redu\u00e7\u00e3o maior\nde juros aos consumidores e empres\u00e1rios. \u00c9 vital a melhoria do ambiente de neg\u00f3cios\ne pol\u00edticas de apoio aos milh\u00f5es de novos empreendedores que surgiram com a\ncrise. E como se d\u00e1 continuidade a isso? Com compromisso e vontade pol\u00edtica.\nPara isso \u00e9 t\u00e3o importante a organiza\u00e7\u00e3o popular para apoios e rep\u00fadios, bem\ncomo proatividade das representa\u00e7\u00f5es das categorias para defesa dos interesses\nprivados e do seu aumento da produtividade. <\/p>\n\n\n\n<p>A despeito dos desejos deste\neconomista que vos escreve para que tenhamos um ano de 2020 melhor que o atual,\nprecisamos nos manter alertas para que nosso pa\u00eds continue trilhando melhorias\necon\u00f4micas e a busca por maior desenvolvimento. Temos de tomar cuidado com\nretrocessos, tanto quanto com exageros.&nbsp;\nTemos de pensar globalmente, mas agir localmente. Primar pelo bom senso,\npela democracia, pela liberdade, pelos debates e pela evolu\u00e7\u00e3o cont\u00ednua dos\nnossos neg\u00f3cios, do nosso or\u00e7amento, dos nossos investimentos e, por que n\u00e3o,\ndos nossos pr\u00f3prios sonhos. <\/p>\n\n\n\n<p>Feliz Natal e bons neg\u00f3cios em 2020!<\/p>\n\n\n\n<h2 class=\"wp-block-heading\">Com isso, nossas proje\u00e7\u00f5es ficam:<\/h2>\n\n\n\n<figure class=\"wp-block-table\"><table class=\"\"><tbody><tr><td><strong>Para 2019:<\/strong><\/td><td><strong>Para 2020:<\/strong><\/td><\/tr><tr><td>PIB: +1,1% (\u2191)<\/td><td>PIB: +2,5%<\/td><\/tr><tr><td>IPCA\/IBGE: 3,6% (\u2191)<\/td><td>IPCA\/IBGE: 3,5%    <\/td><\/tr><tr><td>SELIC: 4,5% (\u2194)    <\/td><td>SELIC: 4,5%<\/td><\/tr><tr><td>Taxa de C\u00e2mbio: 4,15 (\u2191)<\/td><td>Taxa de C\u00e2mbio: 4,10<\/td><\/tr><tr><td>Balan\u00e7a comercial: + US$ 50 bi (\u2194)<\/td><td>Balan\u00e7a comercial: US$ 45 bi<\/td><\/tr><tr><td>Vendas do varejo: +4,0% (\u2191)    <\/td><td>Vendas do varejo: +5,0%<\/td><\/tr><tr><td>Volume dos servi\u00e7os: +1,5% (\u2194)<\/td><td>Volume dos servi\u00e7os: +2,5%<\/td><\/tr><\/tbody><\/table><\/figure>\n\n\n\n<p><strong><em>Por Jaime Vasconcellos, economista.<\/em><\/strong><\/p>\n","protected":false},"excerpt":{"rendered":"<p>Esta \u00e9 a \u00faltima edi\u00e7\u00e3o de nossa carta de conjuntural em 2019. N\u00e3o foi um ano f\u00e1cil, por mais que fosse necess\u00e1rio para nossa economia tomar ritmo. Obviamente, quando se recorda que havia proje\u00e7\u00e3o do nosso PIB crescer 3%, e n\u00e3o chegaremos nem a metade deste percentual, h\u00e1 de se avaliar com frustra\u00e7\u00e3o. O mesmo [&hellip;]<\/p>\n","protected":false},"author":1,"featured_media":1987,"comment_status":"closed","ping_status":"open","sticky":false,"template":"","format":"standard","meta":{"tdm_status":"","tdm_grid_status":"","footnotes":""},"categories":[153],"tags":[273,202,203,200,75,276],"class_list":["post-1986","post","type-post","status-publish","format-standard","has-post-thumbnail","hentry","category-noticias","tag-ipca","tag-pib","tag-selic","tag-varejo","tag-vendas","tag-volume-de-servicos"],"amp_enabled":true,"_links":{"self":[{"href":"https:\/\/sincomavi.org.br\/index.php?rest_route=\/wp\/v2\/posts\/1986","targetHints":{"allow":["GET"]}}],"collection":[{"href":"https:\/\/sincomavi.org.br\/index.php?rest_route=\/wp\/v2\/posts"}],"about":[{"href":"https:\/\/sincomavi.org.br\/index.php?rest_route=\/wp\/v2\/types\/post"}],"author":[{"embeddable":true,"href":"https:\/\/sincomavi.org.br\/index.php?rest_route=\/wp\/v2\/users\/1"}],"replies":[{"embeddable":true,"href":"https:\/\/sincomavi.org.br\/index.php?rest_route=%2Fwp%2Fv2%2Fcomments&post=1986"}],"version-history":[{"count":1,"href":"https:\/\/sincomavi.org.br\/index.php?rest_route=\/wp\/v2\/posts\/1986\/revisions"}],"predecessor-version":[{"id":1988,"href":"https:\/\/sincomavi.org.br\/index.php?rest_route=\/wp\/v2\/posts\/1986\/revisions\/1988"}],"wp:featuredmedia":[{"embeddable":true,"href":"https:\/\/sincomavi.org.br\/index.php?rest_route=\/wp\/v2\/media\/1987"}],"wp:attachment":[{"href":"https:\/\/sincomavi.org.br\/index.php?rest_route=%2Fwp%2Fv2%2Fmedia&parent=1986"}],"wp:term":[{"taxonomy":"category","embeddable":true,"href":"https:\/\/sincomavi.org.br\/index.php?rest_route=%2Fwp%2Fv2%2Fcategories&post=1986"},{"taxonomy":"post_tag","embeddable":true,"href":"https:\/\/sincomavi.org.br\/index.php?rest_route=%2Fwp%2Fv2%2Ftags&post=1986"}],"curies":[{"name":"wp","href":"https:\/\/api.w.org\/{rel}","templated":true}]}}