{"id":1964,"date":"2019-12-12T17:07:18","date_gmt":"2019-12-12T19:07:18","guid":{"rendered":"https:\/\/sincomavi.org.br\/?p=1964"},"modified":"2019-12-12T17:07:19","modified_gmt":"2019-12-12T19:07:19","slug":"cintec-entra-em-recesso-mas-mantem-atendimento","status":"publish","type":"post","link":"https:\/\/sincomavi.org.br\/?p=1964","title":{"rendered":"Cintec entra em recesso, mas mant\u00e9m atendimento"},"content":{"rendered":"\n<p> O\u00a0Cintec\u00a0&#8211; N\u00facleo de Concilia\u00e7\u00e3o Trabalhista do Com\u00e9rcio de S\u00e3o Paulo informa que entrar\u00e1 em recesso entre os dias 23 de dezembro de 2019 e 05 de janeiro de 2020. No entanto, o atendimento, agendamento e recep\u00e7\u00e3o de documentos, continuar\u00e1 sendo realizado por meio dos telefones (11) 96337-8383 e (11) 9459-3000 ou pelo e-mail\u00a0cintec@conciliarsolucoes.com.br.\u00a0 <\/p>\n","protected":false},"excerpt":{"rendered":"<p>O\u00a0Cintec\u00a0&#8211; N\u00facleo de Concilia\u00e7\u00e3o Trabalhista do Com\u00e9rcio de S\u00e3o Paulo informa que entrar\u00e1 em recesso entre os dias 23 de dezembro de 2019 e 05 de janeiro de 2020. No entanto, o atendimento, agendamento e recep\u00e7\u00e3o de documentos, continuar\u00e1 sendo realizado por meio dos telefones (11) 96337-8383 e (11) 9459-3000 ou pelo e-mail\u00a0cintec@conciliarsolucoes.com.br.\u00a0<\/p>\n","protected":false},"author":1,"featured_media":1965,"comment_status":"closed","ping_status":"open","sticky":false,"template":"","format":"standard","meta":{"tdm_status":"","tdm_grid_status":"","footnotes":""},"categories":[153],"tags":[246],"class_list":["post-1964","post","type-post","status-publish","format-standard","has-post-thumbnail","hentry","category-noticias","tag-cintec-sp"],"amp_enabled":true,"_links":{"self":[{"href":"https:\/\/sincomavi.org.br\/index.php?rest_route=\/wp\/v2\/posts\/1964","targetHints":{"allow":["GET"]}}],"collection":[{"href":"https:\/\/sincomavi.org.br\/index.php?rest_route=\/wp\/v2\/posts"}],"about":[{"href":"https:\/\/sincomavi.org.br\/index.php?rest_route=\/wp\/v2\/types\/post"}],"author":[{"embeddable":true,"href":"https:\/\/sincomavi.org.br\/index.php?rest_route=\/wp\/v2\/users\/1"}],"replies":[{"embeddable":true,"href":"https:\/\/sincomavi.org.br\/index.php?rest_route=%2Fwp%2Fv2%2Fcomments&post=1964"}],"version-history":[{"count":1,"href":"https:\/\/sincomavi.org.br\/index.php?rest_route=\/wp\/v2\/posts\/1964\/revisions"}],"predecessor-version":[{"id":1966,"href":"https:\/\/sincomavi.org.br\/index.php?rest_route=\/wp\/v2\/posts\/1964\/revisions\/1966"}],"wp:featuredmedia":[{"embeddable":true,"href":"https:\/\/sincomavi.org.br\/index.php?rest_route=\/wp\/v2\/media\/1965"}],"wp:attachment":[{"href":"https:\/\/sincomavi.org.br\/index.php?rest_route=%2Fwp%2Fv2%2Fmedia&parent=1964"}],"wp:term":[{"taxonomy":"category","embeddable":true,"href":"https:\/\/sincomavi.org.br\/index.php?rest_route=%2Fwp%2Fv2%2Fcategories&post=1964"},{"taxonomy":"post_tag","embeddable":true,"href":"https:\/\/sincomavi.org.br\/index.php?rest_route=%2Fwp%2Fv2%2Ftags&post=1964"}],"curies":[{"name":"wp","href":"https:\/\/api.w.org\/{rel}","templated":true}]}}