{"id":1958,"date":"2019-12-12T12:06:31","date_gmt":"2019-12-12T14:06:31","guid":{"rendered":"https:\/\/sincomavi.org.br\/?p=1958"},"modified":"2019-12-12T12:06:33","modified_gmt":"2019-12-12T14:06:33","slug":"populacao-com-mais-de-65-anos-aumenta-consumo","status":"publish","type":"post","link":"https:\/\/sincomavi.org.br\/?p=1958","title":{"rendered":"Popula\u00e7\u00e3o com mais de 65 anos aumenta consumo"},"content":{"rendered":"\n<p>Estudo realizado pela Kantar, Consumer Insights, mostra que os brasileiros com idade superior a 65 anos elevou o consumo de <a rel=\"noreferrer noopener\" aria-label=\"bens massivos (abre numa nova aba)\" href=\"https:\/\/blog.bluesoft.com.br\/fmcgs-fast-moving-consumer-goods-papo-express\/\" target=\"_blank\"><strong>bens massivos<\/strong><\/a>. Nos \u00faltimos doze meses, finalizados em setembro deste ano, esse grupo contou com um crescimento de 7% nas compras. A gera\u00e7\u00e3o \u201cBoomers\u201d, entre 50 e 64 anos, tamb\u00e9m teve desempenho favor\u00e1vel, com aumento de 4,9%. Enquanto isso, <a rel=\"noreferrer noopener\" aria-label=\"Millennials  (abre numa nova aba)\" href=\"https:\/\/sincomavi.org.br\/o-jovem-atual-e-menos-hedonista-que-outras-geracoes\/\" target=\"_blank\"><strong>Millennials <\/strong><\/a>(at\u00e9 34 anos) e Gera\u00e7\u00e3o X (35 a 49 anos) apresentaram estabilidade nos \u00edndices de consumo.<\/p>\n\n\n\n<div class=\"wp-block-image\"><figure class=\"aligncenter size-large\"><img loading=\"lazy\" decoding=\"async\" width=\"567\" height=\"316\" src=\"https:\/\/sincomavi.org.br\/wp-content\/uploads\/2019\/12\/kantar1.png\" alt=\"Aumento de 6,9% no consumo.\n\" class=\"wp-image-1959\" srcset=\"https:\/\/sincomavi.org.br\/wp-content\/uploads\/2019\/12\/kantar1.png 567w, https:\/\/sincomavi.org.br\/wp-content\/uploads\/2019\/12\/kantar1-300x167.png 300w\" sizes=\"auto, (max-width: 567px) 100vw, 567px\" \/><\/figure><\/div>\n\n\n\n<p>Atualmente, as pessoas com mais de 65 anos representam 17% da popula\u00e7\u00e3o nacional e s\u00e3o respons\u00e1veis por 16% dos gastos com consumo de bens massivos (FMCG). O Brasil possui 9 milh\u00f5es de lares idosos, com renda m\u00e9dia de R$ 3,4 mil, valor 9% maior do que a m\u00e9dia nacional, e 29% fazem parte da classe AB. Em fam\u00edlias menores, 64% moram sozinhos ou, no m\u00e1ximo, acompanhados de mais uma pessoa. Al\u00e9m disso, 98% n\u00e3o trabalham fora, 63% n\u00e3o vivem com os filhos, 90% t\u00eam celular e 45% acessam internet.<\/p>\n\n\n\n<h2 class=\"wp-block-heading\">Mais de 65 anos: h\u00e1bitos diferentes<\/h2>\n\n\n\n<p>O levantamento da Kantar revela ainda que essa faixa de consumo conta com\npreocupa\u00e7\u00f5es espec\u00edficas e o h\u00e1bito de pesquisar muito. Existe o costume de\nvisitar os pontos de venda 88 vezes em 12 meses, sete idas a mais do que a\nm\u00e9dia da popula\u00e7\u00e3o. O cart\u00e3o de cr\u00e9dito \u00e9 a forma de pagamento de 65% das compras\nde FMCG e 68% verificam a data de validade nas embalagens.<\/p>\n\n\n\n<div class=\"wp-block-image\"><figure class=\"aligncenter size-large\"><img loading=\"lazy\" decoding=\"async\" width=\"567\" height=\"314\" src=\"https:\/\/sincomavi.org.br\/wp-content\/uploads\/2019\/12\/kantar2.png\" alt=\"S\u00e3o mais de 9 milh\u00f5es de brasileiros com idade superior a 65 anos.\" class=\"wp-image-1960\" srcset=\"https:\/\/sincomavi.org.br\/wp-content\/uploads\/2019\/12\/kantar2.png 567w, https:\/\/sincomavi.org.br\/wp-content\/uploads\/2019\/12\/kantar2-300x166.png 300w\" sizes=\"auto, (max-width: 567px) 100vw, 567px\" \/><\/figure><\/div>\n\n\n\n<p>Para Giovanna Fischer, diretor de\nMarketing e Insights da Kantar, os lojistas precisam ter aten\u00e7\u00e3o aos detalhes na\napresenta\u00e7\u00e3o dos produtos com informa\u00e7\u00f5es acess\u00edveis e letras maiores. \u201cEste\ngrupo busca itens que ofere\u00e7am saudabilidade e sejam de marcas que se\ncomuniquem de maneira apropriada\u201d, avalia. <\/p>\n\n\n\n<p>Segundo o estudo, quase 30% da popula\u00e7\u00e3o s\u00eanior est\u00e1 no estado de S\u00e3o Paulo, principalmente na capital. A concentra\u00e7\u00e3o segue com 17% vivendo nos estados do Sul. A regi\u00e3o da Grande Rio de Janeiro \u00e9 casa de 9% dos brasileiros acima de 65 anos e, apesar de estes lares terem renda m\u00e9dia maior, s\u00e3o os mais endividados.<\/p>\n\n\n\n<div class=\"wp-block-image\"><figure class=\"aligncenter size-large\"><img loading=\"lazy\" decoding=\"async\" width=\"567\" height=\"316\" src=\"https:\/\/sincomavi.org.br\/wp-content\/uploads\/2019\/12\/kantar3.png\" alt=\"A maior concentra\u00e7\u00e3o est\u00e1 na capital paulista.\" class=\"wp-image-1961\" srcset=\"https:\/\/sincomavi.org.br\/wp-content\/uploads\/2019\/12\/kantar3.png 567w, https:\/\/sincomavi.org.br\/wp-content\/uploads\/2019\/12\/kantar3-300x167.png 300w\" sizes=\"auto, (max-width: 567px) 100vw, 567px\" \/><\/figure><\/div>\n","protected":false},"excerpt":{"rendered":"<p>Estudo realizado pela Kantar, Consumer Insights, mostra que os brasileiros com idade superior a 65 anos elevou o consumo de bens massivos. Nos \u00faltimos doze meses, finalizados em setembro deste ano, esse grupo contou com um crescimento de 7% nas compras. A gera\u00e7\u00e3o \u201cBoomers\u201d, entre 50 e 64 anos, tamb\u00e9m teve desempenho favor\u00e1vel, com aumento [&hellip;]<\/p>\n","protected":false},"author":1,"featured_media":1962,"comment_status":"closed","ping_status":"open","sticky":false,"template":"","format":"standard","meta":{"tdm_status":"","tdm_grid_status":"","footnotes":""},"categories":[153],"tags":[323,324,225,326,322,325],"class_list":["post-1958","post","type-post","status-publish","format-standard","has-post-thumbnail","hentry","category-noticias","tag-65-anos","tag-boomers","tag-consumo","tag-geracao-x","tag-habitos","tag-millennials"],"amp_enabled":true,"_links":{"self":[{"href":"https:\/\/sincomavi.org.br\/index.php?rest_route=\/wp\/v2\/posts\/1958","targetHints":{"allow":["GET"]}}],"collection":[{"href":"https:\/\/sincomavi.org.br\/index.php?rest_route=\/wp\/v2\/posts"}],"about":[{"href":"https:\/\/sincomavi.org.br\/index.php?rest_route=\/wp\/v2\/types\/post"}],"author":[{"embeddable":true,"href":"https:\/\/sincomavi.org.br\/index.php?rest_route=\/wp\/v2\/users\/1"}],"replies":[{"embeddable":true,"href":"https:\/\/sincomavi.org.br\/index.php?rest_route=%2Fwp%2Fv2%2Fcomments&post=1958"}],"version-history":[{"count":1,"href":"https:\/\/sincomavi.org.br\/index.php?rest_route=\/wp\/v2\/posts\/1958\/revisions"}],"predecessor-version":[{"id":1963,"href":"https:\/\/sincomavi.org.br\/index.php?rest_route=\/wp\/v2\/posts\/1958\/revisions\/1963"}],"wp:featuredmedia":[{"embeddable":true,"href":"https:\/\/sincomavi.org.br\/index.php?rest_route=\/wp\/v2\/media\/1962"}],"wp:attachment":[{"href":"https:\/\/sincomavi.org.br\/index.php?rest_route=%2Fwp%2Fv2%2Fmedia&parent=1958"}],"wp:term":[{"taxonomy":"category","embeddable":true,"href":"https:\/\/sincomavi.org.br\/index.php?rest_route=%2Fwp%2Fv2%2Fcategories&post=1958"},{"taxonomy":"post_tag","embeddable":true,"href":"https:\/\/sincomavi.org.br\/index.php?rest_route=%2Fwp%2Fv2%2Ftags&post=1958"}],"curies":[{"name":"wp","href":"https:\/\/api.w.org\/{rel}","templated":true}]}}