{"id":1873,"date":"2019-12-02T09:57:27","date_gmt":"2019-12-02T11:57:27","guid":{"rendered":"https:\/\/sincomavi.org.br\/?p=1873"},"modified":"2019-12-02T09:57:28","modified_gmt":"2019-12-02T11:57:28","slug":"mercado-de-trabalho-do-varejo-de-matcons-fica-estavel","status":"publish","type":"post","link":"https:\/\/sincomavi.org.br\/?p=1873","title":{"rendered":"Mercado de trabalho do varejo de matcons fica est\u00e1vel"},"content":{"rendered":"\n<p>O saldo negativo obtido pelo mercado de trabalho do varejo de material de constru\u00e7\u00e3o (matcons) da Regi\u00e3o Metropolitana de S\u00e3o Paulo (RMSP), em outubro, com o corte de 12 vagas, interrompeu tr\u00eas meses consecutivos de desempenhos favor\u00e1veis do setor. Em outubro foram realizadas 2.397 admiss\u00f5es e 2409 desligamentos, o que denota estabilidade. Para o economista Jaime Vasconcellos, ainda que sinais inversos, este resultado \u00e9 similar ao aferido no mesmo m\u00eas do ano passado, quando houve acr\u00e9scimo de tr\u00eas vagas no mercado de trabalho citado.<\/p>\n\n\n\n<h4 class=\"has-text-align-center wp-block-heading\"><strong>Gera\u00e7\u00e3o de v\u00ednculos no varejo de materiais de constru\u00e7\u00e3o da RMSP \u2013 13 meses<\/strong><\/h4>\n\n\n\n<div class=\"wp-block-image\"><figure class=\"aligncenter size-large\"><img loading=\"lazy\" decoding=\"async\" width=\"481\" height=\"289\" src=\"https:\/\/sincomavi.org.br\/wp-content\/uploads\/2019\/12\/empr1.png\" alt=\"Tabela Gera\u00e7\u00e3o de v\u00ednculos no varejo de materiais de\" class=\"wp-image-1874\" srcset=\"https:\/\/sincomavi.org.br\/wp-content\/uploads\/2019\/12\/empr1.png 481w, https:\/\/sincomavi.org.br\/wp-content\/uploads\/2019\/12\/empr1-300x180.png 300w\" sizes=\"auto, (max-width: 481px) 100vw, 481px\" \/><figcaption>Fonte: Caged<\/figcaption><\/figure><\/div>\n\n\n\n<p>Os dados acumulados dos primeiros dez meses de 2019 mostram\numa evolu\u00e7\u00e3o de 1,6 mil vagas formais no varejo de materiais de constru\u00e7\u00e3o da\nRMSP. Os destaques est\u00e3o nas lojas varejistas de ferragens, madeira e materiais\nde constru\u00e7\u00e3o, com +1.395 empregos formais. Em doze meses, de novembro de 2018\na outubro de 2019 h\u00e1 gera\u00e7\u00e3o de pouco mais de 1 mil vagas, com destaque para a\nmesma atividade. <\/p>\n\n\n\n<h4 class=\"has-text-align-center wp-block-heading\"><strong>Saldo do emprego com carteira assinada <\/strong><\/h4>\n\n\n\n<div class=\"wp-block-image\"><figure class=\"aligncenter size-large\"><img loading=\"lazy\" decoding=\"async\" width=\"351\" height=\"121\" src=\"https:\/\/sincomavi.org.br\/wp-content\/uploads\/2019\/12\/empr2.png\" alt=\"Tabela Saldo do emprego com carteira assinada \" class=\"wp-image-1875\" srcset=\"https:\/\/sincomavi.org.br\/wp-content\/uploads\/2019\/12\/empr2.png 351w, https:\/\/sincomavi.org.br\/wp-content\/uploads\/2019\/12\/empr2-300x103.png 300w\" sizes=\"auto, (max-width: 351px) 100vw, 351px\" \/><figcaption>* At\u00e9 outubro<\/figcaption><\/figure><\/div>\n\n\n\n<p>\u201cO arrefecimento recente do mercado de trabalho do varejo de tintas, vidros e materiais de constru\u00e7\u00e3o da RMSP em outubro era esperado\u201d, comenta Jaime. Isso porque o \u00faltimo trimestre \u00e9 marcado por um desempenho que oscila em estabilidade e enxugamento do quadro funcional destes setores. \u201cOcorre n\u00e3o apenas t\u00e9rmino de contratos de trabalho com prazo determinado, mas a tend\u00eancia de um direcionamento da demanda para bens de consumo n\u00e3o dur\u00e1veis, puxados pelos aliment\u00edcios, vestu\u00e1rio, cal\u00e7ados e acess\u00f3rios\u201d. \u00c9 um impacto da conhecida sazonalidade natalina. \u201cA despeito deste cen\u00e1rio, n\u00e3o se extingue a an\u00e1lise do bom ano que estamos vivenciando\u201d, finaliza.<\/p>\n\n\n\n<hr class=\"wp-block-separator\"\/>\n\n\n\n<p> Fa\u00e7a hoje mesmo sua inscri\u00e7\u00e3o para a <strong><a rel=\"noreferrer noopener\" href=\"https:\/\/sincomavi.org.br\/palestra-2020-e-a-economia-brasileira-foco-no-varejo-04-02-2020\/\" target=\"_blank\">palestra \u201c2020 e a economia brasileira \u2013 Foco no varejo\u201d<\/a><\/strong>, com o economista Jaime Vasconcelos. O evento ser\u00e1 realizado em 04 de fevereiro, com ingresso solid\u00e1rio, na sede do Sincomavi. <\/p>\n","protected":false},"excerpt":{"rendered":"<p>O saldo negativo obtido pelo mercado de trabalho do varejo de material de constru\u00e7\u00e3o (matcons) da Regi\u00e3o Metropolitana de S\u00e3o Paulo (RMSP), em outubro, com o corte de 12 vagas, interrompeu tr\u00eas meses consecutivos de desempenhos favor\u00e1veis do setor. Em outubro foram realizadas 2.397 admiss\u00f5es e 2409 desligamentos, o que denota estabilidade. Para o economista [&hellip;]<\/p>\n","protected":false},"author":1,"featured_media":1877,"comment_status":"closed","ping_status":"open","sticky":false,"template":"","format":"standard","meta":{"tdm_status":"","tdm_grid_status":"","footnotes":""},"categories":[153],"tags":[53,200],"class_list":["post-1873","post","type-post","status-publish","format-standard","has-post-thumbnail","hentry","category-noticias","tag-emprego","tag-varejo"],"amp_enabled":true,"_links":{"self":[{"href":"https:\/\/sincomavi.org.br\/index.php?rest_route=\/wp\/v2\/posts\/1873","targetHints":{"allow":["GET"]}}],"collection":[{"href":"https:\/\/sincomavi.org.br\/index.php?rest_route=\/wp\/v2\/posts"}],"about":[{"href":"https:\/\/sincomavi.org.br\/index.php?rest_route=\/wp\/v2\/types\/post"}],"author":[{"embeddable":true,"href":"https:\/\/sincomavi.org.br\/index.php?rest_route=\/wp\/v2\/users\/1"}],"replies":[{"embeddable":true,"href":"https:\/\/sincomavi.org.br\/index.php?rest_route=%2Fwp%2Fv2%2Fcomments&post=1873"}],"version-history":[{"count":2,"href":"https:\/\/sincomavi.org.br\/index.php?rest_route=\/wp\/v2\/posts\/1873\/revisions"}],"predecessor-version":[{"id":1878,"href":"https:\/\/sincomavi.org.br\/index.php?rest_route=\/wp\/v2\/posts\/1873\/revisions\/1878"}],"wp:featuredmedia":[{"embeddable":true,"href":"https:\/\/sincomavi.org.br\/index.php?rest_route=\/wp\/v2\/media\/1877"}],"wp:attachment":[{"href":"https:\/\/sincomavi.org.br\/index.php?rest_route=%2Fwp%2Fv2%2Fmedia&parent=1873"}],"wp:term":[{"taxonomy":"category","embeddable":true,"href":"https:\/\/sincomavi.org.br\/index.php?rest_route=%2Fwp%2Fv2%2Fcategories&post=1873"},{"taxonomy":"post_tag","embeddable":true,"href":"https:\/\/sincomavi.org.br\/index.php?rest_route=%2Fwp%2Fv2%2Ftags&post=1873"}],"curies":[{"name":"wp","href":"https:\/\/api.w.org\/{rel}","templated":true}]}}