{"id":17036,"date":"2026-08-31T16:36:02","date_gmt":"2026-08-31T19:36:02","guid":{"rendered":"https:\/\/sincomavi.org.br\/?p=17036"},"modified":"2026-08-31T16:36:03","modified_gmt":"2026-08-31T19:36:03","slug":"arquitetura-comercial-ganha-abordagem-pratica-em-novo-livro","status":"publish","type":"post","link":"https:\/\/sincomavi.org.br\/?p=17036","title":{"rendered":"Arquitetura comercial ganha abordagem pr\u00e1tica em novo livro"},"content":{"rendered":"\n<hr class=\"wp-block-separator has-alpha-channel-opacity\"\/>\n\n\n<div class=\"wp-block-post-date\"><time datetime=\"2026-08-31T19:26:34.482Z\">31 de agosto de 2026<\/time><\/div>\n\n\n<p class=\"wp-block-paragraph\">A rela\u00e7\u00e3o entre o planejamento dos espa\u00e7os f\u00edsicos e o desempenho dos neg\u00f3cios \u00e9 tema do livro \u201cArquitetura que Vende: Espa\u00e7os que Aumentam Vendas e Fortalecem Marcas\u201d, lan\u00e7ado em 27 de agosto de 2026. A publica\u00e7\u00e3o aborda estrat\u00e9gias de arquitetura comercial voltadas ao comportamento do consumidor, \u00e0 experi\u00eancia de compra e aos resultados das empresas. Escrito por Bianca Murotani, Graciane Santos, Jos\u00e9 Fugice e Julia Menin, o livro re\u00fane experi\u00eancias desenvolvidas em projetos para centenas de marcas nacionais e internacionais. A proposta \u00e9 apresentar uma vis\u00e3o pr\u00e1tica sobre a utiliza\u00e7\u00e3o dos ambientes de lojas, restaurantes, escrit\u00f3rios, franquias e outras opera\u00e7\u00f5es de varejo.<\/p>\n\n\n\n<p class=\"wp-block-paragraph\">Ao longo dos cap\u00edtulos, os autores tratam da integra\u00e7\u00e3o entre arquitetura, visual merchandising, comunica\u00e7\u00e3o visual e branding. Entre os assuntos abordados est\u00e3o a influ\u00eancia do ambiente sobre o comportamento de compra, o aproveitamento do espa\u00e7o f\u00edsico, a experi\u00eancia do cliente e o desenvolvimento de projetos para franquias e redes em expans\u00e3o. A publica\u00e7\u00e3o tamb\u00e9m apresenta casos de empresas e discute como decis\u00f5es relacionadas ao ambiente comercial podem contribuir para o posicionamento das marcas e para a efici\u00eancia das opera\u00e7\u00f5es.<\/p>\n\n\n\n<h2 class=\"wp-block-heading\">Conte\u00fado voltado ao varejo<\/h2>\n\n\n\n<p class=\"wp-block-paragraph\">Com 287 p\u00e1ginas, \u201cArquitetura que Vende\u201d \u00e9 direcionado a empres\u00e1rios, arquitetos, designers, profissionais do varejo, gestores de franquias, investidores e respons\u00e1veis pelo desenvolvimento e expans\u00e3o de marcas.<\/p>\n\n\n\n<p class=\"wp-block-paragraph\">A obrar obra tem como tema centrais os princ\u00edpios de visual merchandising aplicados ao com\u00e9rcio, estrat\u00e9gias para cria\u00e7\u00e3o de lojas mais eficientes, experi\u00eancia do consumidor e utiliza\u00e7\u00e3o dos ambientes f\u00edsicos como parte da estrat\u00e9gia empresarial.<\/p>\n\n\n\n<h2 class=\"wp-block-heading\">Servi\u00e7o<\/h2>\n\n\n<style>.kb-image17036_0d3438-c2.kb-image-is-ratio-size, .kb-image17036_0d3438-c2 .kb-image-is-ratio-size{max-width:106px;width:100%;}.wp-block-kadence-column > .kt-inside-inner-col > .kb-image17036_0d3438-c2.kb-image-is-ratio-size, .wp-block-kadence-column > .kt-inside-inner-col > .kb-image17036_0d3438-c2 .kb-image-is-ratio-size{align-self:unset;}.kb-image17036_0d3438-c2 figure{max-width:106px;}.kb-image17036_0d3438-c2 .image-is-svg, .kb-image17036_0d3438-c2 .image-is-svg img{width:100%;}.kb-image17036_0d3438-c2 .kb-image-has-overlay:after{opacity:0.3;}<\/style>\n<div class=\"wp-block-kadence-image kb-image17036_0d3438-c2\"><figure class=\"alignleft size-large\"><img loading=\"lazy\" decoding=\"async\" width=\"644\" height=\"1024\" src=\"https:\/\/sincomavi.org.br\/wp-content\/uploads\/2026\/08\/717h3-LHgL._SL1500_-644x1024.jpg\" alt=\"\" class=\"kb-img wp-image-17038\" srcset=\"https:\/\/sincomavi.org.br\/wp-content\/uploads\/2026\/08\/717h3-LHgL._SL1500_-644x1024.jpg 644w, https:\/\/sincomavi.org.br\/wp-content\/uploads\/2026\/08\/717h3-LHgL._SL1500_-189x300.jpg 189w, https:\/\/sincomavi.org.br\/wp-content\/uploads\/2026\/08\/717h3-LHgL._SL1500_-768x1222.jpg 768w, https:\/\/sincomavi.org.br\/wp-content\/uploads\/2026\/08\/717h3-LHgL._SL1500_-264x420.jpg 264w, https:\/\/sincomavi.org.br\/wp-content\/uploads\/2026\/08\/717h3-LHgL._SL1500_-640x1018.jpg 640w, https:\/\/sincomavi.org.br\/wp-content\/uploads\/2026\/08\/717h3-LHgL._SL1500_-681x1083.jpg 681w, https:\/\/sincomavi.org.br\/wp-content\/uploads\/2026\/08\/717h3-LHgL._SL1500_.jpg 943w\" sizes=\"auto, (max-width: 644px) 100vw, 644px\" \/><\/figure><\/div>\n\n\n\n<p class=\"wp-block-paragraph\"><strong>Arquitetura que Vende: Espa\u00e7os que Aumentam Vendas e Fortalecem Marcas<\/strong><br><strong>Autores: <\/strong>Bianca Murotani, Graciane Santos, Jos\u00e9 Fugice e Julia Menin<br><strong>Editora:<\/strong> Ecossistema Goakira<br><strong>Formato: <\/strong>eBook Kindle<br><strong>P\u00e1ginas:<\/strong> 287<br><strong>Pre\u00e7o informado:<\/strong> R$ 51,48<br><strong>Onde comprar:<\/strong> <strong><a href=\"https:\/\/www.amazon.com.br\/dp\/B0GX2YDC6C\">clique aqui<\/a><\/strong><\/p>\n\n\n\n<hr class=\"wp-block-separator has-alpha-channel-opacity\"\/>\n\n\n\n<p class=\"wp-block-paragraph\"><\/p>\n","protected":false},"excerpt":{"rendered":"<p>A rela\u00e7\u00e3o entre o planejamento dos espa\u00e7os f\u00edsicos e o desempenho dos neg\u00f3cios \u00e9 tema do livro \u201cArquitetura que Vende: Espa\u00e7os que Aumentam Vendas e Fortalecem Marcas\u201d, lan\u00e7ado em 27 de agosto de 2026. A publica\u00e7\u00e3o aborda estrat\u00e9gias de arquitetura comercial voltadas ao comportamento do consumidor, \u00e0 experi\u00eancia de compra e aos resultados das empresas. [&hellip;]<\/p>\n","protected":false},"author":1,"featured_media":17040,"comment_status":"closed","ping_status":"open","sticky":false,"template":"","format":"standard","meta":{"tdm_status":"","tdm_grid_status":"","footnotes":""},"categories":[153],"tags":[1846,1745,199,962,1329,1034,200,75],"class_list":["post-17036","post","type-post","status-publish","format-standard","has-post-thumbnail","hentry","category-noticias","tag-ambiente-de-loja","tag-arquitetura","tag-comercio","tag-experiencia-do-consumidor","tag-livro","tag-merchandising","tag-varejo","tag-vendas"],"amp_enabled":true,"_links":{"self":[{"href":"https:\/\/sincomavi.org.br\/index.php?rest_route=\/wp\/v2\/posts\/17036","targetHints":{"allow":["GET"]}}],"collection":[{"href":"https:\/\/sincomavi.org.br\/index.php?rest_route=\/wp\/v2\/posts"}],"about":[{"href":"https:\/\/sincomavi.org.br\/index.php?rest_route=\/wp\/v2\/types\/post"}],"author":[{"embeddable":true,"href":"https:\/\/sincomavi.org.br\/index.php?rest_route=\/wp\/v2\/users\/1"}],"replies":[{"embeddable":true,"href":"https:\/\/sincomavi.org.br\/index.php?rest_route=%2Fwp%2Fv2%2Fcomments&post=17036"}],"version-history":[{"count":1,"href":"https:\/\/sincomavi.org.br\/index.php?rest_route=\/wp\/v2\/posts\/17036\/revisions"}],"predecessor-version":[{"id":17039,"href":"https:\/\/sincomavi.org.br\/index.php?rest_route=\/wp\/v2\/posts\/17036\/revisions\/17039"}],"wp:featuredmedia":[{"embeddable":true,"href":"https:\/\/sincomavi.org.br\/index.php?rest_route=\/wp\/v2\/media\/17040"}],"wp:attachment":[{"href":"https:\/\/sincomavi.org.br\/index.php?rest_route=%2Fwp%2Fv2%2Fmedia&parent=17036"}],"wp:term":[{"taxonomy":"category","embeddable":true,"href":"https:\/\/sincomavi.org.br\/index.php?rest_route=%2Fwp%2Fv2%2Fcategories&post=17036"},{"taxonomy":"post_tag","embeddable":true,"href":"https:\/\/sincomavi.org.br\/index.php?rest_route=%2Fwp%2Fv2%2Ftags&post=17036"}],"curies":[{"name":"wp","href":"https:\/\/api.w.org\/{rel}","templated":true}]}}