{"id":17030,"date":"2026-08-31T09:55:00","date_gmt":"2026-08-31T12:55:00","guid":{"rendered":"https:\/\/sincomavi.org.br\/?p=17030"},"modified":"2026-08-31T08:59:07","modified_gmt":"2026-08-31T11:59:07","slug":"confianca-empresarial-recua-pelo-segundo-mes-consecutivo","status":"publish","type":"post","link":"https:\/\/sincomavi.org.br\/?p=17030","title":{"rendered":"Confian\u00e7a empresarial recua pelo segundo m\u00eas consecutivo"},"content":{"rendered":"\n<hr class=\"wp-block-separator has-alpha-channel-opacity\"\/>\n\n\n<div class=\"wp-block-post-date\"><time datetime=\"2026-08-31T11:55:27.016Z\">31 de agosto de 2026<\/time><\/div>\n\n\n<p class=\"wp-block-paragraph\">O \u00cdndice de Confian\u00e7a Empresarial (ICE), calculado pelo Instituto Brasileiro de Economia da Funda\u00e7\u00e3o Getulio Vargas (FGV IBRE), caiu 0,5 ponto em agosto e chegou a 91,1 pontos. Foi a segunda retra\u00e7\u00e3o mensal consecutiva do indicador. Na m\u00e9dia m\u00f3vel trimestral, houve queda de 0,2 ponto, marcando o in\u00edcio de uma tend\u00eancia declinante pela primeira vez desde novembro de 2025.<\/p>\n\n\n\n<p class=\"wp-block-paragraph\">O resultado foi acompanhado pela piora das avalia\u00e7\u00f5es sobre o momento atual e das expectativas para os pr\u00f3ximos meses. Entre os quatro grandes setores pesquisados, tr\u00eas registraram retra\u00e7\u00e3o, enquanto Servi\u00e7os apresentou recupera\u00e7\u00e3o parcial ap\u00f3s a forte queda observada no m\u00eas anterior. A ind\u00fastria teve o principal resultado negativo em agosto, com redu\u00e7\u00e3o de 3,5 pontos na confian\u00e7a.<\/p>\n\n\n\n<p class=\"wp-block-paragraph\">Aloisio Campelo Jr., pesquisador do FGV IBRE, comenta que contribu\u00edram para esse desempenho a percep\u00e7\u00e3o de enfraquecimento da demanda, o ac\u00famulo de estoques e as incertezas relacionadas \u00e0s tarifas norte-americanas e \u00e0s elei\u00e7\u00f5es nacionais. \u201cCom recuo em tr\u00eas dos quatro grandes setores e recupera\u00e7\u00e3o parcial em Servi\u00e7os, ap\u00f3s a forte queda do m\u00eas anterior, o quadro sugere uma preocupa\u00e7\u00e3o crescente do empresariado com o risco de uma desacelera\u00e7\u00e3o da atividade no segundo semestre\u201d, avalia.<\/p>\n\n\n\n<h2 class=\"wp-block-heading\">Situa\u00e7\u00e3o atual e expectativas<\/h2>\n\n\n\n<p class=\"wp-block-paragraph\">O \u00cdndice da Situa\u00e7\u00e3o Atual Empresarial (ISA-E) caiu 0,9 ponto, para 92 pontos. O resultado levou o indicador ao menor n\u00edvel desde novembro de 2025, ap\u00f3s um per\u00edodo de oscila\u00e7\u00f5es pr\u00f3ximo aos 93 pontos. Entre os componentes do ISA-E, o indicador de satisfa\u00e7\u00e3o com a situa\u00e7\u00e3o atual dos neg\u00f3cios recuou 0,1 ponto, alcan\u00e7ando 91,8 pontos. J\u00e1 o \u00edndice que mede o n\u00edvel da demanda no momento presente caiu 1,6 ponto, para 92,3 pontos.<\/p>\n\n\n\n<p class=\"wp-block-paragraph\">O \u00cdndice de Expectativas Empresariais (IE-E) tamb\u00e9m apresentou retra\u00e7\u00e3o, de 0,2 ponto, encerrando agosto em 90,3 pontos. Depois da tend\u00eancia de alta registrada ao longo do primeiro semestre de 2026, o indicador passou a apresentar estabilidade em torno dos 90 pontos. Nas expectativas, o indicador de otimismo com a demanda para os tr\u00eas meses seguintes avan\u00e7ou 0,5 ponto, para 88 pontos. Em sentido contr\u00e1rio, as expectativas sobre a evolu\u00e7\u00e3o dos neg\u00f3cios nos seis meses seguintes recuaram 0,8 ponto, chegando a 92,8 pontos.<\/p>\n\n\n\n<hr class=\"wp-block-separator has-alpha-channel-opacity\"\/>\n","protected":false},"excerpt":{"rendered":"<p>O \u00cdndice de Confian\u00e7a Empresarial (ICE), calculado pelo Instituto Brasileiro de Economia da Funda\u00e7\u00e3o Getulio Vargas (FGV IBRE), caiu 0,5 ponto em agosto e chegou a 91,1 pontos. Foi a segunda retra\u00e7\u00e3o mensal consecutiva do indicador. Na m\u00e9dia m\u00f3vel trimestral, houve queda de 0,2 ponto, marcando o in\u00edcio de uma tend\u00eancia declinante pela primeira vez [&hellip;]<\/p>\n","protected":false},"author":1,"featured_media":17031,"comment_status":"closed","ping_status":"open","sticky":false,"template":"","format":"standard","meta":{"tdm_status":"","tdm_grid_status":"","footnotes":""},"categories":[153],"tags":[199,1545,156,754,1495,1494,620,160,200],"class_list":["post-17030","post","type-post","status-publish","format-standard","has-post-thumbnail","hentry","category-noticias","tag-comercio","tag-confianca-empresarial","tag-economia","tag-fgv-ibre","tag-ice","tag-indice-de-confianca-empresarial","tag-levantamento","tag-pesquisa","tag-varejo"],"amp_enabled":true,"_links":{"self":[{"href":"https:\/\/sincomavi.org.br\/index.php?rest_route=\/wp\/v2\/posts\/17030","targetHints":{"allow":["GET"]}}],"collection":[{"href":"https:\/\/sincomavi.org.br\/index.php?rest_route=\/wp\/v2\/posts"}],"about":[{"href":"https:\/\/sincomavi.org.br\/index.php?rest_route=\/wp\/v2\/types\/post"}],"author":[{"embeddable":true,"href":"https:\/\/sincomavi.org.br\/index.php?rest_route=\/wp\/v2\/users\/1"}],"replies":[{"embeddable":true,"href":"https:\/\/sincomavi.org.br\/index.php?rest_route=%2Fwp%2Fv2%2Fcomments&post=17030"}],"version-history":[{"count":1,"href":"https:\/\/sincomavi.org.br\/index.php?rest_route=\/wp\/v2\/posts\/17030\/revisions"}],"predecessor-version":[{"id":17032,"href":"https:\/\/sincomavi.org.br\/index.php?rest_route=\/wp\/v2\/posts\/17030\/revisions\/17032"}],"wp:featuredmedia":[{"embeddable":true,"href":"https:\/\/sincomavi.org.br\/index.php?rest_route=\/wp\/v2\/media\/17031"}],"wp:attachment":[{"href":"https:\/\/sincomavi.org.br\/index.php?rest_route=%2Fwp%2Fv2%2Fmedia&parent=17030"}],"wp:term":[{"taxonomy":"category","embeddable":true,"href":"https:\/\/sincomavi.org.br\/index.php?rest_route=%2Fwp%2Fv2%2Fcategories&post=17030"},{"taxonomy":"post_tag","embeddable":true,"href":"https:\/\/sincomavi.org.br\/index.php?rest_route=%2Fwp%2Fv2%2Ftags&post=17030"}],"curies":[{"name":"wp","href":"https:\/\/api.w.org\/{rel}","templated":true}]}}