{"id":17027,"date":"2026-08-31T08:52:51","date_gmt":"2026-08-31T11:52:51","guid":{"rendered":"https:\/\/sincomavi.org.br\/?p=17027"},"modified":"2026-08-31T08:52:52","modified_gmt":"2026-08-31T11:52:52","slug":"energia-eletrica-pressiona-custo-de-vida-na-grande-sao-paulo","status":"publish","type":"post","link":"https:\/\/sincomavi.org.br\/?p=17027","title":{"rendered":"Energia el\u00e9trica pressiona custo de vida na Grande S\u00e3o Paulo"},"content":{"rendered":"\n<hr class=\"wp-block-separator has-alpha-channel-opacity\"\/>\n\n\n<div class=\"wp-block-post-date\"><time datetime=\"2026-08-31T11:46:29.570Z\">31 de agosto de 2026<\/time><\/div>\n\n\n<p class=\"wp-block-paragraph\">O Custo de Vida por Classe Social (CVCS) na Regi\u00e3o Metropolitana de S\u00e3o Paulo registrou alta de 0,44% em julho, segundo levantamento da Federa\u00e7\u00e3o do Com\u00e9rcio de Bens, Servi\u00e7os e Turismo do Estado de S\u00e3o Paulo (FecomercioSP). O resultado foi influenciado principalmente pelo aumento da conta de luz residencial.<\/p>\n\n\n\n<h2 class=\"wp-block-heading has-text-align-center\">Energia el\u00e9trica pressiona custo de vida na Grande S\u00e3o Paulo<\/h2>\n\n\n<style>.kb-image17027_aa0ee6-4c.kb-image-is-ratio-size, .kb-image17027_aa0ee6-4c .kb-image-is-ratio-size{max-width:600px;width:100%;}.wp-block-kadence-column > .kt-inside-inner-col > .kb-image17027_aa0ee6-4c.kb-image-is-ratio-size, .wp-block-kadence-column > .kt-inside-inner-col > .kb-image17027_aa0ee6-4c .kb-image-is-ratio-size{align-self:unset;}.kb-image17027_aa0ee6-4c figure{max-width:600px;}.kb-image17027_aa0ee6-4c .image-is-svg, .kb-image17027_aa0ee6-4c .image-is-svg img{width:100%;}.kb-image17027_aa0ee6-4c .kb-image-has-overlay:after{opacity:0.3;}<\/style>\n<div class=\"wp-block-kadence-image kb-image17027_aa0ee6-4c\"><figure class=\"aligncenter size-full\"><img loading=\"lazy\" decoding=\"async\" width=\"701\" height=\"377\" src=\"https:\/\/sincomavi.org.br\/wp-content\/uploads\/2026\/08\/CUSTO-JULHO.png\" alt=\"\" class=\"kb-img wp-image-17028\" srcset=\"https:\/\/sincomavi.org.br\/wp-content\/uploads\/2026\/08\/CUSTO-JULHO.png 701w, https:\/\/sincomavi.org.br\/wp-content\/uploads\/2026\/08\/CUSTO-JULHO-300x160.png 300w, https:\/\/sincomavi.org.br\/wp-content\/uploads\/2026\/08\/CUSTO-JULHO-640x344.png 640w, https:\/\/sincomavi.org.br\/wp-content\/uploads\/2026\/08\/CUSTO-JULHO-681x366.png 681w\" sizes=\"auto, (max-width: 701px) 100vw, 701px\" \/><\/figure><\/div>\n\n\n\n<p class=\"has-text-align-right wp-block-paragraph\"><strong>Fonte: IBGE\/FecomercioSP<\/strong><\/p>\n\n\n\n<p class=\"wp-block-paragraph\">A energia el\u00e9trica subiu 7,55% no m\u00eas, em raz\u00e3o do reajuste tarif\u00e1rio de 10,7% aplicado pela distribuidora. Com isso, o grupo habita\u00e7\u00e3o avan\u00e7ou 1,86% e respondeu por cerca de 0,31 ponto porcentual da varia\u00e7\u00e3o do indicador, o equivalente a mais de dois ter\u00e7os da alta registrada em julho. No acumulado do ano, o CVCS chegou a 3,54%, ante 3,27% no mesmo per\u00edodo de 2025. Em 12 meses, houve desacelera\u00e7\u00e3o para 4,98%.<\/p>\n\n\n\n<p class=\"wp-block-paragraph\">De acordo com a FecomercioSP, quatro dos nove grupos que integram o levantamento apresentaram queda em julho: vestu\u00e1rio (-1,02%), despesas pessoais (-0,37%), educa\u00e7\u00e3o (-0,04%) e artigos de resid\u00eancia (-0,04%).<\/p>\n\n\n\n<h2 class=\"wp-block-heading\">Materiais de constru\u00e7\u00e3o registram alta<\/h2>\n\n\n\n<p class=\"wp-block-paragraph\">No varejo, os materiais de constru\u00e7\u00e3o permaneceram pressionados. Revestimentos, cimento, tijolo e material hidr\u00e1ulico registraram eleva\u00e7\u00e3o de cerca de 2,8%. Em 12 meses, o grupo habita\u00e7\u00e3o acumula alta de 6,19%. Sa\u00fade foi o segundo grupo com maior contribui\u00e7\u00e3o para o resultado mensal, com avan\u00e7o de 0,85% e alta acumulada de 6,77% em 12 meses. Entre os medicamentos, foram registrados aumentos em horm\u00f4nios (3,2%), anti-inflamat\u00f3rios (2,2%), antial\u00e9rgicos (1,9%) e antibi\u00f3ticos (1,8%).<\/p>\n\n\n\n<p class=\"wp-block-paragraph\">Transportes apresentou varia\u00e7\u00e3o de 0,40%. Os combust\u00edveis, no entanto, tiveram redu\u00e7\u00e3o de pre\u00e7os, com quedas de 1,7% no etanol, 0,7% no \u00f3leo diesel e 0,4% na gasolina. Nos servi\u00e7os, a passagem a\u00e9rea avan\u00e7ou 7%.<\/p>\n\n\n\n<p class=\"wp-block-paragraph\">No grupo de alimenta\u00e7\u00e3o, houve recuos de 26,4% no tomate, 14,8% na batata-inglesa e 6,9% na cenoura. Em sentido contr\u00e1rio, ficaram mais caros itens como mam\u00e3o (7,1%), cebola (3%), carne de porco (1,6%) e iogurtes (1,55%).<\/p>\n\n\n\n<p class=\"wp-block-paragraph\">As classes de menor renda registraram as maiores varia\u00e7\u00f5es no m\u00eas. As classes D e E tiveram alta de 0,53%, seguidas pelas classes C (0,44%), A (0,43%) e B (0,36%). Segundo a FecomercioSP, o resultado est\u00e1 relacionado ao maior peso da energia el\u00e9trica no or\u00e7amento das fam\u00edlias de menor renda. Em 12 meses, a diferen\u00e7a tamb\u00e9m permanece. O custo de vida acumula alta de 5,56% para a classe D e de 5,44% para a classe E, ante 4,47% para a classe B e 4,67% para a classe A.<\/p>\n\n\n\n<p class=\"wp-block-paragraph\">Para os pr\u00f3ximos meses, a FecomercioSP avalia que a menor press\u00e3o sobre o pre\u00e7o do petr\u00f3leo pode contribuir para o al\u00edvio dos combust\u00edveis e da cadeia de custos. A entidade, contudo, aponta incertezas relacionadas ao cen\u00e1rio global e \u00e0s elei\u00e7\u00f5es, com poss\u00edveis reflexos sobre o c\u00e2mbio e os pre\u00e7os.<\/p>\n\n\n\n<hr class=\"wp-block-separator has-alpha-channel-opacity\"\/>\n\n\n\n<p class=\"wp-block-paragraph\"><\/p>\n","protected":false},"excerpt":{"rendered":"<p>O Custo de Vida por Classe Social (CVCS) na Regi\u00e3o Metropolitana de S\u00e3o Paulo registrou alta de 0,44% em julho, segundo levantamento da Federa\u00e7\u00e3o do Com\u00e9rcio de Bens, Servi\u00e7os e Turismo do Estado de S\u00e3o Paulo (FecomercioSP). O resultado foi influenciado principalmente pelo aumento da conta de luz residencial. Energia el\u00e9trica pressiona custo de vida [&hellip;]<\/p>\n","protected":false},"author":1,"featured_media":12718,"comment_status":"closed","ping_status":"open","sticky":false,"template":"","format":"standard","meta":{"tdm_status":"","tdm_grid_status":"","footnotes":""},"categories":[153],"tags":[199,1515,156,580,331,620,158,160,237,200],"class_list":["post-17027","post","type-post","status-publish","format-standard","has-post-thumbnail","hentry","category-noticias","tag-comercio","tag-custo-de-vida","tag-economia","tag-fecomerciosp","tag-inflacao","tag-levantamento","tag-material-de-construcao","tag-pesquisa","tag-precos","tag-varejo"],"amp_enabled":true,"_links":{"self":[{"href":"https:\/\/sincomavi.org.br\/index.php?rest_route=\/wp\/v2\/posts\/17027","targetHints":{"allow":["GET"]}}],"collection":[{"href":"https:\/\/sincomavi.org.br\/index.php?rest_route=\/wp\/v2\/posts"}],"about":[{"href":"https:\/\/sincomavi.org.br\/index.php?rest_route=\/wp\/v2\/types\/post"}],"author":[{"embeddable":true,"href":"https:\/\/sincomavi.org.br\/index.php?rest_route=\/wp\/v2\/users\/1"}],"replies":[{"embeddable":true,"href":"https:\/\/sincomavi.org.br\/index.php?rest_route=%2Fwp%2Fv2%2Fcomments&post=17027"}],"version-history":[{"count":1,"href":"https:\/\/sincomavi.org.br\/index.php?rest_route=\/wp\/v2\/posts\/17027\/revisions"}],"predecessor-version":[{"id":17029,"href":"https:\/\/sincomavi.org.br\/index.php?rest_route=\/wp\/v2\/posts\/17027\/revisions\/17029"}],"wp:featuredmedia":[{"embeddable":true,"href":"https:\/\/sincomavi.org.br\/index.php?rest_route=\/wp\/v2\/media\/12718"}],"wp:attachment":[{"href":"https:\/\/sincomavi.org.br\/index.php?rest_route=%2Fwp%2Fv2%2Fmedia&parent=17027"}],"wp:term":[{"taxonomy":"category","embeddable":true,"href":"https:\/\/sincomavi.org.br\/index.php?rest_route=%2Fwp%2Fv2%2Fcategories&post=17027"},{"taxonomy":"post_tag","embeddable":true,"href":"https:\/\/sincomavi.org.br\/index.php?rest_route=%2Fwp%2Fv2%2Ftags&post=17027"}],"curies":[{"name":"wp","href":"https:\/\/api.w.org\/{rel}","templated":true}]}}