{"id":1645,"date":"2019-10-25T08:45:03","date_gmt":"2019-10-25T11:45:03","guid":{"rendered":"https:\/\/sincomavi.org.br\/?p=1645"},"modified":"2019-10-22T13:46:11","modified_gmt":"2019-10-22T16:46:11","slug":"vendas-do-comercio-eletronico-crescem-253-em-setembro","status":"publish","type":"post","link":"https:\/\/sincomavi.org.br\/?p=1645","title":{"rendered":"Vendas do com\u00e9rcio eletr\u00f4nico crescem 2,53% em setembro"},"content":{"rendered":"\n<p>O \u00cdndice MCC-ENET, da <a rel=\"noreferrer noopener\" aria-label=\"C\u00e2mara Brasileira de Com\u00e9rcio Eletr\u00f4nico (abre numa nova aba)\" href=\"https:\/\/www.camara-e.net\" target=\"_blank\"><strong>C\u00e2mara Brasileira de Com\u00e9rcio Eletr\u00f4nico<\/strong><\/a>, contou, em setembro, com uma varia\u00e7\u00e3o positiva de 2,53% em vendas, tendo como refer\u00eancia o m\u00eas anterior. O estudo produzido revela ainda que o faturamento igualmente contou com crescimento: 4,3%.<\/p>\n\n\n\n<p>Andr\u00e9 Dias, coordenador do Comit\u00ea de M\u00e9tricas da c\u00e2mara-e.net e diretor executivo do Compre &amp; Confie, comenta que o desempenho alcan\u00e7ado em setembro pelo com\u00e9rcio eletr\u00f4nico \u00e9 &#8220;o segundo maior da s\u00e9rie desde janeiro de 2018, perdendo apenas para a Black Friday do ano passado&#8221;.<\/p>\n\n\n\n<p>A campanha <strong><a href=\"https:\/\/sincomavi.org.br\/semana-do-brasil-oportunidade-para-aumentar-as-vendas\/\" target=\"_blank\" rel=\"noreferrer noopener\" aria-label=\"Semana do Brasil (abre numa nova aba)\">Semana do Brasil<\/a><\/strong>, promovida pela primeira vez pelo Governo Federal em setembro, \u00e9 apontada por Andr\u00e9 Dias como uma grande incentivadora para os resultados expressivos obtidos no per\u00edodo. Mais de 2.800 empresas aderiram \u00e0 campanha e o faturamento nos quatro primeiros dias da Semana do Brasil 2019 foi\u00a037,6% maior\u00a0do que no mesmo per\u00edodo de 2018, conforme dados da Compre &amp; Confie. <\/p>\n\n\n\n<p>Os resultados acumulados\ntamb\u00e9m s\u00e3o positivos. A varia\u00e7\u00e3o do \u00edndice de vendas at\u00e9 setembro ficou em\n24,82%. J\u00e1 em rela\u00e7\u00e3o ao mesmo per\u00edodo do ano passado o aumento registrado\nchegou aos 8,07%. Nos \u00faltimos doze meses, todas as regi\u00f5es do Pa\u00eds tiveram\ndesempenho favor\u00e1vel em vendas: Nordeste (79,82%), Centro-Oeste (77,14%), Sul\n(67,01%), Norte (62,33%) e Sudeste (59,18%).<\/p>\n\n\n\n<figure class=\"wp-block-image\"><img loading=\"lazy\" decoding=\"async\" width=\"1024\" height=\"683\" src=\"https:\/\/sincomavi.org.br\/wp-content\/uploads\/2019\/10\/old-woman-paying-bills-online-J745CDU-1024x683.jpg\" alt=\"Perfil do consumidor do com\u00e9rcio eletr\u00f4nico tem se expandido constantemente.\" class=\"wp-image-1646\" srcset=\"https:\/\/sincomavi.org.br\/wp-content\/uploads\/2019\/10\/old-woman-paying-bills-online-J745CDU-1024x683.jpg 1024w, https:\/\/sincomavi.org.br\/wp-content\/uploads\/2019\/10\/old-woman-paying-bills-online-J745CDU-300x200.jpg 300w, https:\/\/sincomavi.org.br\/wp-content\/uploads\/2019\/10\/old-woman-paying-bills-online-J745CDU-768x512.jpg 768w, https:\/\/sincomavi.org.br\/wp-content\/uploads\/2019\/10\/old-woman-paying-bills-online-J745CDU-630x420.jpg 630w, https:\/\/sincomavi.org.br\/wp-content\/uploads\/2019\/10\/old-woman-paying-bills-online-J745CDU-640x427.jpg 640w, https:\/\/sincomavi.org.br\/wp-content\/uploads\/2019\/10\/old-woman-paying-bills-online-J745CDU-681x454.jpg 681w, https:\/\/sincomavi.org.br\/wp-content\/uploads\/2019\/10\/old-woman-paying-bills-online-J745CDU.jpg 1400w\" sizes=\"auto, (max-width: 1024px) 100vw, 1024px\" \/><figcaption>Fator fundamental para as vendas: o MCC-ENET verificou que, entre julho e setembro de 2019, 11,3% dos internautas brasileiros realizaram ao menos uma compra no com\u00e9rcio eletr\u00f4nico. \u00a0 <\/figcaption><\/figure>\n\n\n\n<h2 class=\"wp-block-heading\">Categorias<\/h2>\n\n\n\n<p>Em rela\u00e7\u00e3o ao faturamento, o acumulado dos \u00faltimos doze meses registra um crescimento de 73,39%. No entanto, vale a pena ressaltar, duas regi\u00f5es do Brasil contaram com queda nesse indicador em setembro: Norte (-3,94%) e Centro-Oeste (-1,43). Por outro lado, Sudeste, Sul e Nordeste apresentaram eleva\u00e7\u00e3o, com 6,11%, 3,76% e 1,52%, respectivamente.<\/p>\n\n\n\n<p>Tendo como base agosto, as categorias que os brasileiros mais demandaram no varejo online foram equipamentos e materiais para escrit\u00f3rio, inform\u00e1tica e comunica\u00e7\u00e3o (42,1%), seguido por m\u00f3veis e eletrodom\u00e9sticos (23,9%). Na sequ\u00eancia, tecidos, vestu\u00e1rio e cal\u00e7ados (13,2%), outros artigos de uso pessoal e dom\u00e9stico (10%), artigos farmac\u00eauticos, m\u00e9dicos, ortop\u00e9dicos, de perfumaria e cosm\u00e9ticos (6,5%), hipermercados, supermercados, produtos aliment\u00edcios, bebidas e fumo (2,7%) e, por \u00faltimo, livros, jornais, revistas e papelaria (1,6%).<\/p>\n","protected":false},"excerpt":{"rendered":"<p>O \u00cdndice MCC-ENET, da C\u00e2mara Brasileira de Com\u00e9rcio Eletr\u00f4nico, contou, em setembro, com uma varia\u00e7\u00e3o positiva de 2,53% em vendas, tendo como refer\u00eancia o m\u00eas anterior. O estudo produzido revela ainda que o faturamento igualmente contou com crescimento: 4,3%. Andr\u00e9 Dias, coordenador do Comit\u00ea de M\u00e9tricas da c\u00e2mara-e.net e diretor executivo do Compre &amp; Confie, [&hellip;]<\/p>\n","protected":false},"author":1,"featured_media":1647,"comment_status":"closed","ping_status":"open","sticky":false,"template":"","format":"standard","meta":{"tdm_status":"","tdm_grid_status":"","footnotes":""},"categories":[153],"tags":[34,75],"class_list":["post-1645","post","type-post","status-publish","format-standard","has-post-thumbnail","hentry","category-noticias","tag-comercio-eletronico","tag-vendas"],"amp_enabled":true,"_links":{"self":[{"href":"https:\/\/sincomavi.org.br\/index.php?rest_route=\/wp\/v2\/posts\/1645","targetHints":{"allow":["GET"]}}],"collection":[{"href":"https:\/\/sincomavi.org.br\/index.php?rest_route=\/wp\/v2\/posts"}],"about":[{"href":"https:\/\/sincomavi.org.br\/index.php?rest_route=\/wp\/v2\/types\/post"}],"author":[{"embeddable":true,"href":"https:\/\/sincomavi.org.br\/index.php?rest_route=\/wp\/v2\/users\/1"}],"replies":[{"embeddable":true,"href":"https:\/\/sincomavi.org.br\/index.php?rest_route=%2Fwp%2Fv2%2Fcomments&post=1645"}],"version-history":[{"count":1,"href":"https:\/\/sincomavi.org.br\/index.php?rest_route=\/wp\/v2\/posts\/1645\/revisions"}],"predecessor-version":[{"id":1648,"href":"https:\/\/sincomavi.org.br\/index.php?rest_route=\/wp\/v2\/posts\/1645\/revisions\/1648"}],"wp:featuredmedia":[{"embeddable":true,"href":"https:\/\/sincomavi.org.br\/index.php?rest_route=\/wp\/v2\/media\/1647"}],"wp:attachment":[{"href":"https:\/\/sincomavi.org.br\/index.php?rest_route=%2Fwp%2Fv2%2Fmedia&parent=1645"}],"wp:term":[{"taxonomy":"category","embeddable":true,"href":"https:\/\/sincomavi.org.br\/index.php?rest_route=%2Fwp%2Fv2%2Fcategories&post=1645"},{"taxonomy":"post_tag","embeddable":true,"href":"https:\/\/sincomavi.org.br\/index.php?rest_route=%2Fwp%2Fv2%2Ftags&post=1645"}],"curies":[{"name":"wp","href":"https:\/\/api.w.org\/{rel}","templated":true}]}}