{"id":15704,"date":"2026-03-18T16:18:37","date_gmt":"2026-03-18T19:18:37","guid":{"rendered":"https:\/\/sincomavi.org.br\/?p=15704"},"modified":"2026-03-19T13:50:09","modified_gmt":"2026-03-19T16:50:09","slug":"webinario-discute-impactos-da-reforma-tributaria-para-as-empresas","status":"publish","type":"post","link":"https:\/\/sincomavi.org.br\/?p=15704","title":{"rendered":"Webin\u00e1rio discutiu impactos da reforma tribut\u00e1ria para as empresas"},"content":{"rendered":"\n<hr class=\"wp-block-separator has-alpha-channel-opacity\"\/>\n\n\n<div class=\"wp-block-post-date\"><time datetime=\"2026-03-18T16:18:37-03:00\">18 de mar\u00e7o de 2026<\/time><\/div>\n\n\n<p>O Sincomavi realizou nesta ter\u00e7a-feira, 17 de mar\u00e7o, o webin\u00e1rio \u201cReforma Tribut\u00e1ria \u2014 O que Realmente Vai Mudar?\u201d, com a participa\u00e7\u00e3o de Sarina Sasaki Manata, mestre em Direito Tribut\u00e1rio pelo Instituto Brasileiro de Estudos Tribut\u00e1rios (IBET), advogada da FecomercioSP, conselheira do Conselho Municipal de Tributos de S\u00e3o Paulo e membro da Comiss\u00e3o de Direito Tribut\u00e1rio da OAB\/SP. Durante o encontro, foram apresentados os principais pontos do novo modelo tribut\u00e1rio e os efeitos esperados para as empresas nos pr\u00f3ximos anos. O evento contou com p\u00fablico de 74 pessoas.&nbsp;<\/p>\n\n\n<style>.kb-image15704_b03d14-92.kb-image-is-ratio-size, .kb-image15704_b03d14-92 .kb-image-is-ratio-size{max-width:389px;width:100%;}.wp-block-kadence-column > .kt-inside-inner-col > .kb-image15704_b03d14-92.kb-image-is-ratio-size, .wp-block-kadence-column > .kt-inside-inner-col > .kb-image15704_b03d14-92 .kb-image-is-ratio-size{align-self:unset;}.kb-image15704_b03d14-92 figure{max-width:389px;}.kb-image15704_b03d14-92 .image-is-svg, .kb-image15704_b03d14-92 .image-is-svg img{width:100%;}.kb-image15704_b03d14-92 .kb-image-has-overlay:after{opacity:0.3;}<\/style>\n<div class=\"wp-block-kadence-image kb-image15704_b03d14-92\"><figure class=\"alignleft size-large\"><img loading=\"lazy\" decoding=\"async\" width=\"1024\" height=\"724\" src=\"https:\/\/sincomavi.org.br\/wp-content\/uploads\/2026\/03\/evento-mar26-1024x724.jpeg\" alt=\"\" class=\"kb-img wp-image-15705\" srcset=\"https:\/\/sincomavi.org.br\/wp-content\/uploads\/2026\/03\/evento-mar26-1024x724.jpeg 1024w, https:\/\/sincomavi.org.br\/wp-content\/uploads\/2026\/03\/evento-mar26-300x212.jpeg 300w, https:\/\/sincomavi.org.br\/wp-content\/uploads\/2026\/03\/evento-mar26-768x543.jpeg 768w, https:\/\/sincomavi.org.br\/wp-content\/uploads\/2026\/03\/evento-mar26-594x420.jpeg 594w, https:\/\/sincomavi.org.br\/wp-content\/uploads\/2026\/03\/evento-mar26-640x452.jpeg 640w, https:\/\/sincomavi.org.br\/wp-content\/uploads\/2026\/03\/evento-mar26-681x481.jpeg 681w, https:\/\/sincomavi.org.br\/wp-content\/uploads\/2026\/03\/evento-mar26.jpeg 1201w\" sizes=\"auto, (max-width: 1024px) 100vw, 1024px\" \/><\/figure><\/div>\n\n\n\n<p>Sarina explicou que a reforma prev\u00ea a substitui\u00e7\u00e3o de tributos atuais \u2014 PIS, Cofins, ICMS e ISS \u2014 por dois novos impostos sobre consumo: a Contribui\u00e7\u00e3o sobre Bens e Servi\u00e7os (CBS), de \u00e2mbito federal, e o Imposto sobre Bens e Servi\u00e7os (IBS), de compet\u00eancia estadual e municipal. A al\u00edquota estimada do novo sistema gira em torno de 28%, percentual que ainda ser\u00e1 definido pelo Senado Federal e que dever\u00e1 ser aplicado \u201cpor fora\u201d, ou seja, acrescido ao pre\u00e7o final das opera\u00e7\u00f5es.<\/p>\n\n\n\n<p>Outro ponto destacado foi o mecanismo de split payment, que prev\u00ea o recolhimento autom\u00e1tico dos tributos no momento da transa\u00e7\u00e3o eletr\u00f4nica. Na pr\u00e1tica, a parcela do imposto ser\u00e1 direcionada diretamente ao governo, reduzindo a folga de caixa que muitas empresas utilizam atualmente como capital de giro. Segundo a palestrante, essa mudan\u00e7a exigir\u00e1 maior planejamento financeiro e ajustes nos processos internos das empresas.<\/p>\n\n\n\n<p>A apresenta\u00e7\u00e3o tamb\u00e9m abordou o impacto da reforma para empresas enquadradas no Simples Nacional. At\u00e9 setembro de 2026, os empres\u00e1rios ter\u00e3o de decidir se permanecem no modelo tradicional do regime ou se optam por um formato h\u00edbrido, no qual IBS e CBS s\u00e3o recolhidos separadamente. A escolha poder\u00e1 afetar a competitividade nas vendas entre empresas, principalmente pela transfer\u00eancia de cr\u00e9ditos tribut\u00e1rios nas opera\u00e7\u00f5es B2B.<\/p>\n\n\n\n<p>A grava\u00e7\u00e3o completa do webin\u00e1rio est\u00e1 dispon\u00edvel na plataforma de ensino a dist\u00e2ncia do Sincomavi, permitindo que empres\u00e1rios e profissionais do setor acompanhem o conte\u00fado e aprofundem o entendimento sobre as mudan\u00e7as previstas na reforma tribut\u00e1ria.&nbsp;<\/p>\n\n\n\n<div class=\"wp-block-buttons is-content-justification-center is-layout-flex wp-container-core-buttons-is-layout-16018d1d wp-block-buttons-is-layout-flex\">\n<div class=\"wp-block-button\"><a class=\"wp-block-button__link wp-element-button\" href=\"http:\/\/www.sincomavi.online\" target=\"_blank\" rel=\"noreferrer noopener\">PLATAFORMA DE EAD<\/a><\/div>\n<\/div>\n\n\n\n<hr class=\"wp-block-separator has-alpha-channel-opacity\"\/>\n","protected":false},"excerpt":{"rendered":"<p>O Sincomavi realizou nesta ter\u00e7a-feira, 17 de mar\u00e7o, o webin\u00e1rio \u201cReforma Tribut\u00e1ria \u2014 O que Realmente Vai Mudar?\u201d, com a participa\u00e7\u00e3o de Sarina Sasaki Manata, mestre em Direito Tribut\u00e1rio pelo Instituto Brasileiro de Estudos Tribut\u00e1rios (IBET), advogada da FecomercioSP, conselheira do Conselho Municipal de Tributos de S\u00e3o Paulo e membro da Comiss\u00e3o de Direito Tribut\u00e1rio [&hellip;]<\/p>\n","protected":false},"author":1,"featured_media":15706,"comment_status":"closed","ping_status":"open","sticky":false,"template":"","format":"standard","meta":{"tdm_status":"","tdm_grid_status":"","footnotes":""},"categories":[153],"tags":[1422,199,181,32,285,284,200,343,459],"class_list":["post-15704","post","type-post","status-publish","format-standard","has-post-thumbnail","hentry","category-noticias","tag-cbs","tag-comercio","tag-evento","tag-gestao","tag-ibs","tag-reforma-tributaria","tag-varejo","tag-webinar","tag-webinario"],"amp_enabled":true,"_links":{"self":[{"href":"https:\/\/sincomavi.org.br\/index.php?rest_route=\/wp\/v2\/posts\/15704","targetHints":{"allow":["GET"]}}],"collection":[{"href":"https:\/\/sincomavi.org.br\/index.php?rest_route=\/wp\/v2\/posts"}],"about":[{"href":"https:\/\/sincomavi.org.br\/index.php?rest_route=\/wp\/v2\/types\/post"}],"author":[{"embeddable":true,"href":"https:\/\/sincomavi.org.br\/index.php?rest_route=\/wp\/v2\/users\/1"}],"replies":[{"embeddable":true,"href":"https:\/\/sincomavi.org.br\/index.php?rest_route=%2Fwp%2Fv2%2Fcomments&post=15704"}],"version-history":[{"count":2,"href":"https:\/\/sincomavi.org.br\/index.php?rest_route=\/wp\/v2\/posts\/15704\/revisions"}],"predecessor-version":[{"id":15715,"href":"https:\/\/sincomavi.org.br\/index.php?rest_route=\/wp\/v2\/posts\/15704\/revisions\/15715"}],"wp:featuredmedia":[{"embeddable":true,"href":"https:\/\/sincomavi.org.br\/index.php?rest_route=\/wp\/v2\/media\/15706"}],"wp:attachment":[{"href":"https:\/\/sincomavi.org.br\/index.php?rest_route=%2Fwp%2Fv2%2Fmedia&parent=15704"}],"wp:term":[{"taxonomy":"category","embeddable":true,"href":"https:\/\/sincomavi.org.br\/index.php?rest_route=%2Fwp%2Fv2%2Fcategories&post=15704"},{"taxonomy":"post_tag","embeddable":true,"href":"https:\/\/sincomavi.org.br\/index.php?rest_route=%2Fwp%2Fv2%2Ftags&post=15704"}],"curies":[{"name":"wp","href":"https:\/\/api.w.org\/{rel}","templated":true}]}}