{"id":15694,"date":"2026-03-17T08:21:14","date_gmt":"2026-03-17T11:21:14","guid":{"rendered":"https:\/\/sincomavi.org.br\/?p=15694"},"modified":"2026-03-17T08:21:15","modified_gmt":"2026-03-17T11:21:15","slug":"intencao-de-consumo-das-familias-paulistanas-avanca-em-fevereiro","status":"publish","type":"post","link":"https:\/\/sincomavi.org.br\/?p=15694","title":{"rendered":"Inten\u00e7\u00e3o de consumo das fam\u00edlias paulistanas avan\u00e7a em fevereiro"},"content":{"rendered":"\n<hr class=\"wp-block-separator has-alpha-channel-opacity\"\/>\n\n\n<div class=\"wp-block-post-date\"><time datetime=\"2026-03-17T08:21:14-03:00\">17 de mar\u00e7o de 2026<\/time><\/div>\n\n\n<p>Houve um leve avan\u00e7o no \u00cdndice de Consumo das Fam\u00edlias (ICF) em fevereiro, refletindo melhora gradual na confian\u00e7a dos consumidores. De acordo com levantamento da Federa\u00e7\u00e3o do Com\u00e9rcio de Bens, Servi\u00e7os e Turismo do Estado de S\u00e3o Paulo (FecomercioSP), o indicador alcan\u00e7ou 116,1 pontos, alta de 0,7% em rela\u00e7\u00e3o a janeiro e de 5,7% na compara\u00e7\u00e3o com o mesmo per\u00edodo do ano passado.<\/p>\n\n\n\n<p>Outro dado que acompanha a percep\u00e7\u00e3o dos consumidores sobre o ambiente econ\u00f4mico tamb\u00e9m apresentou resultado positivo. O \u00cdndice de Confian\u00e7a do Consumidor (ICC) atingiu 127,4 pontos em fevereiro, mantendo estabilidade na compara\u00e7\u00e3o mensal e crescimento de 5,7% em rela\u00e7\u00e3o ao mesmo m\u00eas de 2025. Segundo a FecomercioSP, o desempenho reflete principalmente o mercado de trabalho ainda aquecido e a desacelera\u00e7\u00e3o gradual da infla\u00e7\u00e3o, fatores que contribuem para sustentar o otimismo dos consumidores.<\/p>\n\n\n\n<p>Entre os componentes do ICF, o indicador de emprego atual manteve n\u00edvel elevado, ao atingir 139,6 pontos, com avan\u00e7o de 5,5% em 12 meses. A renda atual tamb\u00e9m permaneceu em patamar alto, com 140,3 pontos, ainda que est\u00e1vel nas compara\u00e7\u00f5es mensal e anual. J\u00e1 a perspectiva profissional registrou a maior alta mensal, de 2,5%, indicando melhora recente nas expectativas em rela\u00e7\u00e3o ao mercado de trabalho.<\/p>\n\n\n\n<p>Apesar da melhora nas inten\u00e7\u00f5es de compra, alguns indicadores seguem abaixo da linha de otimismo. O n\u00edvel de consumo atual marcou 92,8 pontos e o momento para aquisi\u00e7\u00e3o de bens dur\u00e1veis ficou em 90,3 pontos, ainda em territ\u00f3rio negativo. O resultado indica que, embora haja melhora gradual nas expectativas, os consumidores seguem cautelosos diante do custo elevado do cr\u00e9dito e dos juros ainda em patamar alto.<\/p>\n\n\n\n<p>Na avalia\u00e7\u00e3o da FecomercioSP, o cen\u00e1rio para o com\u00e9rcio paulistano em 2026 tende a ser mais favor\u00e1vel do que no ano anterior, mas com recupera\u00e7\u00e3o gradual e seletiva. A evolu\u00e7\u00e3o do consumo depender\u00e1 da trajet\u00f3ria dos juros, da manuten\u00e7\u00e3o do emprego e da renda real das fam\u00edlias, al\u00e9m da estabilidade do ambiente macroecon\u00f4mico ao longo do ano.<\/p>\n\n\n\n<hr class=\"wp-block-separator has-alpha-channel-opacity\"\/>\n","protected":false},"excerpt":{"rendered":"<p>Houve um leve avan\u00e7o no \u00cdndice de Consumo das Fam\u00edlias (ICF) em fevereiro, refletindo melhora gradual na confian\u00e7a dos consumidores. De acordo com levantamento da Federa\u00e7\u00e3o do Com\u00e9rcio de Bens, Servi\u00e7os e Turismo do Estado de S\u00e3o Paulo (FecomercioSP), o indicador alcan\u00e7ou 116,1 pontos, alta de 0,7% em rela\u00e7\u00e3o a janeiro e de 5,7% na [&hellip;]<\/p>\n","protected":false},"author":1,"featured_media":15695,"comment_status":"closed","ping_status":"open","sticky":false,"template":"","format":"standard","meta":{"tdm_status":"","tdm_grid_status":"","footnotes":""},"categories":[153],"tags":[199,156,580,1038,1039,620,160,200,75],"class_list":["post-15694","post","type-post","status-publish","format-standard","has-post-thumbnail","hentry","category-noticias","tag-comercio","tag-economia","tag-fecomerciosp","tag-icf","tag-intencao-de-consumo","tag-levantamento","tag-pesquisa","tag-varejo","tag-vendas"],"amp_enabled":true,"_links":{"self":[{"href":"https:\/\/sincomavi.org.br\/index.php?rest_route=\/wp\/v2\/posts\/15694","targetHints":{"allow":["GET"]}}],"collection":[{"href":"https:\/\/sincomavi.org.br\/index.php?rest_route=\/wp\/v2\/posts"}],"about":[{"href":"https:\/\/sincomavi.org.br\/index.php?rest_route=\/wp\/v2\/types\/post"}],"author":[{"embeddable":true,"href":"https:\/\/sincomavi.org.br\/index.php?rest_route=\/wp\/v2\/users\/1"}],"replies":[{"embeddable":true,"href":"https:\/\/sincomavi.org.br\/index.php?rest_route=%2Fwp%2Fv2%2Fcomments&post=15694"}],"version-history":[{"count":1,"href":"https:\/\/sincomavi.org.br\/index.php?rest_route=\/wp\/v2\/posts\/15694\/revisions"}],"predecessor-version":[{"id":15696,"href":"https:\/\/sincomavi.org.br\/index.php?rest_route=\/wp\/v2\/posts\/15694\/revisions\/15696"}],"wp:featuredmedia":[{"embeddable":true,"href":"https:\/\/sincomavi.org.br\/index.php?rest_route=\/wp\/v2\/media\/15695"}],"wp:attachment":[{"href":"https:\/\/sincomavi.org.br\/index.php?rest_route=%2Fwp%2Fv2%2Fmedia&parent=15694"}],"wp:term":[{"taxonomy":"category","embeddable":true,"href":"https:\/\/sincomavi.org.br\/index.php?rest_route=%2Fwp%2Fv2%2Fcategories&post=15694"},{"taxonomy":"post_tag","embeddable":true,"href":"https:\/\/sincomavi.org.br\/index.php?rest_route=%2Fwp%2Fv2%2Ftags&post=15694"}],"curies":[{"name":"wp","href":"https:\/\/api.w.org\/{rel}","templated":true}]}}