{"id":15689,"date":"2026-03-16T14:42:58","date_gmt":"2026-03-16T17:42:58","guid":{"rendered":"https:\/\/sincomavi.org.br\/?p=15689"},"modified":"2026-03-16T14:42:59","modified_gmt":"2026-03-16T17:42:59","slug":"projecao-indica-aumento-da-inadimplencia-das-familias-ao-longo-do-2o-trimestre","status":"publish","type":"post","link":"https:\/\/sincomavi.org.br\/?p=15689","title":{"rendered":"Proje\u00e7\u00e3o indica aumento da inadimpl\u00eancia das fam\u00edlias ao longo do 2\u00ba trimestre"},"content":{"rendered":"\n<hr class=\"wp-block-separator has-alpha-channel-opacity\"\/>\n\n\n<div class=\"wp-block-post-date\"><time datetime=\"2026-03-16T14:42:58-03:00\">16 de mar\u00e7o de 2026<\/time><\/div>\n\n\n<p>A inadimpl\u00eancia das pessoas f\u00edsicas no Brasil deve manter trajet\u00f3ria de alta nos pr\u00f3ximos meses, segundo proje\u00e7\u00e3o elaborada pelo IBEVAR-FIA Business School. O estudo aponta avan\u00e7o mais intenso nas opera\u00e7\u00f5es de cr\u00e9dito com recursos livres e indica que o indicador pode atingir novo pico ao longo do segundo trimestre de 2026.<\/p>\n\n\n\n<p>De acordo com a proje\u00e7\u00e3o, a taxa de inadimpl\u00eancia nas opera\u00e7\u00f5es com recursos livres pode alcan\u00e7ar m\u00e9dia de 7,07% j\u00e1 em mar\u00e7o de 2026, com intervalo estimado entre 6,75% e 7,39%. Esse movimento sinaliza press\u00e3o crescente sobre o or\u00e7amento das fam\u00edlias e refor\u00e7a a necessidade de aten\u00e7\u00e3o por parte das institui\u00e7\u00f5es financeiras.<\/p>\n\n\n\n<p>Os dados mais recentes dispon\u00edveis, referentes a janeiro de 2026, mostram que a inadimpl\u00eancia total das pessoas f\u00edsicas chegou a 5,24%. No mesmo per\u00edodo, as opera\u00e7\u00f5es com atraso entre 15 e 90 dias atingiram 5,66%. No recorte espec\u00edfico de recursos livres \u2014 que exclui linhas de cr\u00e9dito com taxas regulamentadas ou vinculadas a recursos direcionados \u2014 a inadimpl\u00eancia alcan\u00e7ou 6,95%, enquanto 4,07% das carteiras registraram atrasos entre 15 e 90 dias, indicador considerado antecedente de eleva\u00e7\u00e3o na inadimpl\u00eancia consolidada.<\/p>\n\n\n\n<p>A proje\u00e7\u00e3o para o trimestre formado por mar\u00e7o, abril e maio refor\u00e7a a tend\u00eancia de deteriora\u00e7\u00e3o gradual. No total da carteira de cr\u00e9dito para pessoas f\u00edsicas, a inadimpl\u00eancia m\u00e9dia estimada \u00e9 de 5,41% em mar\u00e7o, 5,52% em abril e 5,59% em maio, podendo atingir 6,11% no limite superior do intervalo. Nas opera\u00e7\u00f5es com recursos livres, o avan\u00e7o \u00e9 mais expressivo, com m\u00e9dias projetadas de 7,07% em mar\u00e7o, 7,22% em abril e 7,34% em maio, podendo alcan\u00e7ar 7,96% em um cen\u00e1rio mais adverso.<\/p>\n\n\n\n<p>Segundo Claudio Felisoni, presidente do IBEVAR e professor da FIA Business School, o aumento recente dos indicadores de atraso sugere que a inadimpl\u00eancia tende a se posicionar entre a m\u00e9dia projetada e o limite superior do intervalo estimado j\u00e1 em mar\u00e7o. Para ele, o movimento reflete o impacto acumulado de condi\u00e7\u00f5es financeiras mais restritivas, maior comprometimento de renda e dificuldades persistentes no equil\u00edbrio das finan\u00e7as familiares.<\/p>\n\n\n\n<hr class=\"wp-block-separator has-alpha-channel-opacity\"\/>\n","protected":false},"excerpt":{"rendered":"<p>A inadimpl\u00eancia das pessoas f\u00edsicas no Brasil deve manter trajet\u00f3ria de alta nos pr\u00f3ximos meses, segundo proje\u00e7\u00e3o elaborada pelo IBEVAR-FIA Business School. O estudo aponta avan\u00e7o mais intenso nas opera\u00e7\u00f5es de cr\u00e9dito com recursos livres e indica que o indicador pode atingir novo pico ao longo do segundo trimestre de 2026. De acordo com a [&hellip;]<\/p>\n","protected":false},"author":1,"featured_media":15690,"comment_status":"closed","ping_status":"open","sticky":false,"template":"","format":"standard","meta":{"tdm_status":"","tdm_grid_status":"","footnotes":""},"categories":[153],"tags":[410],"class_list":["post-15689","post","type-post","status-publish","format-standard","has-post-thumbnail","hentry","category-noticias","tag-inadimplencia"],"amp_enabled":true,"_links":{"self":[{"href":"https:\/\/sincomavi.org.br\/index.php?rest_route=\/wp\/v2\/posts\/15689","targetHints":{"allow":["GET"]}}],"collection":[{"href":"https:\/\/sincomavi.org.br\/index.php?rest_route=\/wp\/v2\/posts"}],"about":[{"href":"https:\/\/sincomavi.org.br\/index.php?rest_route=\/wp\/v2\/types\/post"}],"author":[{"embeddable":true,"href":"https:\/\/sincomavi.org.br\/index.php?rest_route=\/wp\/v2\/users\/1"}],"replies":[{"embeddable":true,"href":"https:\/\/sincomavi.org.br\/index.php?rest_route=%2Fwp%2Fv2%2Fcomments&post=15689"}],"version-history":[{"count":1,"href":"https:\/\/sincomavi.org.br\/index.php?rest_route=\/wp\/v2\/posts\/15689\/revisions"}],"predecessor-version":[{"id":15691,"href":"https:\/\/sincomavi.org.br\/index.php?rest_route=\/wp\/v2\/posts\/15689\/revisions\/15691"}],"wp:featuredmedia":[{"embeddable":true,"href":"https:\/\/sincomavi.org.br\/index.php?rest_route=\/wp\/v2\/media\/15690"}],"wp:attachment":[{"href":"https:\/\/sincomavi.org.br\/index.php?rest_route=%2Fwp%2Fv2%2Fmedia&parent=15689"}],"wp:term":[{"taxonomy":"category","embeddable":true,"href":"https:\/\/sincomavi.org.br\/index.php?rest_route=%2Fwp%2Fv2%2Fcategories&post=15689"},{"taxonomy":"post_tag","embeddable":true,"href":"https:\/\/sincomavi.org.br\/index.php?rest_route=%2Fwp%2Fv2%2Ftags&post=15689"}],"curies":[{"name":"wp","href":"https:\/\/api.w.org\/{rel}","templated":true}]}}