{"id":15665,"date":"2026-03-12T13:34:00","date_gmt":"2026-03-12T16:34:00","guid":{"rendered":"https:\/\/sincomavi.org.br\/?p=15665"},"modified":"2026-03-12T10:18:50","modified_gmt":"2026-03-12T13:18:50","slug":"projecoes-indicam-desaceleracao-do-comercio-no-inicio-de-2026","status":"publish","type":"post","link":"https:\/\/sincomavi.org.br\/?p=15665","title":{"rendered":"Proje\u00e7\u00f5es indicam desacelera\u00e7\u00e3o do com\u00e9rcio no in\u00edcio de 2026"},"content":{"rendered":"\n<hr class=\"wp-block-separator has-alpha-channel-opacity\"\/>\n\n\n<div class=\"wp-block-post-date\"><time datetime=\"2026-03-12T13:34:00-03:00\">12 de mar\u00e7o de 2026<\/time><\/div>\n\n\n<p>O varejo brasileiro iniciou 2026 em um ambiente de desacelera\u00e7\u00e3o e desempenho desigual entre os diferentes segmentos do com\u00e9rcio. Proje\u00e7\u00e3o elaborada pelo Instituto Brasileiro de Executivos de Varejo e Mercado de Consumo (IBEVAR) em parceria com a FIA Business School aponta que o primeiro semestre deve ser marcado por oscila\u00e7\u00f5es moderadas no varejo restrito e retra\u00e7\u00e3o no varejo ampliado, sobretudo em atividades mais dependentes de cr\u00e9dito e renda.<\/p>\n\n\n\n<p>De acordo com o estudo, o varejo restrito deve apresentar varia\u00e7\u00e3o negativa de -0,21% em mar\u00e7o na compara\u00e7\u00e3o com fevereiro e queda de -0,29% em rela\u00e7\u00e3o ao mesmo m\u00eas de 2025. Ainda assim, o segmento mant\u00e9m crescimento acumulado de 0,55% no ano e alta de 1,17% em 12 meses. Para abril e maio, a expectativa \u00e9 de estabilidade, com pequenas varia\u00e7\u00f5es positivas e ritmo moderado de expans\u00e3o.<\/p>\n\n\n\n<p>O varejo ampliado, que inclui segmentos mais sens\u00edveis ao financiamento, enfrenta cen\u00e1rio mais desafiador. A proje\u00e7\u00e3o indica retra\u00e7\u00e3o de -1,94% em mar\u00e7o frente a fevereiro e queda de -3,73% na compara\u00e7\u00e3o anual. O indicador deve continuar negativo em abril, com recuo de -1,40% na margem e -3,07% em rela\u00e7\u00e3o ao mesmo m\u00eas de 2025. Apenas em maio surge uma rea\u00e7\u00e3o pontual de 1,56% frente a abril, embora ainda com desempenho anual negativo.<\/p>\n\n\n\n<p>A an\u00e1lise setorial revela contrastes importantes. Os segmentos de artigos farmac\u00eauticos, m\u00e9dicos, ortop\u00e9dicos, de perfumaria e cosm\u00e9ticos seguem como destaque positivo, com crescimento interanual de 4,43% em mar\u00e7o e acumulado de 5,48% no ano. Supermercados e hipermercados tamb\u00e9m mant\u00eam trajet\u00f3ria resiliente, com alta de 0,79% em rela\u00e7\u00e3o a mar\u00e7o de 2025 e avan\u00e7o de 1,08% no acumulado do ano.<\/p>\n\n\n\n<h2 class=\"wp-block-heading\">Material de Constru\u00e7\u00e3o e inform\u00e1tica<\/h2>\n\n\n\n<p>Entre os segmentos com maior press\u00e3o est\u00e1 o com\u00e9rcio de material de constru\u00e7\u00e3o, que registra retra\u00e7\u00e3o de -7,41% na compara\u00e7\u00e3o interanual de mar\u00e7o e queda acumulada de -5,51% no ano. Tamb\u00e9m apresentam desempenho negativo os setores de ve\u00edculos, motos, partes e pe\u00e7as (-3,96%) e m\u00f3veis e eletrodom\u00e9sticos (-0,79%). Em sentido oposto, equipamentos e materiais para escrit\u00f3rio, inform\u00e1tica e comunica\u00e7\u00e3o avan\u00e7am 13,71% frente a mar\u00e7o de 2025 e acumulam alta de 16,10% no ano.<\/p>\n\n\n\n<p>Segundo Claudio Felisoni, presidente do IBEVAR e professor da FIA Business School, o cen\u00e1rio indica um consumo mais seletivo por parte das fam\u00edlias. De acordo com Claudio, itens essenciais e produtos vinculados \u00e0 tecnologia tendem a manter melhor desempenho, enquanto bens dur\u00e1veis e segmentos dependentes de financiamento enfrentam maior volatilidade, exigindo das empresas gest\u00e3o rigorosa de estoques, pol\u00edtica comercial mais assertiva e monitoramento constante da demanda.<\/p>\n\n\n\n<hr class=\"wp-block-separator has-alpha-channel-opacity\"\/>\n","protected":false},"excerpt":{"rendered":"<p>O varejo brasileiro iniciou 2026 em um ambiente de desacelera\u00e7\u00e3o e desempenho desigual entre os diferentes segmentos do com\u00e9rcio. Proje\u00e7\u00e3o elaborada pelo Instituto Brasileiro de Executivos de Varejo e Mercado de Consumo (IBEVAR) em parceria com a FIA Business School aponta que o primeiro semestre deve ser marcado por oscila\u00e7\u00f5es moderadas no varejo restrito e [&hellip;]<\/p>\n","protected":false},"author":1,"featured_media":15666,"comment_status":"closed","ping_status":"open","sticky":false,"template":"","format":"standard","meta":{"tdm_status":"","tdm_grid_status":"","footnotes":""},"categories":[153],"tags":[199,156,632,620,200,75],"class_list":["post-15665","post","type-post","status-publish","format-standard","has-post-thumbnail","hentry","category-noticias","tag-comercio","tag-economia","tag-estudo-setorial","tag-levantamento","tag-varejo","tag-vendas"],"amp_enabled":true,"_links":{"self":[{"href":"https:\/\/sincomavi.org.br\/index.php?rest_route=\/wp\/v2\/posts\/15665","targetHints":{"allow":["GET"]}}],"collection":[{"href":"https:\/\/sincomavi.org.br\/index.php?rest_route=\/wp\/v2\/posts"}],"about":[{"href":"https:\/\/sincomavi.org.br\/index.php?rest_route=\/wp\/v2\/types\/post"}],"author":[{"embeddable":true,"href":"https:\/\/sincomavi.org.br\/index.php?rest_route=\/wp\/v2\/users\/1"}],"replies":[{"embeddable":true,"href":"https:\/\/sincomavi.org.br\/index.php?rest_route=%2Fwp%2Fv2%2Fcomments&post=15665"}],"version-history":[{"count":1,"href":"https:\/\/sincomavi.org.br\/index.php?rest_route=\/wp\/v2\/posts\/15665\/revisions"}],"predecessor-version":[{"id":15667,"href":"https:\/\/sincomavi.org.br\/index.php?rest_route=\/wp\/v2\/posts\/15665\/revisions\/15667"}],"wp:featuredmedia":[{"embeddable":true,"href":"https:\/\/sincomavi.org.br\/index.php?rest_route=\/wp\/v2\/media\/15666"}],"wp:attachment":[{"href":"https:\/\/sincomavi.org.br\/index.php?rest_route=%2Fwp%2Fv2%2Fmedia&parent=15665"}],"wp:term":[{"taxonomy":"category","embeddable":true,"href":"https:\/\/sincomavi.org.br\/index.php?rest_route=%2Fwp%2Fv2%2Fcategories&post=15665"},{"taxonomy":"post_tag","embeddable":true,"href":"https:\/\/sincomavi.org.br\/index.php?rest_route=%2Fwp%2Fv2%2Ftags&post=15665"}],"curies":[{"name":"wp","href":"https:\/\/api.w.org\/{rel}","templated":true}]}}