{"id":15662,"date":"2026-03-12T10:12:31","date_gmt":"2026-03-12T13:12:31","guid":{"rendered":"https:\/\/sincomavi.org.br\/?p=15662"},"modified":"2026-03-12T10:12:32","modified_gmt":"2026-03-12T13:12:32","slug":"empresarios-defendem-negociacao-coletiva-em-discussao-sobre-escala-6x1","status":"publish","type":"post","link":"https:\/\/sincomavi.org.br\/?p=15662","title":{"rendered":"Empres\u00e1rios defendem negocia\u00e7\u00e3o coletiva em discuss\u00e3o sobre escala 6&#215;1"},"content":{"rendered":"\n<hr class=\"wp-block-separator has-alpha-channel-opacity\"\/>\n\n\n<div class=\"wp-block-post-date\"><time datetime=\"2026-03-12T10:12:31-03:00\">12 de mar\u00e7o de 2026<\/time><\/div>\n\n\n<p>Entidades do setor produtivo intensificaram, em Bras\u00edlia, a articula\u00e7\u00e3o com parlamentares para defender que eventuais mudan\u00e7as na jornada de trabalho no Brasil considerem as particularidades de cada atividade econ\u00f4mica e sejam tratadas por meio da negocia\u00e7\u00e3o coletiva. A posi\u00e7\u00e3o foi apresentada em encontros com frentes parlamentares e durante semin\u00e1rio promovido pela Frente Parlamentar Mista do Empreendedorismo (FPE), que discutiu propostas de emenda \u00e0 Constitui\u00e7\u00e3o que tratam do fim da escala 6&#215;1.<\/p>\n\n\n\n<p>Representando a Federa\u00e7\u00e3o do Com\u00e9rcio de Bens, Servi\u00e7os e Turismo do Estado de S\u00e3o Paulo (FecomercioSP), dirigentes da entidade destacaram que a redu\u00e7\u00e3o da jornada \u00e9 um debate leg\u00edtimo, mas que precisa ocorrer dentro do di\u00e1logo entre empresas e trabalhadores. A negocia\u00e7\u00e3o coletiva foi apontada como instrumento capaz de ajustar jornadas, escalas e condi\u00e7\u00f5es de trabalho conforme a realidade de cada setor.<\/p>\n\n\n\n<p>Durante os encontros, especialistas tamb\u00e9m ressaltaram que eventuais redu\u00e7\u00f5es na jornada deveriam ocorrer ap\u00f3s avan\u00e7os na produtividade. Dados apresentados no debate indicam que a produtividade do trabalho no Brasil permanece inferior \u00e0 de economias desenvolvidas, o que refor\u00e7a a necessidade de melhorias em gest\u00e3o, infraestrutura, tecnologia e qualifica\u00e7\u00e3o profissional antes de mudan\u00e7as estruturais nas regras trabalhistas.<\/p>\n\n\n\n<p>Estudos da FecomercioSP indicam ainda que uma altera\u00e7\u00e3o abrupta na jornada, caso implementada por meio de legisla\u00e7\u00e3o sem negocia\u00e7\u00e3o setorial, poderia elevar o custo do trabalho em at\u00e9 22%. Esse impacto seria particularmente sens\u00edvel para micro, pequenas e m\u00e9dias empresas, respons\u00e1veis por grande parte da gera\u00e7\u00e3o de empregos formais no Pa\u00eds.<\/p>\n\n\n\n<p>O debate tamb\u00e9m considera os poss\u00edveis efeitos econ\u00f4micos e sociais da medida. Entidades empresariais alertam que mudan\u00e7as sem an\u00e1lise t\u00e9cnica aprofundada podem gerar redu\u00e7\u00e3o de vagas formais, aumento de custos operacionais e repasses de pre\u00e7os ao consumidor, al\u00e9m de ampliar riscos de informalidade no mercado de trabalho.<\/p>\n\n\n\n<p>O Sincomavi integra esse movimento ao lado da FecomercioSP, defendendo os interesses do com\u00e9rcio varejista que representa. A entidade tamb\u00e9m refor\u00e7a que eventuais ajustes nas jornadas de trabalho devem ser discutidos por meio das Conven\u00e7\u00f5es Coletivas de Trabalho, mecanismo que permite negociar condi\u00e7\u00f5es adequadas \u00e0 realidade de cada segmento econ\u00f4mico.<\/p>\n\n\n\n<hr class=\"wp-block-separator has-alpha-channel-opacity\"\/>\n","protected":false},"excerpt":{"rendered":"<p>Entidades do setor produtivo intensificaram, em Bras\u00edlia, a articula\u00e7\u00e3o com parlamentares para defender que eventuais mudan\u00e7as na jornada de trabalho no Brasil considerem as particularidades de cada atividade econ\u00f4mica e sejam tratadas por meio da negocia\u00e7\u00e3o coletiva. A posi\u00e7\u00e3o foi apresentada em encontros com frentes parlamentares e durante semin\u00e1rio promovido pela Frente Parlamentar Mista do [&hellip;]<\/p>\n","protected":false},"author":1,"featured_media":15663,"comment_status":"closed","ping_status":"open","sticky":false,"template":"","format":"standard","meta":{"tdm_status":"","tdm_grid_status":"","footnotes":""},"categories":[153],"tags":[1714,199,1684,147,1719,200],"class_list":["post-15662","post","type-post","status-publish","format-standard","has-post-thumbnail","hentry","category-noticias","tag-6x1","tag-comercio","tag-convencoes-coletivas","tag-jornada-de-trabalho","tag-posicionamento","tag-varejo"],"amp_enabled":true,"_links":{"self":[{"href":"https:\/\/sincomavi.org.br\/index.php?rest_route=\/wp\/v2\/posts\/15662","targetHints":{"allow":["GET"]}}],"collection":[{"href":"https:\/\/sincomavi.org.br\/index.php?rest_route=\/wp\/v2\/posts"}],"about":[{"href":"https:\/\/sincomavi.org.br\/index.php?rest_route=\/wp\/v2\/types\/post"}],"author":[{"embeddable":true,"href":"https:\/\/sincomavi.org.br\/index.php?rest_route=\/wp\/v2\/users\/1"}],"replies":[{"embeddable":true,"href":"https:\/\/sincomavi.org.br\/index.php?rest_route=%2Fwp%2Fv2%2Fcomments&post=15662"}],"version-history":[{"count":1,"href":"https:\/\/sincomavi.org.br\/index.php?rest_route=\/wp\/v2\/posts\/15662\/revisions"}],"predecessor-version":[{"id":15664,"href":"https:\/\/sincomavi.org.br\/index.php?rest_route=\/wp\/v2\/posts\/15662\/revisions\/15664"}],"wp:featuredmedia":[{"embeddable":true,"href":"https:\/\/sincomavi.org.br\/index.php?rest_route=\/wp\/v2\/media\/15663"}],"wp:attachment":[{"href":"https:\/\/sincomavi.org.br\/index.php?rest_route=%2Fwp%2Fv2%2Fmedia&parent=15662"}],"wp:term":[{"taxonomy":"category","embeddable":true,"href":"https:\/\/sincomavi.org.br\/index.php?rest_route=%2Fwp%2Fv2%2Fcategories&post=15662"},{"taxonomy":"post_tag","embeddable":true,"href":"https:\/\/sincomavi.org.br\/index.php?rest_route=%2Fwp%2Fv2%2Ftags&post=15662"}],"curies":[{"name":"wp","href":"https:\/\/api.w.org\/{rel}","templated":true}]}}