{"id":15639,"date":"2026-03-11T14:45:00","date_gmt":"2026-03-11T17:45:00","guid":{"rendered":"https:\/\/sincomavi.org.br\/?p=15639"},"modified":"2026-03-11T09:45:41","modified_gmt":"2026-03-11T12:45:41","slug":"endividamento-atinge-70-das-familias-paulistanas-em-fevereiro","status":"publish","type":"post","link":"https:\/\/sincomavi.org.br\/?p=15639","title":{"rendered":"Endividamento atinge 70% das fam\u00edlias paulistanas em fevereiro"},"content":{"rendered":"\n<hr class=\"wp-block-separator has-alpha-channel-opacity\"\/>\n\n\n<div class=\"wp-block-post-date\"><time datetime=\"2026-03-11T14:45:00-03:00\">11 de mar\u00e7o de 2026<\/time><\/div>\n\n\n<p>A Pesquisa de Endividamento e Inadimpl\u00eancia do Consumidor (PEIC), elaborada pela Federa\u00e7\u00e3o do Com\u00e9rcio de Bens, Servi\u00e7os e Turismo do Estado de S\u00e3o Paulo (FecomercioSP), mostra que 70% das fam\u00edlias da cidade de S\u00e3o Paulo come\u00e7aram fevereiro com algum tipo de d\u00edvida. O porcentual representa cerca de 3,14 milh\u00f5es de lares e avan\u00e7ou em rela\u00e7\u00e3o aos 68,9% registrados em janeiro, movimento considerado sazonal diante das despesas t\u00edpicas do in\u00edcio do ano, como tributos, material escolar e reajustes de contratos.<\/p>\n\n\n\n<p>O levantamento aponta aumento do endividamento em todas as faixas de renda. Entre as fam\u00edlias que recebem at\u00e9 dez sal\u00e1rios m\u00ednimos, a taxa passou de 72,8% para 73,5%. J\u00e1 no grupo com renda superior a dez sal\u00e1rios m\u00ednimos, o indicador subiu de 57,6% para 59,8%. O cart\u00e3o de cr\u00e9dito permanece como a principal modalidade de d\u00edvida, citado por 78,7% das fam\u00edlias endividadas, seguido pelo financiamento imobili\u00e1rio (16,6%), cr\u00e9dito pessoal (12,4%) e financiamento de ve\u00edculos (10,6%).<\/p>\n\n\n\n<p>Apesar do avan\u00e7o do endividamento, o comprometimento m\u00e9dio da renda com d\u00edvidas recuou levemente para 27,2%, ante 27,5% em janeiro. O tempo m\u00e9dio de pagamento permanece est\u00e1vel em cerca de sete meses. Aproximadamente um ter\u00e7o das fam\u00edlias tem d\u00edvidas com prazo de at\u00e9 tr\u00eas meses, perfil associado ao uso do cart\u00e3o de cr\u00e9dito, enquanto pouco mais de um ter\u00e7o apresenta compromissos superiores a um ano, ligados principalmente a financiamentos imobili\u00e1rios e de ve\u00edculos.<\/p>\n\n\n\n<p>No campo da inadimpl\u00eancia, 20,4% das fam\u00edlias paulistanas relataram contas em atraso em fevereiro, o equivalente a cerca de 917 mil lares. O indicador havia sido de 19,9% em janeiro. O atraso m\u00e9dio chegou a 65,2 dias, com aumento da participa\u00e7\u00e3o de d\u00edvidas superiores a 90 dias, quadro que exige aten\u00e7\u00e3o por envolver encargos financeiros mais elevados e maior dificuldade de regulariza\u00e7\u00e3o.<\/p>\n\n\n\n<p>A parcela de fam\u00edlias que afirmam n\u00e3o ter condi\u00e7\u00f5es de quitar d\u00edvidas atrasadas ficou em 9%. Ainda assim, parte dos consumidores mant\u00e9m inten\u00e7\u00e3o de recorrer ao cr\u00e9dito: entre aqueles que pretendem contratar financiamento nos pr\u00f3ximos tr\u00eas meses, 81,2% planejam utilizar os recursos para consumo e 12,6% para pagamento de d\u00edvidas.<\/p>\n\n\n\n<p>No momento da compra, o PIX lidera como principal forma de pagamento, com 31% das prefer\u00eancias, seguido pelo cart\u00e3o de d\u00e9bito (23,5%) e pelo cart\u00e3o de cr\u00e9dito parcelado (22,2%). Na avalia\u00e7\u00e3o da FecomercioSP, o cen\u00e1rio econ\u00f4mico ainda apresenta fundamentos positivos, com infla\u00e7\u00e3o mais baixa e mercado de trabalho aquecido, o que indica que o aumento da inadimpl\u00eancia tende a ser pontual e associado \u00e0 sazonalidade do in\u00edcio do ano.<\/p>\n\n\n\n<hr class=\"wp-block-separator has-alpha-channel-opacity\"\/>\n","protected":false},"excerpt":{"rendered":"<p>A Pesquisa de Endividamento e Inadimpl\u00eancia do Consumidor (PEIC), elaborada pela Federa\u00e7\u00e3o do Com\u00e9rcio de Bens, Servi\u00e7os e Turismo do Estado de S\u00e3o Paulo (FecomercioSP), mostra que 70% das fam\u00edlias da cidade de S\u00e3o Paulo come\u00e7aram fevereiro com algum tipo de d\u00edvida. O porcentual representa cerca de 3,14 milh\u00f5es de lares e avan\u00e7ou em rela\u00e7\u00e3o [&hellip;]<\/p>\n","protected":false},"author":1,"featured_media":15640,"comment_status":"closed","ping_status":"open","sticky":false,"template":"","format":"standard","meta":{"tdm_status":"","tdm_grid_status":"","footnotes":""},"categories":[153],"tags":[199,1027,156,580,410,620,1171,160,200,75],"class_list":["post-15639","post","type-post","status-publish","format-standard","has-post-thumbnail","hentry","category-noticias","tag-comercio","tag-dividas","tag-economia","tag-fecomerciosp","tag-inadimplencia","tag-levantamento","tag-peic","tag-pesquisa","tag-varejo","tag-vendas"],"amp_enabled":true,"_links":{"self":[{"href":"https:\/\/sincomavi.org.br\/index.php?rest_route=\/wp\/v2\/posts\/15639","targetHints":{"allow":["GET"]}}],"collection":[{"href":"https:\/\/sincomavi.org.br\/index.php?rest_route=\/wp\/v2\/posts"}],"about":[{"href":"https:\/\/sincomavi.org.br\/index.php?rest_route=\/wp\/v2\/types\/post"}],"author":[{"embeddable":true,"href":"https:\/\/sincomavi.org.br\/index.php?rest_route=\/wp\/v2\/users\/1"}],"replies":[{"embeddable":true,"href":"https:\/\/sincomavi.org.br\/index.php?rest_route=%2Fwp%2Fv2%2Fcomments&post=15639"}],"version-history":[{"count":1,"href":"https:\/\/sincomavi.org.br\/index.php?rest_route=\/wp\/v2\/posts\/15639\/revisions"}],"predecessor-version":[{"id":15641,"href":"https:\/\/sincomavi.org.br\/index.php?rest_route=\/wp\/v2\/posts\/15639\/revisions\/15641"}],"wp:featuredmedia":[{"embeddable":true,"href":"https:\/\/sincomavi.org.br\/index.php?rest_route=\/wp\/v2\/media\/15640"}],"wp:attachment":[{"href":"https:\/\/sincomavi.org.br\/index.php?rest_route=%2Fwp%2Fv2%2Fmedia&parent=15639"}],"wp:term":[{"taxonomy":"category","embeddable":true,"href":"https:\/\/sincomavi.org.br\/index.php?rest_route=%2Fwp%2Fv2%2Fcategories&post=15639"},{"taxonomy":"post_tag","embeddable":true,"href":"https:\/\/sincomavi.org.br\/index.php?rest_route=%2Fwp%2Fv2%2Ftags&post=15639"}],"curies":[{"name":"wp","href":"https:\/\/api.w.org\/{rel}","templated":true}]}}