{"id":15635,"date":"2026-03-11T14:16:00","date_gmt":"2026-03-11T17:16:00","guid":{"rendered":"https:\/\/sincomavi.org.br\/?p=15635"},"modified":"2026-03-11T09:20:33","modified_gmt":"2026-03-11T12:20:33","slug":"jovens-priorizam-eficiencia-e-custos-previsiveis-na-escolha-do-imovel","status":"publish","type":"post","link":"https:\/\/sincomavi.org.br\/?p=15635","title":{"rendered":"Jovens priorizam efici\u00eancia e custos previs\u00edveis na escolha do im\u00f3vel"},"content":{"rendered":"\n<hr class=\"wp-block-separator has-alpha-channel-opacity\"\/>\n\n\n<div class=\"wp-block-post-date\"><time datetime=\"2026-03-11T14:16:00-03:00\">11 de mar\u00e7o de 2026<\/time><\/div>\n\n\n<p>O mercado imobili\u00e1rio brasileiro inicia 2026 com n\u00edveis elevados de inten\u00e7\u00e3o de compra, puxados principalmente por Millennials e pela Gera\u00e7\u00e3o Z. Levantamento da Brain Intelig\u00eancia Estrat\u00e9gica, em parceria com a Associa\u00e7\u00e3o Brasileira de Incorporadoras Imobili\u00e1rias (Abrainc), indica que 49% das fam\u00edlias manifestam interesse em adquirir um im\u00f3vel, com destaque para os mais jovens: 56% entre a Gera\u00e7\u00e3o Z (21\/28 anos) e 54% entre a Gera\u00e7\u00e3o Y (29\/44 anos). A decis\u00e3o de compra, por\u00e9m, vem acompanhada de maior racionalidade financeira. Custos de manuten\u00e7\u00e3o, despesas de condom\u00ednio e efici\u00eancia operacional do im\u00f3vel passaram a ter peso relevante na avalia\u00e7\u00e3o do investimento.<\/p>\n\n\n\n<p>Esse comportamento se relaciona diretamente com a eleva\u00e7\u00e3o do custo de vida e com o aumento das despesas ligadas \u00e0 moradia. Em 2025, enquanto o IPCA acumulou alta de 4,26%, os custos gerais de manuten\u00e7\u00e3o das habita\u00e7\u00f5es subiram 6,69%, com destaque para a energia el\u00e9trica, que avan\u00e7ou 12,31%. O cen\u00e1rio levou muitos compradores a priorizar im\u00f3veis com menor custo operacional, durabilidade estrutural e menor necessidade de reformas. A pesquisa tamb\u00e9m aponta que parte dos interessados ainda n\u00e3o iniciou a busca efetiva por receio de assumir ativos com despesas imprevis\u00edveis ao longo do tempo.<\/p>\n\n\n\n<p>Ao mesmo tempo, limita\u00e7\u00f5es de renda e de acesso ao cr\u00e9dito tamb\u00e9m influenciam as decis\u00f5es. Dados da pesquisa Retratos do Morar, da Ipsos-Ipec, mostram que 50% dos jovens da Gera\u00e7\u00e3o Z desejam comprar um im\u00f3vel, percentual superior \u00e0 m\u00e9dia nacional. No entanto, 47% afirmam n\u00e3o ter recursos para a entrada do financiamento, 30% citam os pre\u00e7os elevados e 21% apontam os juros como obst\u00e1culo. Nesse contexto, cresce a procura por unidades compactas, principalmente em \u00e1reas bem localizadas e com acesso a transporte e servi\u00e7os.<\/p>\n\n\n\n<p>A redu\u00e7\u00e3o da metragem n\u00e3o significa necessariamente perda de qualidade, mas exige projetos mais eficientes e funcionais. Arquitetos e incorporadoras t\u00eam buscado solu\u00e7\u00f5es que otimizem o uso do espa\u00e7o e reduzam custos de manuten\u00e7\u00e3o ao longo do tempo. Recursos como plantas flex\u00edveis, sistemas construtivos industrializados, automa\u00e7\u00e3o residencial e gest\u00e3o digital de condom\u00ednios passam a ser considerados parte da infraestrutura b\u00e1sica de moradia para parte desse p\u00fablico.<\/p>\n\n\n\n<h3 class=\"wp-block-heading\">Oportunidades<\/h3>\n\n\n\n<p>Para o com\u00e9rcio de materiais de constru\u00e7\u00e3o, o movimento abre novas oportunidades. A prefer\u00eancia por im\u00f3veis com menor custo operacional aumenta a relev\u00e2ncia de produtos ligados \u00e0 efici\u00eancia energ\u00e9tica, economia de \u00e1gua, durabilidade de materiais e redu\u00e7\u00e3o de manuten\u00e7\u00e3o. Sistemas hidr\u00e1ulicos e el\u00e9tricos mais eficientes, solu\u00e7\u00f5es de ilumina\u00e7\u00e3o econ\u00f4mica, revestimentos de maior resist\u00eancia e equipamentos que reduzem desperd\u00edcios tendem a ganhar espa\u00e7o nas decis\u00f5es de compra.<\/p>\n\n\n\n<p>Outra frente est\u00e1 relacionada \u00e0 adapta\u00e7\u00e3o a ambientes compactos. Apartamentos menores demandam solu\u00e7\u00f5es que facilitem a instala\u00e7\u00e3o, manuten\u00e7\u00e3o e otimiza\u00e7\u00e3o do espa\u00e7o. Ferragens funcionais, sistemas modulares, conex\u00f5es hidr\u00e1ulicas de montagem r\u00e1pida e produtos que simplifiquem pequenas reformas podem se tornar itens mais procurados por consumidores que buscam adaptar \u00e0 moradia \u00e0s suas necessidades sem elevar os custos.<\/p>\n\n\n\n<p>Al\u00e9m da oferta de produtos, existe a possibilidade do varejo ampliar sua atua\u00e7\u00e3o por meio de orienta\u00e7\u00e3o t\u00e9cnica ao consumidor. Informa\u00e7\u00f5es claras sobre durabilidade, consumo de energia e \u00e1gua, custos de manuten\u00e7\u00e3o e aplica\u00e7\u00f5es corretas ajudam o cliente a tomar decis\u00f5es mais seguras, especialmente em um cen\u00e1rio no qual o im\u00f3vel passa a ser analisado tamb\u00e9m como investimento de longo prazo.<\/p>\n\n\n\n<p>A digitaliza\u00e7\u00e3o do relacionamento tamb\u00e9m tende a ganhar import\u00e2ncia. A Gera\u00e7\u00e3o Z cresceu em ambientes digitais e costuma buscar informa\u00e7\u00f5es antes da compra. Conte\u00fados explicativos, demonstra\u00e7\u00f5es pr\u00e1ticas, comparativos de desempenho e atendimento por canais digitais podem fortalecer a rela\u00e7\u00e3o entre o varejo e esse p\u00fablico.<\/p>\n\n\n\n<p>O avan\u00e7o dessas tend\u00eancias indica que o setor imobili\u00e1rio passa por uma mudan\u00e7a na forma como os consumidores avaliam a moradia. Mais do que tamanho ou status, ganham relev\u00e2ncia fatores como efici\u00eancia, previsibilidade de gastos e funcionalidade. Para o com\u00e9rcio de material de constru\u00e7\u00e3o, compreender esse comportamento pode representar uma oportunidade de ampliar vendas ao oferecer solu\u00e7\u00f5es que ajudem o consumidor a manter o im\u00f3vel com custos controlados ao longo do tempo.<\/p>\n\n\n\n<hr class=\"wp-block-separator has-alpha-channel-opacity\"\/>\n","protected":false},"excerpt":{"rendered":"<p>O mercado imobili\u00e1rio brasileiro inicia 2026 com n\u00edveis elevados de inten\u00e7\u00e3o de compra, puxados principalmente por Millennials e pela Gera\u00e7\u00e3o Z. Levantamento da Brain Intelig\u00eancia Estrat\u00e9gica, em parceria com a Associa\u00e7\u00e3o Brasileira de Incorporadoras Imobili\u00e1rias (Abrainc), indica que 49% das fam\u00edlias manifestam interesse em adquirir um im\u00f3vel, com destaque para os mais jovens: 56% entre [&hellip;]<\/p>\n","protected":false},"author":1,"featured_media":15637,"comment_status":"closed","ping_status":"open","sticky":false,"template":"","format":"standard","meta":{"tdm_status":"","tdm_grid_status":"","footnotes":""},"categories":[153,1],"tags":[199,618,156,620,158,160,200,75],"class_list":["post-15635","post","type-post","status-publish","format-standard","has-post-thumbnail","hentry","category-noticias","category-sem-categoria","tag-comercio","tag-construcao-civil","tag-economia","tag-levantamento","tag-material-de-construcao","tag-pesquisa","tag-varejo","tag-vendas"],"amp_enabled":true,"_links":{"self":[{"href":"https:\/\/sincomavi.org.br\/index.php?rest_route=\/wp\/v2\/posts\/15635","targetHints":{"allow":["GET"]}}],"collection":[{"href":"https:\/\/sincomavi.org.br\/index.php?rest_route=\/wp\/v2\/posts"}],"about":[{"href":"https:\/\/sincomavi.org.br\/index.php?rest_route=\/wp\/v2\/types\/post"}],"author":[{"embeddable":true,"href":"https:\/\/sincomavi.org.br\/index.php?rest_route=\/wp\/v2\/users\/1"}],"replies":[{"embeddable":true,"href":"https:\/\/sincomavi.org.br\/index.php?rest_route=%2Fwp%2Fv2%2Fcomments&post=15635"}],"version-history":[{"count":2,"href":"https:\/\/sincomavi.org.br\/index.php?rest_route=\/wp\/v2\/posts\/15635\/revisions"}],"predecessor-version":[{"id":15638,"href":"https:\/\/sincomavi.org.br\/index.php?rest_route=\/wp\/v2\/posts\/15635\/revisions\/15638"}],"wp:featuredmedia":[{"embeddable":true,"href":"https:\/\/sincomavi.org.br\/index.php?rest_route=\/wp\/v2\/media\/15637"}],"wp:attachment":[{"href":"https:\/\/sincomavi.org.br\/index.php?rest_route=%2Fwp%2Fv2%2Fmedia&parent=15635"}],"wp:term":[{"taxonomy":"category","embeddable":true,"href":"https:\/\/sincomavi.org.br\/index.php?rest_route=%2Fwp%2Fv2%2Fcategories&post=15635"},{"taxonomy":"post_tag","embeddable":true,"href":"https:\/\/sincomavi.org.br\/index.php?rest_route=%2Fwp%2Fv2%2Ftags&post=15635"}],"curies":[{"name":"wp","href":"https:\/\/api.w.org\/{rel}","templated":true}]}}