{"id":15627,"date":"2026-03-11T08:59:00","date_gmt":"2026-03-11T11:59:00","guid":{"rendered":"https:\/\/sincomavi.org.br\/?p=15627"},"modified":"2026-03-11T08:08:35","modified_gmt":"2026-03-11T11:08:35","slug":"um-brasil-reune-analises-sobre-os-impasses-do-pais","status":"publish","type":"post","link":"https:\/\/sincomavi.org.br\/?p=15627","title":{"rendered":"UM BRASIL re\u00fane an\u00e1lises sobre os impasses do Pa\u00eds"},"content":{"rendered":"\n<hr class=\"wp-block-separator has-alpha-channel-opacity\"\/>\n\n\n<div class=\"wp-block-post-date\"><time datetime=\"2026-03-11T08:59:00-03:00\">11 de mar\u00e7o de 2026<\/time><\/div>\n\n\n<p>O Canal UM BRASIL lan\u00e7ou o livro Brasil, o pa\u00eds das contradi\u00e7\u00f5es, reunindo an\u00e1lises, percep\u00e7\u00f5es e propostas de especialistas que participaram das discuss\u00f5es promovidas pela iniciativa ao longo do \u00faltimo ano. A obra, em formato de e-book, \u00e9 a 12\u00aa publica\u00e7\u00e3o do projeto e consolida entrevistas, reportagens, artigos, cr\u00f4nicas e dados sobre diferentes aspectos da realidade brasileira.<\/p>\n\n\n<style>.kb-image15627_beb1a4-c6.kb-image-is-ratio-size, .kb-image15627_beb1a4-c6 .kb-image-is-ratio-size{max-width:234px;width:100%;}.wp-block-kadence-column > .kt-inside-inner-col > .kb-image15627_beb1a4-c6.kb-image-is-ratio-size, .wp-block-kadence-column > .kt-inside-inner-col > .kb-image15627_beb1a4-c6 .kb-image-is-ratio-size{align-self:unset;}.kb-image15627_beb1a4-c6 figure{max-width:234px;}.kb-image15627_beb1a4-c6 .image-is-svg, .kb-image15627_beb1a4-c6 .image-is-svg img{width:100%;}.kb-image15627_beb1a4-c6 .kb-image-has-overlay:after{opacity:0.3;}<\/style>\n<div class=\"wp-block-kadence-image kb-image15627_beb1a4-c6\"><figure class=\"alignleft size-full\"><img loading=\"lazy\" decoding=\"async\" width=\"584\" height=\"791\" src=\"https:\/\/sincomavi.org.br\/wp-content\/uploads\/2026\/03\/capa.jpg\" alt=\"\" class=\"kb-img wp-image-15628\" srcset=\"https:\/\/sincomavi.org.br\/wp-content\/uploads\/2026\/03\/capa.jpg 584w, https:\/\/sincomavi.org.br\/wp-content\/uploads\/2026\/03\/capa-221x300.jpg 221w, https:\/\/sincomavi.org.br\/wp-content\/uploads\/2026\/03\/capa-310x420.jpg 310w\" sizes=\"auto, (max-width: 584px) 100vw, 584px\" \/><\/figure><\/div>\n\n\n\n<p>Criado pela FecomercioSP, o canal re\u00fane especialistas para discutir temas estruturais do Pa\u00eds, como efici\u00eancia do Estado, inova\u00e7\u00e3o, abertura comercial e sustentabilidade. Segundo Guilherme Baroli, o objetivo da iniciativa \u00e9 apresentar diferentes perspectivas sobre decis\u00f5es p\u00fablicas, arranjos institucionais e fatores que influenciam as possibilidades de desenvolvimento do Brasil.<\/p>\n\n\n\n<p>Entre os participantes presentes na obra est\u00e3o o diplomata Andr\u00e9 Corr\u00eaa do Lago, o economista Bruno Funchal, o embaixador Rubens Barbosa e o professor Vitalino Canas, que analisam temas ligados \u00e0s rela\u00e7\u00f5es internacionais, produtividade e governan\u00e7a p\u00fablica. Tamb\u00e9m integram a publica\u00e7\u00e3o entrevistas com Izabella Teixeira, \u00c2ngela Pinhati, Graziella Testa e o antrop\u00f3logo Michel Alcoforado.<\/p>\n\n\n\n<p>No texto de abertura do livro, o presidente da FecomercioSP, Abram Szajman, e o vice-presidente da entidade, Ivo Dall\u2019Acqua Jr., destacam que o Pa\u00eds enfrenta desafios estruturais relacionados \u00e0 efici\u00eancia do Estado, ao desequil\u00edbrio fiscal e \u00e0 baixa produtividade. Para os autores, a combina\u00e7\u00e3o desses fatores contribui para um ambiente de incertezas e limita a capacidade de planejamento e de crescimento sustent\u00e1vel no longo prazo.<\/p>\n\n\n\n<p><strong>>> A edi\u00e7\u00e3o em formato de\u00a0<em>e-book<\/em>\u00a0pode ser acessada\u00a0<a href=\"https:\/\/feclink.fecomercio.net.br\/cl\/PWcu6\/Bef\/3c55\/IZNvVZ3-NAg\/BMNv\/M6X47RVhHt6\/1\/\" target=\"_blank\" rel=\"noreferrer noopener\">aqui<\/a>.<\/strong><\/p>\n\n\n\n<hr class=\"wp-block-separator has-alpha-channel-opacity\"\/>\n","protected":false},"excerpt":{"rendered":"<p>O Canal UM BRASIL lan\u00e7ou o livro Brasil, o pa\u00eds das contradi\u00e7\u00f5es, reunindo an\u00e1lises, percep\u00e7\u00f5es e propostas de especialistas que participaram das discuss\u00f5es promovidas pela iniciativa ao longo do \u00faltimo ano. A obra, em formato de e-book, \u00e9 a 12\u00aa publica\u00e7\u00e3o do projeto e consolida entrevistas, reportagens, artigos, cr\u00f4nicas e dados sobre diferentes aspectos da [&hellip;]<\/p>\n","protected":false},"author":1,"featured_media":15629,"comment_status":"closed","ping_status":"open","sticky":false,"template":"","format":"standard","meta":{"tdm_status":"","tdm_grid_status":"","footnotes":""},"categories":[153],"tags":[1329,1729],"class_list":["post-15627","post","type-post","status-publish","format-standard","has-post-thumbnail","hentry","category-noticias","tag-livro","tag-um-brasil"],"amp_enabled":true,"_links":{"self":[{"href":"https:\/\/sincomavi.org.br\/index.php?rest_route=\/wp\/v2\/posts\/15627","targetHints":{"allow":["GET"]}}],"collection":[{"href":"https:\/\/sincomavi.org.br\/index.php?rest_route=\/wp\/v2\/posts"}],"about":[{"href":"https:\/\/sincomavi.org.br\/index.php?rest_route=\/wp\/v2\/types\/post"}],"author":[{"embeddable":true,"href":"https:\/\/sincomavi.org.br\/index.php?rest_route=\/wp\/v2\/users\/1"}],"replies":[{"embeddable":true,"href":"https:\/\/sincomavi.org.br\/index.php?rest_route=%2Fwp%2Fv2%2Fcomments&post=15627"}],"version-history":[{"count":1,"href":"https:\/\/sincomavi.org.br\/index.php?rest_route=\/wp\/v2\/posts\/15627\/revisions"}],"predecessor-version":[{"id":15630,"href":"https:\/\/sincomavi.org.br\/index.php?rest_route=\/wp\/v2\/posts\/15627\/revisions\/15630"}],"wp:featuredmedia":[{"embeddable":true,"href":"https:\/\/sincomavi.org.br\/index.php?rest_route=\/wp\/v2\/media\/15629"}],"wp:attachment":[{"href":"https:\/\/sincomavi.org.br\/index.php?rest_route=%2Fwp%2Fv2%2Fmedia&parent=15627"}],"wp:term":[{"taxonomy":"category","embeddable":true,"href":"https:\/\/sincomavi.org.br\/index.php?rest_route=%2Fwp%2Fv2%2Fcategories&post=15627"},{"taxonomy":"post_tag","embeddable":true,"href":"https:\/\/sincomavi.org.br\/index.php?rest_route=%2Fwp%2Fv2%2Ftags&post=15627"}],"curies":[{"name":"wp","href":"https:\/\/api.w.org\/{rel}","templated":true}]}}