{"id":15482,"date":"2026-02-25T08:19:54","date_gmt":"2026-02-25T11:19:54","guid":{"rendered":"https:\/\/sincomavi.org.br\/?p=15482"},"modified":"2026-02-25T08:20:03","modified_gmt":"2026-02-25T11:20:03","slug":"estudo-aponta-que-emprego-e-inflacao-explicam-95-da-confianca-do-consumidor","status":"publish","type":"post","link":"https:\/\/sincomavi.org.br\/?p=15482","title":{"rendered":"Estudo aponta que emprego e infla\u00e7\u00e3o explicam 95% da confian\u00e7a do consumidor"},"content":{"rendered":"\n<hr class=\"wp-block-separator has-alpha-channel-opacity\"\/>\n\n\n<div class=\"wp-block-post-date\"><time datetime=\"2026-02-25T08:19:54-03:00\">25 de fevereiro de 2026<\/time><\/div>\n\n\n<p>Levantamento do IBEVAR \u2013 FIA Business School indica que emprego e infla\u00e7\u00e3o respondem por 95% das varia\u00e7\u00f5es do \u00cdndice de Confian\u00e7a do Consumidor (ICC) no Brasil, com efeitos distintos no curto e no longo prazo.<\/p>\n\n\n\n<p>O modelo econom\u00e9trico foi estimado a partir de s\u00e9ries temporais entre mar\u00e7o de 2012 e novembro de 2025. O per\u00edodo de 2021 a 2025, marcado por forte aperto monet\u00e1rio, teve destaque na an\u00e1lise. Nesse intervalo, a taxa Selic passou de 2% ao ano, em janeiro de 2021, para 13,25% ao ano em janeiro de 2025, alcan\u00e7ando 15% em janeiro de 2026. A estrat\u00e9gia contribuiu para a redu\u00e7\u00e3o do IPCA de 7,65% em 2021 para 4,06% em 2025. No mesmo per\u00edodo, o saldo de empregos formais recuou 54%, de 2,78 milh\u00f5es para 1,27 milh\u00e3o de vagas.<\/p>\n\n\n\n<p>De acordo com o estudo, 65% das oscila\u00e7\u00f5es do ICC s\u00e3o explicadas pelo n\u00edvel de emprego, 30% pelas varia\u00e7\u00f5es da infla\u00e7\u00e3o e 5% por outros fatores.<\/p>\n\n\n\n<p>No curto prazo, o mercado de trabalho exerce impacto mais intenso. A cada aumento de 1 ponto percentual no emprego, a confian\u00e7a sobe 2,45 pontos percentuais. J\u00e1 a infla\u00e7\u00e3o produz efeito negativo imediato mais moderado: alta de 1 ponto percentual reduz a confian\u00e7a em 0,6 ponto.<\/p>\n\n\n\n<p>No longo prazo, entretanto, a infla\u00e7\u00e3o apresenta efeito acumulado mais severo. Segundo o levantamento, aumento de 1 ponto percentual na infla\u00e7\u00e3o provoca queda de 3,67 pontos percentuais na confian\u00e7a. O impacto total das varia\u00e7\u00f5es econ\u00f4micas pode levar at\u00e9 39 meses para se materializar integralmente.<\/p>\n\n\n\n<p>Para Claudio Felisoni, presidente do IBEVAR e professor da FIA Business School, \u201co emprego \u00e9 o principal determinante do humor do consumidor no curto prazo, por\u00e9m a estabilidade de pre\u00e7os \u00e9 condi\u00e7\u00e3o essencial para sustentar a confian\u00e7a ao longo do tempo\u201d.<\/p>\n\n\n\n<p>Segundo Claudio, \u201co estudo contribui para o debate sobre pol\u00edtica econ\u00f4mica ao demonstrar que crescimento do mercado de trabalho gera al\u00edvio imediato, mas o controle da infla\u00e7\u00e3o \u00e9 fundamental para consolidar expectativas positivas de forma duradoura\u201d.<\/p>\n\n\n\n<hr class=\"wp-block-separator has-alpha-channel-opacity\"\/>\n","protected":false},"excerpt":{"rendered":"<p>Levantamento do IBEVAR \u2013 FIA Business School indica que emprego e infla\u00e7\u00e3o respondem por 95% das varia\u00e7\u00f5es do \u00cdndice de Confian\u00e7a do Consumidor (ICC) no Brasil, com efeitos distintos no curto e no longo prazo. O modelo econom\u00e9trico foi estimado a partir de s\u00e9ries temporais entre mar\u00e7o de 2012 e novembro de 2025. O per\u00edodo [&hellip;]<\/p>\n","protected":false},"author":1,"featured_media":15483,"comment_status":"closed","ping_status":"open","sticky":false,"template":"","format":"standard","meta":{"tdm_status":"","tdm_grid_status":"","footnotes":""},"categories":[153],"tags":[199,156,53,1191,620,160,203,200],"class_list":["post-15482","post","type-post","status-publish","format-standard","has-post-thumbnail","hentry","category-noticias","tag-comercio","tag-economia","tag-emprego","tag-juros","tag-levantamento","tag-pesquisa","tag-selic","tag-varejo"],"amp_enabled":true,"_links":{"self":[{"href":"https:\/\/sincomavi.org.br\/index.php?rest_route=\/wp\/v2\/posts\/15482","targetHints":{"allow":["GET"]}}],"collection":[{"href":"https:\/\/sincomavi.org.br\/index.php?rest_route=\/wp\/v2\/posts"}],"about":[{"href":"https:\/\/sincomavi.org.br\/index.php?rest_route=\/wp\/v2\/types\/post"}],"author":[{"embeddable":true,"href":"https:\/\/sincomavi.org.br\/index.php?rest_route=\/wp\/v2\/users\/1"}],"replies":[{"embeddable":true,"href":"https:\/\/sincomavi.org.br\/index.php?rest_route=%2Fwp%2Fv2%2Fcomments&post=15482"}],"version-history":[{"count":1,"href":"https:\/\/sincomavi.org.br\/index.php?rest_route=\/wp\/v2\/posts\/15482\/revisions"}],"predecessor-version":[{"id":15484,"href":"https:\/\/sincomavi.org.br\/index.php?rest_route=\/wp\/v2\/posts\/15482\/revisions\/15484"}],"wp:featuredmedia":[{"embeddable":true,"href":"https:\/\/sincomavi.org.br\/index.php?rest_route=\/wp\/v2\/media\/15483"}],"wp:attachment":[{"href":"https:\/\/sincomavi.org.br\/index.php?rest_route=%2Fwp%2Fv2%2Fmedia&parent=15482"}],"wp:term":[{"taxonomy":"category","embeddable":true,"href":"https:\/\/sincomavi.org.br\/index.php?rest_route=%2Fwp%2Fv2%2Fcategories&post=15482"},{"taxonomy":"post_tag","embeddable":true,"href":"https:\/\/sincomavi.org.br\/index.php?rest_route=%2Fwp%2Fv2%2Ftags&post=15482"}],"curies":[{"name":"wp","href":"https:\/\/api.w.org\/{rel}","templated":true}]}}