{"id":15457,"date":"2026-02-19T14:08:00","date_gmt":"2026-02-19T17:08:00","guid":{"rendered":"https:\/\/sincomavi.org.br\/?p=15457"},"modified":"2026-02-19T12:13:32","modified_gmt":"2026-02-19T15:13:32","slug":"familias-ampliam-confianca-e-intencao-de-consumo-em-janeiro","status":"publish","type":"post","link":"https:\/\/sincomavi.org.br\/?p=15457","title":{"rendered":"Fam\u00edlias ampliam confian\u00e7a e inten\u00e7\u00e3o de consumo em janeiro"},"content":{"rendered":"\n<hr class=\"wp-block-separator has-alpha-channel-opacity\"\/>\n\n\n<div class=\"wp-block-post-date\"><time datetime=\"2026-02-19T14:08:00-03:00\">19 de fevereiro de 2026<\/time><\/div>\n\n\n<p>As fam\u00edlias da capital paulista come\u00e7aram o ano mais dispostas a consumir. Dados da Federa\u00e7\u00e3o do Com\u00e9rcio de Bens, Servi\u00e7os e Turismo de S\u00e3o Paulo (FecomercioSP) mostram que a Inten\u00e7\u00e3o de Consumo das Fam\u00edlias (ICF) avan\u00e7ou 2,4% em rela\u00e7\u00e3o a dezembro e atingiu 115,4 pontos em janeiro. No mesmo per\u00edodo, o \u00cdndice de Confian\u00e7a do Consumidor (ICC) tamb\u00e9m registrou alta de 2,4%, alcan\u00e7ando 127,4 pontos.<\/p>\n\n\n\n<h2 class=\"wp-block-heading has-text-align-center\"><strong>Inten\u00e7\u00e3o de Consumo das Fam\u00edlias (ICF)<\/strong><br>S\u00e9rie Hist\u00f3rica \u2014 13 meses<\/h2>\n\n\n<style>.kb-image15457_208078-6a .kb-image-has-overlay:after{opacity:0.3;}<\/style>\n<div class=\"wp-block-kadence-image kb-image15457_208078-6a\"><figure class=\"aligncenter size-full\"><img loading=\"lazy\" decoding=\"async\" width=\"544\" height=\"297\" src=\"https:\/\/sincomavi.org.br\/wp-content\/uploads\/2026\/02\/fecom-conf.jpg\" alt=\"\" class=\"kb-img wp-image-15458\" srcset=\"https:\/\/sincomavi.org.br\/wp-content\/uploads\/2026\/02\/fecom-conf.jpg 544w, https:\/\/sincomavi.org.br\/wp-content\/uploads\/2026\/02\/fecom-conf-300x164.jpg 300w\" sizes=\"auto, (max-width: 544px) 100vw, 544px\" \/><\/figure><\/div>\n\n\n\n<p class=\"has-text-align-right\"><strong>Fonte: FecomercioSP<\/strong><\/p>\n\n\n\n<p>Segundo a Federa\u00e7\u00e3o, o desempenho reflete a continuidade da recupera\u00e7\u00e3o do consumo, mesmo em um cen\u00e1rio marcado por despesas t\u00edpicas de in\u00edcio de ano e juros elevados. A entidade destaca que a resili\u00eancia do mercado de trabalho, a maior estabilidade da renda e avan\u00e7os pontuais no acesso ao cr\u00e9dito sustentaram o resultado. Ainda assim, pondera que o ambiente macroecon\u00f4mico permanece cercado de incertezas, especialmente em raz\u00e3o do contexto eleitoral e de seus poss\u00edveis efeitos sobre a pol\u00edtica de juros.<\/p>\n\n\n\n<p>No recorte do ICF, a melhora foi impulsionada pelos indicadores de emprego atual, acesso ao cr\u00e9dito, n\u00edvel de consumo corrente e momento para compra de bens dur\u00e1veis. Entre as fam\u00edlias com renda de at\u00e9 dez sal\u00e1rios m\u00ednimos, o \u00edndice chegou a 114,2 pontos, com alta de 2,7% no m\u00eas e de 7,6% na compara\u00e7\u00e3o interanual. O grupo tende a responder de forma mais imediata \u00e0 evolu\u00e7\u00e3o da renda e das condi\u00e7\u00f5es de ocupa\u00e7\u00e3o, o que impacta diretamente a disposi\u00e7\u00e3o para consumir, sobretudo em segmentos de menor t\u00edquete m\u00e9dio.<\/p>\n\n\n\n<p>J\u00e1 entre as fam\u00edlias com renda superior a dez sal\u00e1rios m\u00ednimos, o indicador permaneceu em patamar elevado, em 118,7 pontos. A varia\u00e7\u00e3o mensal foi de 1,7%, enquanto, na compara\u00e7\u00e3o com janeiro do ano anterior, houve recuo de 4,2%, sinalizando postura mais cautelosa diante das condi\u00e7\u00f5es financeiras e do cen\u00e1rio macroecon\u00f4mico.<\/p>\n\n\n\n<p>No caso do ICC, o avan\u00e7o est\u00e1 associado ao al\u00edvio gradual das press\u00f5es inflacion\u00e1rias ao longo de 2025, reduzindo a percep\u00e7\u00e3o de perda do poder de compra. Entre as fam\u00edlias com renda inferior a dez sal\u00e1rios m\u00ednimos, o \u00edndice atingiu 125,3 pontos, com crescimento de 3,2% no m\u00eas e de 2,5% no ano. O \u00cdndice das Condi\u00e7\u00f5es Econ\u00f4micas Atuais (ICEA) desse grupo subiu 5,9% na margem e 4,9% em rela\u00e7\u00e3o ao mesmo per\u00edodo do ano anterior.<\/p>\n\n\n\n<p>Entre as fam\u00edlias com renda igual ou superior a dez sal\u00e1rios m\u00ednimos, o ICC alcan\u00e7ou 131,8 pontos e registrou alta de 4,6% na compara\u00e7\u00e3o interanual. No entanto, o ICEA recuou tanto no m\u00eas (-1,7%) quanto no ano (-1,5%), refletindo o impacto do cr\u00e9dito mais caro e dos juros ainda restritivos sobre decis\u00f5es de maior valor.<\/p>\n\n\n\n<p>No agregado, o ICEA chegou a 125,6 pontos, com eleva\u00e7\u00e3o de 3,3% no m\u00eas, enquanto o \u00cdndice de Expectativas (IEC) atingiu 128,6 pontos, com altas de 1,8% na margem e de 3,5% em 12 meses. Para a FecomercioSP, o cen\u00e1rio indica maior dinamismo em segmentos de menor t\u00edquete m\u00e9dio e bens essenciais, enquanto o consumo de dur\u00e1veis segue condicionado \u00e0 trajet\u00f3ria dos juros.<\/p>\n\n\n\n<hr class=\"wp-block-separator has-alpha-channel-opacity\"\/>\n","protected":false},"excerpt":{"rendered":"<p>As fam\u00edlias da capital paulista come\u00e7aram o ano mais dispostas a consumir. Dados da Federa\u00e7\u00e3o do Com\u00e9rcio de Bens, Servi\u00e7os e Turismo de S\u00e3o Paulo (FecomercioSP) mostram que a Inten\u00e7\u00e3o de Consumo das Fam\u00edlias (ICF) avan\u00e7ou 2,4% em rela\u00e7\u00e3o a dezembro e atingiu 115,4 pontos em janeiro. No mesmo per\u00edodo, o \u00cdndice de Confian\u00e7a do [&hellip;]<\/p>\n","protected":false},"author":1,"featured_media":15459,"comment_status":"closed","ping_status":"open","sticky":false,"template":"","format":"standard","meta":{"tdm_status":"","tdm_grid_status":"","footnotes":""},"categories":[153],"tags":[199,204,205,156,620,160,200,75],"class_list":["post-15457","post","type-post","status-publish","format-standard","has-post-thumbnail","hentry","category-noticias","tag-comercio","tag-confianca","tag-consumidor","tag-economia","tag-levantamento","tag-pesquisa","tag-varejo","tag-vendas"],"amp_enabled":true,"_links":{"self":[{"href":"https:\/\/sincomavi.org.br\/index.php?rest_route=\/wp\/v2\/posts\/15457","targetHints":{"allow":["GET"]}}],"collection":[{"href":"https:\/\/sincomavi.org.br\/index.php?rest_route=\/wp\/v2\/posts"}],"about":[{"href":"https:\/\/sincomavi.org.br\/index.php?rest_route=\/wp\/v2\/types\/post"}],"author":[{"embeddable":true,"href":"https:\/\/sincomavi.org.br\/index.php?rest_route=\/wp\/v2\/users\/1"}],"replies":[{"embeddable":true,"href":"https:\/\/sincomavi.org.br\/index.php?rest_route=%2Fwp%2Fv2%2Fcomments&post=15457"}],"version-history":[{"count":2,"href":"https:\/\/sincomavi.org.br\/index.php?rest_route=\/wp\/v2\/posts\/15457\/revisions"}],"predecessor-version":[{"id":15461,"href":"https:\/\/sincomavi.org.br\/index.php?rest_route=\/wp\/v2\/posts\/15457\/revisions\/15461"}],"wp:featuredmedia":[{"embeddable":true,"href":"https:\/\/sincomavi.org.br\/index.php?rest_route=\/wp\/v2\/media\/15459"}],"wp:attachment":[{"href":"https:\/\/sincomavi.org.br\/index.php?rest_route=%2Fwp%2Fv2%2Fmedia&parent=15457"}],"wp:term":[{"taxonomy":"category","embeddable":true,"href":"https:\/\/sincomavi.org.br\/index.php?rest_route=%2Fwp%2Fv2%2Fcategories&post=15457"},{"taxonomy":"post_tag","embeddable":true,"href":"https:\/\/sincomavi.org.br\/index.php?rest_route=%2Fwp%2Fv2%2Ftags&post=15457"}],"curies":[{"name":"wp","href":"https:\/\/api.w.org\/{rel}","templated":true}]}}