{"id":15450,"date":"2026-02-19T09:32:00","date_gmt":"2026-02-19T12:32:00","guid":{"rendered":"https:\/\/sincomavi.org.br\/?p=15450"},"modified":"2026-02-19T07:34:58","modified_gmt":"2026-02-19T10:34:58","slug":"projecoes-indicam-crescimento-moderado-do-varejo-no-inicio-de-2026","status":"publish","type":"post","link":"https:\/\/sincomavi.org.br\/?p=15450","title":{"rendered":"Proje\u00e7\u00f5es indicam crescimento moderado do varejo no in\u00edcio de 2026"},"content":{"rendered":"\n<hr class=\"wp-block-separator has-alpha-channel-opacity\"\/>\n\n\n<div class=\"wp-block-post-date\"><time datetime=\"2026-02-19T09:32:00-03:00\">19 de fevereiro de 2026<\/time><\/div>\n\n\n<p>Levantamento do IBEVAR-FIA Business School, com base na Pesquisa Mensal de Com\u00e9rcio do IBGE, aponta que o com\u00e9rcio brasileiro deve registrar expans\u00e3o moderada no primeiro trimestre de 2026, com desempenho desigual entre os segmentos do varejo restrito e do varejo ampliado.<\/p>\n\n\n\n<p>No varejo restrito, a varia\u00e7\u00e3o acumulada em 12 meses deve alcan\u00e7ar 1,70% em fevereiro, com leve desacelera\u00e7\u00e3o at\u00e9 abril, quando a proje\u00e7\u00e3o \u00e9 de 1,27%. Na compara\u00e7\u00e3o interanual, as estimativas indicam crescimento de 1,42% em fevereiro, 0,45% em mar\u00e7o e 0,75% em abril, sinalizando avan\u00e7o contido, por\u00e9m cont\u00ednuo.<\/p>\n\n\n\n<p>J\u00e1 o varejo ampliado, que inclui ve\u00edculos e material de constru\u00e7\u00e3o, apresenta maior volatilidade. Ap\u00f3s alta interanual de 1,36% em fevereiro, as proje\u00e7\u00f5es apontam retra\u00e7\u00e3o de 2,34% em mar\u00e7o e de 1,69% em abril, refletindo o impacto das condi\u00e7\u00f5es de cr\u00e9dito e do ambiente financeiro.<\/p>\n\n\n\n<h2 class=\"wp-block-heading\">Desempenho setorial<\/h2>\n\n\n\n<p>Entre os segmentos, artigos farmac\u00eauticos, m\u00e9dicos, ortop\u00e9dicos, perfumaria e cosm\u00e9ticos seguem como destaque, com crescimento interanual acima de 8% ao longo do trimestre e acumulado em 12 meses chegando a 6,70% em abril.<\/p>\n\n\n\n<p>Hipermercados, supermercados, produtos aliment\u00edcios, bebidas e fumo devem apresentar varia\u00e7\u00e3o interanual entre 0,42% e 0,67%, com acumulado em 12 meses pr\u00f3ximo de 0,3% a 1,0%. Tecidos, vestu\u00e1rio e cal\u00e7ados mant\u00eam trajet\u00f3ria positiva, com crescimento interanual entre 1,7% e 2,2% e acumulado em at\u00e9 1,44%.<\/p>\n\n\n\n<p>M\u00f3veis e eletrodom\u00e9sticos registram expans\u00e3o acima de 3,7% no acumulado de 12 meses, ainda que com oscila\u00e7\u00f5es mensais. Equipamentos e materiais para escrit\u00f3rio, inform\u00e1tica e comunica\u00e7\u00e3o apresentam crescimento interanual entre 3,5% e 4,7%, com acumulado superior a 3%.<\/p>\n\n\n\n<p>No varejo ampliado, o segmento de material de constru\u00e7\u00e3o apresenta retra\u00e7\u00e3o interanual ao longo do trimestre e acumulado negativo no ano e em 12 meses, indicando acomoda\u00e7\u00e3o ap\u00f3s ciclos anteriores de expans\u00e3o. Ve\u00edculos, motos, partes e pe\u00e7as mant\u00eam desempenho negativo, com quedas interanuais superiores a 3% e retra\u00e7\u00e3o acumulada em torno de 4%.<\/p>\n\n\n\n<p>Livros, jornais, revistas e papelaria seguem em trajet\u00f3ria de queda, com retra\u00e7\u00f5es interanuais superiores a 10% em mar\u00e7o e 17% em abril. Outros artigos de uso pessoal e dom\u00e9stico apresentam comportamento inst\u00e1vel, com acumulado positivo, por\u00e9m em desacelera\u00e7\u00e3o.<\/p>\n\n\n\n<p>Claudio Felisoni, presidente do IBEVAR e professor da FIA Business School, avalia que \u201cos resultados mostram um varejo que segue crescendo, mas de forma seletiva. O consumidor est\u00e1 mais cauteloso, priorizando gastos essenciais e adiando compras de maior valor, o que refor\u00e7a a import\u00e2ncia de estrat\u00e9gias mais focadas e eficientes por parte das empresas do setor\u201d.<\/p>\n\n\n\n<hr class=\"wp-block-separator has-alpha-channel-opacity\"\/>\n","protected":false},"excerpt":{"rendered":"<p>Levantamento do IBEVAR-FIA Business School, com base na Pesquisa Mensal de Com\u00e9rcio do IBGE, aponta que o com\u00e9rcio brasileiro deve registrar expans\u00e3o moderada no primeiro trimestre de 2026, com desempenho desigual entre os segmentos do varejo restrito e do varejo ampliado. No varejo restrito, a varia\u00e7\u00e3o acumulada em 12 meses deve alcan\u00e7ar 1,70% em fevereiro, [&hellip;]<\/p>\n","protected":false},"author":1,"featured_media":5931,"comment_status":"closed","ping_status":"open","sticky":false,"template":"","format":"standard","meta":{"tdm_status":"","tdm_grid_status":"","footnotes":""},"categories":[153],"tags":[199,156,620,158,160,200,75],"class_list":["post-15450","post","type-post","status-publish","format-standard","has-post-thumbnail","hentry","category-noticias","tag-comercio","tag-economia","tag-levantamento","tag-material-de-construcao","tag-pesquisa","tag-varejo","tag-vendas"],"amp_enabled":true,"_links":{"self":[{"href":"https:\/\/sincomavi.org.br\/index.php?rest_route=\/wp\/v2\/posts\/15450","targetHints":{"allow":["GET"]}}],"collection":[{"href":"https:\/\/sincomavi.org.br\/index.php?rest_route=\/wp\/v2\/posts"}],"about":[{"href":"https:\/\/sincomavi.org.br\/index.php?rest_route=\/wp\/v2\/types\/post"}],"author":[{"embeddable":true,"href":"https:\/\/sincomavi.org.br\/index.php?rest_route=\/wp\/v2\/users\/1"}],"replies":[{"embeddable":true,"href":"https:\/\/sincomavi.org.br\/index.php?rest_route=%2Fwp%2Fv2%2Fcomments&post=15450"}],"version-history":[{"count":1,"href":"https:\/\/sincomavi.org.br\/index.php?rest_route=\/wp\/v2\/posts\/15450\/revisions"}],"predecessor-version":[{"id":15451,"href":"https:\/\/sincomavi.org.br\/index.php?rest_route=\/wp\/v2\/posts\/15450\/revisions\/15451"}],"wp:featuredmedia":[{"embeddable":true,"href":"https:\/\/sincomavi.org.br\/index.php?rest_route=\/wp\/v2\/media\/5931"}],"wp:attachment":[{"href":"https:\/\/sincomavi.org.br\/index.php?rest_route=%2Fwp%2Fv2%2Fmedia&parent=15450"}],"wp:term":[{"taxonomy":"category","embeddable":true,"href":"https:\/\/sincomavi.org.br\/index.php?rest_route=%2Fwp%2Fv2%2Fcategories&post=15450"},{"taxonomy":"post_tag","embeddable":true,"href":"https:\/\/sincomavi.org.br\/index.php?rest_route=%2Fwp%2Fv2%2Ftags&post=15450"}],"curies":[{"name":"wp","href":"https:\/\/api.w.org\/{rel}","templated":true}]}}