{"id":15316,"date":"2026-02-02T08:49:00","date_gmt":"2026-02-02T11:49:00","guid":{"rendered":"https:\/\/sincomavi.org.br\/?p=15316"},"modified":"2026-02-02T07:54:18","modified_gmt":"2026-02-02T10:54:18","slug":"juros-elevados-pressionam-e-confianca-do-empresario-recua","status":"publish","type":"post","link":"https:\/\/sincomavi.org.br\/?p=15316","title":{"rendered":"Juros elevados pressionam e confian\u00e7a do empres\u00e1rio recua"},"content":{"rendered":"\n<hr class=\"wp-block-separator has-alpha-channel-opacity\"\/>\n\n\n<div class=\"wp-block-post-date\"><time datetime=\"2026-02-02T08:49:00-03:00\">2 de fevereiro de 2026<\/time><\/div>\n\n\n<p>O varejo brasileiro iniciou 2026 sob impacto direto do aperto monet\u00e1rio. \u00c9 o que mostra a primeira edi\u00e7\u00e3o do \u00cdndice de Confian\u00e7a do Empres\u00e1rio do Com\u00e9rcio (Icec) do ano, divulgada pela Confedera\u00e7\u00e3o Nacional do Com\u00e9rcio de Bens, Servi\u00e7os e Turismo. Embora o indicador geral registre avan\u00e7o na compara\u00e7\u00e3o mensal, a avalia\u00e7\u00e3o dos empres\u00e1rios sobre o momento econ\u00f4mico e do setor caiu 6,1% em janeiro frente ao mesmo per\u00edodo de 2025.<\/p>\n\n\n\n<p>A principal contribui\u00e7\u00e3o negativa veio da percep\u00e7\u00e3o sobre as condi\u00e7\u00f5es atuais da economia, que recuou 8,1% em base anual. De acordo com a CNC, o n\u00edvel elevado da taxa Selic encarece o cr\u00e9dito, limita o consumo e dificulta o planejamento de investimentos, afetando diretamente o desempenho do com\u00e9rcio.<\/p>\n\n\n\n<p>O impacto foi mais intenso no segmento de bens dur\u00e1veis, como eletrodom\u00e9sticos, eletr\u00f4nicos e ve\u00edculos, que apresentou o maior recuo anual na percep\u00e7\u00e3o dos empres\u00e1rios (-7,6%). Ainda assim, o relat\u00f3rio aponta uma postura de cautela estrat\u00e9gica do varejo, com decis\u00f5es de investimento sendo postergadas \u00e0 espera de uma melhora nas condi\u00e7\u00f5es financeiras, sustentada pela expectativa de redu\u00e7\u00e3o dos juros a partir do segundo trimestre.<\/p>\n\n\n\n<p>No curto prazo, o levantamento indica sinais moderados de resili\u00eancia. Descontados os efeitos sazonais, o Icec avan\u00e7ou 0,9% em janeiro em rela\u00e7\u00e3o a dezembro, alcan\u00e7ando 103,0 pontos, o maior n\u00edvel desde julho de 2025 e a terceira alta mensal consecutiva do indicador.<\/p>\n\n\n\n<p>Outros dados refor\u00e7am esse movimento gradual de recupera\u00e7\u00e3o, como o crescimento mensal de 1,8% na inten\u00e7\u00e3o de contrata\u00e7\u00e3o, o avan\u00e7o de 0,8% da Inten\u00e7\u00e3o de Consumo das Fam\u00edlias e a melhora anual da gest\u00e3o de estoques (+0,2%), sinalizando maior ajuste e planejamento por parte dos varejistas no in\u00edcio de 2026.<\/p>\n\n\n\n<hr class=\"wp-block-separator has-alpha-channel-opacity\"\/>\n","protected":false},"excerpt":{"rendered":"<p>O varejo brasileiro iniciou 2026 sob impacto direto do aperto monet\u00e1rio. \u00c9 o que mostra a primeira edi\u00e7\u00e3o do \u00cdndice de Confian\u00e7a do Empres\u00e1rio do Com\u00e9rcio (Icec) do ano, divulgada pela Confedera\u00e7\u00e3o Nacional do Com\u00e9rcio de Bens, Servi\u00e7os e Turismo. Embora o indicador geral registre avan\u00e7o na compara\u00e7\u00e3o mensal, a avalia\u00e7\u00e3o dos empres\u00e1rios sobre o [&hellip;]<\/p>\n","protected":false},"author":1,"featured_media":15317,"comment_status":"closed","ping_status":"open","sticky":false,"template":"","format":"standard","meta":{"tdm_status":"","tdm_grid_status":"","footnotes":""},"categories":[153],"tags":[288,199,204,156,855,620,160,200,75],"class_list":["post-15316","post","type-post","status-publish","format-standard","has-post-thumbnail","hentry","category-noticias","tag-cnc","tag-comercio","tag-confianca","tag-economia","tag-icec","tag-levantamento","tag-pesquisa","tag-varejo","tag-vendas"],"amp_enabled":true,"_links":{"self":[{"href":"https:\/\/sincomavi.org.br\/index.php?rest_route=\/wp\/v2\/posts\/15316","targetHints":{"allow":["GET"]}}],"collection":[{"href":"https:\/\/sincomavi.org.br\/index.php?rest_route=\/wp\/v2\/posts"}],"about":[{"href":"https:\/\/sincomavi.org.br\/index.php?rest_route=\/wp\/v2\/types\/post"}],"author":[{"embeddable":true,"href":"https:\/\/sincomavi.org.br\/index.php?rest_route=\/wp\/v2\/users\/1"}],"replies":[{"embeddable":true,"href":"https:\/\/sincomavi.org.br\/index.php?rest_route=%2Fwp%2Fv2%2Fcomments&post=15316"}],"version-history":[{"count":1,"href":"https:\/\/sincomavi.org.br\/index.php?rest_route=\/wp\/v2\/posts\/15316\/revisions"}],"predecessor-version":[{"id":15318,"href":"https:\/\/sincomavi.org.br\/index.php?rest_route=\/wp\/v2\/posts\/15316\/revisions\/15318"}],"wp:featuredmedia":[{"embeddable":true,"href":"https:\/\/sincomavi.org.br\/index.php?rest_route=\/wp\/v2\/media\/15317"}],"wp:attachment":[{"href":"https:\/\/sincomavi.org.br\/index.php?rest_route=%2Fwp%2Fv2%2Fmedia&parent=15316"}],"wp:term":[{"taxonomy":"category","embeddable":true,"href":"https:\/\/sincomavi.org.br\/index.php?rest_route=%2Fwp%2Fv2%2Fcategories&post=15316"},{"taxonomy":"post_tag","embeddable":true,"href":"https:\/\/sincomavi.org.br\/index.php?rest_route=%2Fwp%2Fv2%2Ftags&post=15316"}],"curies":[{"name":"wp","href":"https:\/\/api.w.org\/{rel}","templated":true}]}}