{"id":15311,"date":"2026-01-30T09:19:12","date_gmt":"2026-01-30T12:19:12","guid":{"rendered":"https:\/\/sincomavi.org.br\/?p=15311"},"modified":"2026-01-30T09:19:13","modified_gmt":"2026-01-30T12:19:13","slug":"confianca-do-comercio-sobe-em-janeiro-segundo-a-fgv","status":"publish","type":"post","link":"https:\/\/sincomavi.org.br\/?p=15311","title":{"rendered":"Confian\u00e7a do com\u00e9rcio sobe em janeiro, segundo a FGV"},"content":{"rendered":"\n<hr class=\"wp-block-separator has-alpha-channel-opacity\"\/>\n\n\n<div class=\"wp-block-post-date\"><time datetime=\"2026-01-30T09:19:12-03:00\">30 de janeiro de 2026<\/time><\/div>\n\n\n<p>Levantamento realizado pelo Instituto Brasileiro de Economia da Funda\u00e7\u00e3o Getulio Vargas (FGV IBRE) registrou um novo aumento na confian\u00e7a dos empres\u00e1rios brasileiros do com\u00e9rcio e servi\u00e7os em janeiro. No primeiro caso, a eleva\u00e7\u00e3o foi de 3,0 no indicador, que alcan\u00e7ou os 91,3 pontos no per\u00edodo. Em m\u00e9dias m\u00f3veis trimestrais, o \u00cdndice de Confian\u00e7a do Com\u00e9rcio (ICC) tamb\u00e9m contou com crescimento de 1,5 ponto, chegando aos 89,3 pontos.<\/p>\n\n\n\n<p>A economista Ge\u00f3rgia Veloso comenta que esse movimento favor\u00e1vel est\u00e1\u00a0 apoiado principalmente nas expectativas do com\u00e9rcio. \u201cA alta foi puxada pelo avan\u00e7o expressivo nas proje\u00e7\u00f5es de vendas para os pr\u00f3ximos meses, mostrando otimismo para o in\u00edcio de 2026\u201d, explica. No entanto, ela afirma que, apesar de ainda n\u00e3o estarem em zona de neutralidade, as avalia\u00e7\u00f5es sobre a demanda atual mostraram uma pequena recupera\u00e7\u00e3o, com alta pelo terceiro m\u00eas consecutivo. \u201cO varejo enfrentou um cen\u00e1rio morno em 2025, marcado por taxas de juros elevadas e alto endividamento das fam\u00edlias, quadro que se mant\u00e9m no in\u00edcio de 2026, sem expectativa de al\u00edvio da pol\u00edtica monet\u00e1ria no curto prazo\u201d, avalia. E complementa: \u201cAinda assim, os empres\u00e1rios se mostram otimistas diante de um mercado de trabalho que segue sustentando a renda\u201d.<\/p>\n\n\n\n<p>J\u00e1 o \u00cdndice de Confian\u00e7a de Servi\u00e7os (ICS), tamb\u00e9m medido pelo FGV IBRE, teve uma evolu\u00e7\u00e3o positiva de 0,6 ponto em janeiro. Com esse resultado, o indicador atingiu o patamar de 90,9 pontos &#8211;\u00a0 o maior desde maio de 2025 (91,8 pontos). Na m\u00e9dia m\u00f3vel trimestral, o \u00edndice cresceu 0,7 ponto, para 90,4 pontos.<\/p>\n\n\n\n<p>Segundo o economista St\u00e9fano Pacini,&nbsp; \u201cap\u00f3s um momento favor\u00e1vel no final do ano passado, o empres\u00e1rio inicia o ano mais otimista quanto ao futuro dos neg\u00f3cios, com destaque para o segmento de Servi\u00e7os de Transporte\u201d. Ele detalha ainda que as categorias \u201cInforma\u00e7\u00e3o e Comunica\u00e7\u00e3o\u201d e \u201cServi\u00e7os Profissionais\u201d enfrentam ajustes na demanda presente, mas seguem otimistas para o futuro. \u201cA melhora gradual da confian\u00e7a confirma a resposta favor\u00e1vel do setor ao cen\u00e1rio macroecon\u00f4mico desafiador\u201d, destaca. Para St\u00e9fano, ainda que o mercado de trabalho e o controle da infla\u00e7\u00e3o se apresentem como fatores econ\u00f4micos positivos, \u00e9 cedo para esperar grandes avan\u00e7os da atividade no curto prazo em virtude da restri\u00e7\u00e3o da pol\u00edtica monet\u00e1ria.<\/p>\n\n\n\n<hr class=\"wp-block-separator has-alpha-channel-opacity\"\/>\n","protected":false},"excerpt":{"rendered":"<p>Levantamento realizado pelo Instituto Brasileiro de Economia da Funda\u00e7\u00e3o Getulio Vargas (FGV IBRE) registrou um novo aumento na confian\u00e7a dos empres\u00e1rios brasileiros do com\u00e9rcio e servi\u00e7os em janeiro. No primeiro caso, a eleva\u00e7\u00e3o foi de 3,0 no indicador, que alcan\u00e7ou os 91,3 pontos no per\u00edodo. Em m\u00e9dias m\u00f3veis trimestrais, o \u00cdndice de Confian\u00e7a do Com\u00e9rcio [&hellip;]<\/p>\n","protected":false},"author":1,"featured_media":15312,"comment_status":"closed","ping_status":"open","sticky":false,"template":"","format":"standard","meta":{"tdm_status":"","tdm_grid_status":"","footnotes":""},"categories":[153],"tags":[199,204,156,754,885,1075,924,620,160,417,200,75],"class_list":["post-15311","post","type-post","status-publish","format-standard","has-post-thumbnail","hentry","category-noticias","tag-comercio","tag-confianca","tag-economia","tag-fgv-ibre","tag-icc","tag-indice-de-confianca-de-servicos","tag-indice-de-confianca-do-comercio","tag-levantamento","tag-pesquisa","tag-servicos","tag-varejo","tag-vendas"],"amp_enabled":true,"_links":{"self":[{"href":"https:\/\/sincomavi.org.br\/index.php?rest_route=\/wp\/v2\/posts\/15311","targetHints":{"allow":["GET"]}}],"collection":[{"href":"https:\/\/sincomavi.org.br\/index.php?rest_route=\/wp\/v2\/posts"}],"about":[{"href":"https:\/\/sincomavi.org.br\/index.php?rest_route=\/wp\/v2\/types\/post"}],"author":[{"embeddable":true,"href":"https:\/\/sincomavi.org.br\/index.php?rest_route=\/wp\/v2\/users\/1"}],"replies":[{"embeddable":true,"href":"https:\/\/sincomavi.org.br\/index.php?rest_route=%2Fwp%2Fv2%2Fcomments&post=15311"}],"version-history":[{"count":1,"href":"https:\/\/sincomavi.org.br\/index.php?rest_route=\/wp\/v2\/posts\/15311\/revisions"}],"predecessor-version":[{"id":15313,"href":"https:\/\/sincomavi.org.br\/index.php?rest_route=\/wp\/v2\/posts\/15311\/revisions\/15313"}],"wp:featuredmedia":[{"embeddable":true,"href":"https:\/\/sincomavi.org.br\/index.php?rest_route=\/wp\/v2\/media\/15312"}],"wp:attachment":[{"href":"https:\/\/sincomavi.org.br\/index.php?rest_route=%2Fwp%2Fv2%2Fmedia&parent=15311"}],"wp:term":[{"taxonomy":"category","embeddable":true,"href":"https:\/\/sincomavi.org.br\/index.php?rest_route=%2Fwp%2Fv2%2Fcategories&post=15311"},{"taxonomy":"post_tag","embeddable":true,"href":"https:\/\/sincomavi.org.br\/index.php?rest_route=%2Fwp%2Fv2%2Ftags&post=15311"}],"curies":[{"name":"wp","href":"https:\/\/api.w.org\/{rel}","templated":true}]}}