{"id":15298,"date":"2026-01-28T09:15:00","date_gmt":"2026-01-28T12:15:00","guid":{"rendered":"https:\/\/sincomavi.org.br\/?p=15298"},"modified":"2026-01-27T16:49:34","modified_gmt":"2026-01-27T19:49:34","slug":"inadimplencia-em-credito-livre-deve-avancar-no-inicio-de-2026","status":"publish","type":"post","link":"https:\/\/sincomavi.org.br\/?p=15298","title":{"rendered":"Inadimpl\u00eancia em cr\u00e9dito livre deve avan\u00e7ar no in\u00edcio de 2026"},"content":{"rendered":"\n<hr class=\"wp-block-separator has-alpha-channel-opacity\"\/>\n\n\n<div class=\"wp-block-post-date\"><time datetime=\"2026-01-28T09:15:00-03:00\">28 de janeiro de 2026<\/time><\/div>\n\n\n<p>As proje\u00e7\u00f5es para o mercado de cr\u00e9dito indicam um cen\u00e1rio de maior press\u00e3o sobre o or\u00e7amento das fam\u00edlias no in\u00edcio de 2026. Estudo divulgado pelo Instituto Brasileiro de Estudos de Varejo (IBEVAR) em parceria com a FIA Business School aponta que a taxa de inadimpl\u00eancia de pessoas f\u00edsicas em opera\u00e7\u00f5es de recursos livres dever\u00e1 ficar entre 6,10% e 6,83% em janeiro, com m\u00e9dia estimada de 6,47%. O resultado representa um aumento de 0,12 ponto percentual em rela\u00e7\u00e3o a novembro de 2025.<\/p>\n\n\n\n<p>De acordo com Claudio Felisoni, presidente do IBEVAR e professor da FIA Business School, o avan\u00e7o est\u00e1 relacionado n\u00e3o apenas ao ac\u00famulo de d\u00edvidas, mas tamb\u00e9m a um ambiente econ\u00f4mico mais restritivo, que compromete a capacidade de pagamento dos consumidores. A avalia\u00e7\u00e3o considera o impacto combinado de renda pressionada, cr\u00e9dito mais caro e maior seletividade das institui\u00e7\u00f5es financeiras.<\/p>\n\n\n\n<p>Metodologia da pesquisa<br>As proje\u00e7\u00f5es foram elaboradas a partir de modelo econom\u00e9trico baseado em s\u00e9ries temporais do Banco Central do Brasil, com dados a partir de abril de 2016. O indicador de inadimpl\u00eancia reflete a parcela da carteira de cr\u00e9dito do Sistema Financeiro Nacional com atrasos superiores a 90 dias, abrangendo tanto opera\u00e7\u00f5es de cr\u00e9dito livre quanto direcionado.<\/p>\n\n\n\n<p>Para janeiro de 2026, a inadimpl\u00eancia nos recursos livres dever\u00e1 se manter acima dos percentuais observados em carteiras tradicionais, o que acende um alerta sobre a situa\u00e7\u00e3o financeira de milh\u00f5es de brasileiros. Apesar de uma leve redu\u00e7\u00e3o nos atrasos registrada nos \u00faltimos meses, os pesquisadores avaliam que o \u00edndice tende a oscilar pr\u00f3ximo da m\u00e9dia projetada. O estudo conclui que o cen\u00e1rio exige aten\u00e7\u00e3o cont\u00ednua e a\u00e7\u00f5es coordenadas entre institui\u00e7\u00f5es financeiras e governo, com foco na recupera\u00e7\u00e3o econ\u00f4mica e no fortalecimento da educa\u00e7\u00e3o financeira.<\/p>\n\n\n\n<hr class=\"wp-block-separator has-alpha-channel-opacity\"\/>\n","protected":false},"excerpt":{"rendered":"<p>As proje\u00e7\u00f5es para o mercado de cr\u00e9dito indicam um cen\u00e1rio de maior press\u00e3o sobre o or\u00e7amento das fam\u00edlias no in\u00edcio de 2026. Estudo divulgado pelo Instituto Brasileiro de Estudos de Varejo (IBEVAR) em parceria com a FIA Business School aponta que a taxa de inadimpl\u00eancia de pessoas f\u00edsicas em opera\u00e7\u00f5es de recursos livres dever\u00e1 ficar [&hellip;]<\/p>\n","protected":false},"author":1,"featured_media":15299,"comment_status":"closed","ping_status":"open","sticky":false,"template":"","format":"standard","meta":{"tdm_status":"","tdm_grid_status":"","footnotes":""},"categories":[153],"tags":[199,156,1702,1498,410,620,160,200,75],"class_list":["post-15298","post","type-post","status-publish","format-standard","has-post-thumbnail","hentry","category-noticias","tag-comercio","tag-economia","tag-fia-business-school","tag-ibevar","tag-inadimplencia","tag-levantamento","tag-pesquisa","tag-varejo","tag-vendas"],"amp_enabled":true,"_links":{"self":[{"href":"https:\/\/sincomavi.org.br\/index.php?rest_route=\/wp\/v2\/posts\/15298","targetHints":{"allow":["GET"]}}],"collection":[{"href":"https:\/\/sincomavi.org.br\/index.php?rest_route=\/wp\/v2\/posts"}],"about":[{"href":"https:\/\/sincomavi.org.br\/index.php?rest_route=\/wp\/v2\/types\/post"}],"author":[{"embeddable":true,"href":"https:\/\/sincomavi.org.br\/index.php?rest_route=\/wp\/v2\/users\/1"}],"replies":[{"embeddable":true,"href":"https:\/\/sincomavi.org.br\/index.php?rest_route=%2Fwp%2Fv2%2Fcomments&post=15298"}],"version-history":[{"count":1,"href":"https:\/\/sincomavi.org.br\/index.php?rest_route=\/wp\/v2\/posts\/15298\/revisions"}],"predecessor-version":[{"id":15300,"href":"https:\/\/sincomavi.org.br\/index.php?rest_route=\/wp\/v2\/posts\/15298\/revisions\/15300"}],"wp:featuredmedia":[{"embeddable":true,"href":"https:\/\/sincomavi.org.br\/index.php?rest_route=\/wp\/v2\/media\/15299"}],"wp:attachment":[{"href":"https:\/\/sincomavi.org.br\/index.php?rest_route=%2Fwp%2Fv2%2Fmedia&parent=15298"}],"wp:term":[{"taxonomy":"category","embeddable":true,"href":"https:\/\/sincomavi.org.br\/index.php?rest_route=%2Fwp%2Fv2%2Fcategories&post=15298"},{"taxonomy":"post_tag","embeddable":true,"href":"https:\/\/sincomavi.org.br\/index.php?rest_route=%2Fwp%2Fv2%2Ftags&post=15298"}],"curies":[{"name":"wp","href":"https:\/\/api.w.org\/{rel}","templated":true}]}}